{"id":26073,"date":"2023-08-27T07:42:51","date_gmt":"2023-08-27T06:42:51","guid":{"rendered":"https:\/\/ostrowskatv.pl\/?p=26073"},"modified":"2023-08-27T07:42:51","modified_gmt":"2023-08-27T06:42:51","slug":"rozbil-auto-za-800-tys-zl","status":"publish","type":"post","link":"https:\/\/ostrowskatv.pl\/?p=26073","title":{"rendered":"Rozbi\u0142 auto za 800 tys. z\u0142"},"content":{"rendered":"<p><strong>O du\u017cym pechu mo\u017ce m\u00f3wi\u0107 w\u0142a\u015biciel \u015bwie\u017co kupionego audi RS e-tron GT wartego oko\u0142o 800 tys. z\u0142otych. Do zdarzenia dosz\u0142o na skrzy\u017cowaniu ulic Raszkowskiej i Dworcowej w Ostrowie Wielkopolskim.<\/strong><\/p>\n<p>Kierowca elektrycznego audi ruszy\u0142 na zielonym \u015bwietle. Z przeciwka nadje\u017cd\u017ca\u0142 volkswagen polo, kt\u00f3rego kierowca pomy\u015bla\u0142, \u017ce zd\u0105\u017cy przed &#8222;besti\u0105&#8221; potrafi\u0105c\u0105 si\u0119 rozp\u0119dzi\u0107 w 3,3 sekundy do setki.<\/p>\n<p>Audi w ostatnim momencie zacz\u0119\u0142o hamowa\u0107 i niewiele zabrak\u0142o by unikn\u0105\u0107 kolizji. Oba auta zosta\u0142y na tyle uszkodzone, \u017ce konieczne by\u0142o wezwanie lawet.<\/p>\n<p><img loading=\"lazy\" decoding=\"async\" src=\"https:\/\/ostrowskatv.pl\/wp-content\/uploads\/2023\/08\/1000043824-01.jpeg\" alt=\"\" width=\"1366\" height=\"769\" class=\"alignnone size-full wp-image-26074\" srcset=\"https:\/\/ostrowskatv.pl\/wp-content\/uploads\/2023\/08\/1000043824-01.jpeg 1366w, https:\/\/ostrowskatv.pl\/wp-content\/uploads\/2023\/08\/1000043824-01-300x169.jpeg 300w, https:\/\/ostrowskatv.pl\/wp-content\/uploads\/2023\/08\/1000043824-01-1333x750.jpeg 1333w\" sizes=\"auto, (max-width: 1366px) 100vw, 1366px\" \/><\/p>\n<p><img loading=\"lazy\" decoding=\"async\" src=\"https:\/\/ostrowskatv.pl\/wp-content\/uploads\/2023\/08\/1000043823-01.jpeg\" alt=\"\" width=\"1365\" height=\"783\" class=\"alignnone size-full wp-image-26075\" srcset=\"https:\/\/ostrowskatv.pl\/wp-content\/uploads\/2023\/08\/1000043823-01.jpeg 1365w, https:\/\/ostrowskatv.pl\/wp-content\/uploads\/2023\/08\/1000043823-01-300x172.jpeg 300w, https:\/\/ostrowskatv.pl\/wp-content\/uploads\/2023\/08\/1000043823-01-1333x765.jpeg 1333w\" sizes=\"auto, (max-width: 1365px) 100vw, 1365px\" \/><\/p>\n<p><img loading=\"lazy\" decoding=\"async\" src=\"https:\/\/ostrowskatv.pl\/wp-content\/uploads\/2023\/08\/1000043822-01.jpeg\" alt=\"\" width=\"1366\" height=\"697\" class=\"alignnone size-full wp-image-26076\" srcset=\"https:\/\/ostrowskatv.pl\/wp-content\/uploads\/2023\/08\/1000043822-01.jpeg 1366w, https:\/\/ostrowskatv.pl\/wp-content\/uploads\/2023\/08\/1000043822-01-300x153.jpeg 300w, https:\/\/ostrowskatv.pl\/wp-content\/uploads\/2023\/08\/1000043822-01-1333x680.jpeg 1333w\" sizes=\"auto, (max-width: 1366px) 100vw, 1366px\" \/><\/p>\n<p><img loading=\"lazy\" decoding=\"async\" src=\"https:\/\/ostrowskatv.pl\/wp-content\/uploads\/2023\/08\/1000043830-01.jpeg\" alt=\"\" width=\"1356\" height=\"1366\" class=\"alignnone size-full wp-image-26077\" srcset=\"https:\/\/ostrowskatv.pl\/wp-content\/uploads\/2023\/08\/1000043830-01.jpeg 1356w, https:\/\/ostrowskatv.pl\/wp-content\/uploads\/2023\/08\/1000043830-01-298x300.jpeg 298w, https:\/\/ostrowskatv.pl\/wp-content\/uploads\/2023\/08\/1000043830-01-1323x1333.jpeg 1323w, https:\/\/ostrowskatv.pl\/wp-content\/uploads\/2023\/08\/1000043830-01-150x150.jpeg 150w\" sizes=\"auto, (max-width: 1356px) 100vw, 1356px\" \/><\/p>\n<p><img loading=\"lazy\" decoding=\"async\" src=\"https:\/\/ostrowskatv.pl\/wp-content\/uploads\/2023\/08\/1000043828-01.jpeg\" alt=\"\" width=\"1366\" height=\"724\" class=\"alignnone size-full wp-image-26078\" srcset=\"https:\/\/ostrowskatv.pl\/wp-content\/uploads\/2023\/08\/1000043828-01.jpeg 1366w, https:\/\/ostrowskatv.pl\/wp-content\/uploads\/2023\/08\/1000043828-01-300x159.jpeg 300w, https:\/\/ostrowskatv.pl\/wp-content\/uploads\/2023\/08\/1000043828-01-1333x707.jpeg 1333w\" sizes=\"auto, (max-width: 1366px) 100vw, 1366px\" \/><\/p>\n","protected":false},"excerpt":{"rendered":"O du\u017cym pechu mo\u017ce m\u00f3wi\u0107 w\u0142a\u015biciel \u015bwie\u017co kupionego audi RS e-tron GT wartego oko\u0142o 800 tys. z\u0142otych. Do zdarzenia dosz\u0142o na skrzy\u017cowaniu ulic \n<a class=\"moretag\" href=\"https:\/\/ostrowskatv.pl\/?p=26073\"> [...]<\/a>","protected":false},"author":1,"featured_media":26075,"comment_status":"open","ping_status":"closed","sticky":false,"template":"","format":"standard","meta":{"footnotes":""},"categories":[1],"tags":[48],"class_list":["post-26073","post","type-post","status-publish","format-standard","has-post-thumbnail","hentry","category-news","tag-kolizja"],"_links":{"self":[{"href":"https:\/\/ostrowskatv.pl\/index.php?rest_route=\/wp\/v2\/posts\/26073","targetHints":{"allow":["GET"]}}],"collection":[{"href":"https:\/\/ostrowskatv.pl\/index.php?rest_route=\/wp\/v2\/posts"}],"about":[{"href":"https:\/\/ostrowskatv.pl\/index.php?rest_route=\/wp\/v2\/types\/post"}],"author":[{"embeddable":true,"href":"https:\/\/ostrowskatv.pl\/index.php?rest_route=\/wp\/v2\/users\/1"}],"replies":[{"embeddable":true,"href":"https:\/\/ostrowskatv.pl\/index.php?rest_route=%2Fwp%2Fv2%2Fcomments&post=26073"}],"version-history":[{"count":0,"href":"https:\/\/ostrowskatv.pl\/index.php?rest_route=\/wp\/v2\/posts\/26073\/revisions"}],"wp:featuredmedia":[{"embeddable":true,"href":"https:\/\/ostrowskatv.pl\/index.php?rest_route=\/wp\/v2\/media\/26075"}],"wp:attachment":[{"href":"https:\/\/ostrowskatv.pl\/index.php?rest_route=%2Fwp%2Fv2%2Fmedia&parent=26073"}],"wp:term":[{"taxonomy":"category","embeddable":true,"href":"https:\/\/ostrowskatv.pl\/index.php?rest_route=%2Fwp%2Fv2%2Fcategories&post=26073"},{"taxonomy":"post_tag","embeddable":true,"href":"https:\/\/ostrowskatv.pl\/index.php?rest_route=%2Fwp%2Fv2%2Ftags&post=26073"}],"curies":[{"name":"wp","href":"https:\/\/api.w.org\/{rel}","templated":true}]}}