{"id":26046,"date":"2023-08-25T11:18:25","date_gmt":"2023-08-25T10:18:25","guid":{"rendered":"https:\/\/ostrowskatv.pl\/?p=26046"},"modified":"2023-08-25T11:38:27","modified_gmt":"2023-08-25T10:38:27","slug":"zaprezentowali-kandydatow-z-psl-i-od-holowni","status":"publish","type":"post","link":"https:\/\/ostrowskatv.pl\/?p=26046","title":{"rendered":"Zaprezentowali kandydat\u00f3w z PSL i od Ho\u0142owni"},"content":{"rendered":"<p><strong>Na ostrowskim deptaku odby\u0142a si\u0119 prezentacja kandydat\u00f3w startuj\u0105cych w okr\u0119gu kalisko &#8211; leszczy\u0144skim. Liderami listy s\u0105 pose\u0142 Andrzej Grzyb (PSL) za nim znalaz\u0142a si\u0119 kaliszanka Barbara Oliwiecka, a trzeci Jaros\u0142aw Zielona z Leszna.<\/strong><\/p>\n<p>Z ostrowian na li\u015bcie Trzeciej Drogi znale\u017ali si\u0119 Dariusz Potasznik harcmistrz, startuj\u0105cy z numeru pi\u0105tego oraz Dariusz Perz, przedsi\u0119biorca z 30-letnim sta\u017cem, zajmuj\u0105cy si\u0119 usuwaniem azbestu. <\/p>\n<p>Jak podkre\u015blali kandydaci, warto\u015bci\u0105 wsp\u00f3ln\u0105 Trzeciej Drogi to po\u0142\u0105czenie dw\u00f3ch \u015brodowisk, kt\u00f3re w niekt\u00f3rych sprawach si\u0119 r\u00f3\u017cni\u0105, a w niekt\u00f3rych s\u0105 zbie\u017cni. Nie podano jednak przyk\u0142ad\u00f3w tych r\u00f3\u017cnic i podobie\u0144stw. <\/p>\n<p>Trzecia Droga chcia\u0142aby zaj\u0105\u0107 trzeci wynik, wyborczy. Od tego zale\u017cy jaka b\u0119dzie powyborcza koalicja. Nie startuj\u0105 przeciwko komukolwiek.<\/p>\n<p>Na li\u015bcie s\u0105 osoby z r\u00f3\u017cnych \u015brodowisk, szk\u00f3\u0142, biznesu czy polityki. Dariusz Potasznik uwa\u017ca, \u017ce powinno si\u0119 zmieni\u0107 tych polityk\u00f3w, kt\u00f3rzy polityk\u0119 traktuj\u0105 jako \u0142up. <\/p>\n<p>Dariusz Perz startuj\u0105cy z ostatniego miejsca przedstawi\u0142 konkretn\u0105 propozycj\u0119. Jego zdaniem to nie pracodawca powinien p\u0142aci\u0107 wynagrodzenie za pierwsze 30 dni choroby pracownika. W ko\u0144cu po co\u015b p\u0142aci si\u0119 ubezpieczenie zdrowotne w ZUS. <\/p>\n<p>Ich plan minimum to wywalczenie dw\u00f3ch mandat\u00f3w w okregu kalisko &#8211; leszczy\u0144skim.<\/p>\n<p>Na li\u015bcie nie znalaz\u0142 si\u0119 ostrowski radny Arkadiusz Sodkiewicz. Ponadto na li\u015bcie nie znale\u017ali si\u0119 lokalni dzia\u0142acze PSL Walkowscy. <\/p>\n<p>Przed konferencj\u0105 dwukrotnie upada\u0142 baner polityczny Polski 2050. Niekt\u00f3rzy mog\u0105 to odebra\u0107 jako prognoz\u0119 wyborcz\u0105. <\/p>\n<p><img loading=\"lazy\" decoding=\"async\" src=\"https:\/\/ostrowskatv.pl\/wp-content\/uploads\/2023\/08\/1000043458-01.jpeg\" alt=\"\" width=\"1365\" height=\"953\" class=\"alignnone size-full wp-image-26049\" srcset=\"https:\/\/ostrowskatv.pl\/wp-content\/uploads\/2023\/08\/1000043458-01.jpeg 1365w, https:\/\/ostrowskatv.pl\/wp-content\/uploads\/2023\/08\/1000043458-01-300x209.jpeg 300w, https:\/\/ostrowskatv.pl\/wp-content\/uploads\/2023\/08\/1000043458-01-1333x931.jpeg 1333w, https:\/\/ostrowskatv.pl\/wp-content\/uploads\/2023\/08\/1000043458-01-120x85.jpeg 120w\" sizes=\"auto, (max-width: 1365px) 100vw, 1365px\" \/><\/p>\n<p><img loading=\"lazy\" decoding=\"async\" src=\"https:\/\/ostrowskatv.pl\/wp-content\/uploads\/2023\/08\/1000043456-01.jpeg\" alt=\"\" width=\"975\" height=\"1365\" class=\"alignnone size-full wp-image-26050\" srcset=\"https:\/\/ostrowskatv.pl\/wp-content\/uploads\/2023\/08\/1000043456-01.jpeg 975w, https:\/\/ostrowskatv.pl\/wp-content\/uploads\/2023\/08\/1000043456-01-214x300.jpeg 214w, https:\/\/ostrowskatv.pl\/wp-content\/uploads\/2023\/08\/1000043456-01-952x1333.jpeg 952w\" sizes=\"auto, (max-width: 975px) 100vw, 975px\" \/><\/p>\n<p><img loading=\"lazy\" decoding=\"async\" src=\"https:\/\/ostrowskatv.pl\/wp-content\/uploads\/2023\/08\/1000043457-01.jpeg\" alt=\"\" width=\"1125\" height=\"1366\" class=\"alignnone size-full wp-image-26051\" srcset=\"https:\/\/ostrowskatv.pl\/wp-content\/uploads\/2023\/08\/1000043457-01.jpeg 1125w, https:\/\/ostrowskatv.pl\/wp-content\/uploads\/2023\/08\/1000043457-01-247x300.jpeg 247w, https:\/\/ostrowskatv.pl\/wp-content\/uploads\/2023\/08\/1000043457-01-1098x1333.jpeg 1098w\" sizes=\"auto, (max-width: 1125px) 100vw, 1125px\" \/><\/p>\n<p><img loading=\"lazy\" decoding=\"async\" src=\"https:\/\/ostrowskatv.pl\/wp-content\/uploads\/2023\/08\/1000043449-01.jpeg\" alt=\"\" width=\"1366\" height=\"634\" class=\"alignnone size-full wp-image-26052\" srcset=\"https:\/\/ostrowskatv.pl\/wp-content\/uploads\/2023\/08\/1000043449-01.jpeg 1366w, https:\/\/ostrowskatv.pl\/wp-content\/uploads\/2023\/08\/1000043449-01-300x139.jpeg 300w, https:\/\/ostrowskatv.pl\/wp-content\/uploads\/2023\/08\/1000043449-01-1333x619.jpeg 1333w\" sizes=\"auto, (max-width: 1366px) 100vw, 1366px\" \/><\/p>\n<p><img loading=\"lazy\" decoding=\"async\" src=\"https:\/\/ostrowskatv.pl\/wp-content\/uploads\/2023\/08\/1000043445-01.jpeg\" alt=\"\" width=\"1366\" height=\"778\" class=\"alignnone size-full wp-image-26053\" srcset=\"https:\/\/ostrowskatv.pl\/wp-content\/uploads\/2023\/08\/1000043445-01.jpeg 1366w, https:\/\/ostrowskatv.pl\/wp-content\/uploads\/2023\/08\/1000043445-01-300x171.jpeg 300w, https:\/\/ostrowskatv.pl\/wp-content\/uploads\/2023\/08\/1000043445-01-1333x759.jpeg 1333w, https:\/\/ostrowskatv.pl\/wp-content\/uploads\/2023\/08\/1000043445-01-388x220.jpeg 388w\" sizes=\"auto, (max-width: 1366px) 100vw, 1366px\" \/><\/p>\n<p><img loading=\"lazy\" decoding=\"async\" src=\"https:\/\/ostrowskatv.pl\/wp-content\/uploads\/2023\/08\/1000043442-01.jpeg\" alt=\"\" width=\"1366\" height=\"999\" class=\"alignnone size-full wp-image-26054\" srcset=\"https:\/\/ostrowskatv.pl\/wp-content\/uploads\/2023\/08\/1000043442-01.jpeg 1366w, https:\/\/ostrowskatv.pl\/wp-content\/uploads\/2023\/08\/1000043442-01-300x219.jpeg 300w, https:\/\/ostrowskatv.pl\/wp-content\/uploads\/2023\/08\/1000043442-01-1333x975.jpeg 1333w\" sizes=\"auto, (max-width: 1366px) 100vw, 1366px\" \/><\/p>\n<p><img loading=\"lazy\" decoding=\"async\" src=\"https:\/\/ostrowskatv.pl\/wp-content\/uploads\/2023\/08\/1000043441-01.jpeg\" alt=\"\" width=\"1366\" height=\"1309\" class=\"alignnone size-full wp-image-26055\" srcset=\"https:\/\/ostrowskatv.pl\/wp-content\/uploads\/2023\/08\/1000043441-01.jpeg 1366w, https:\/\/ostrowskatv.pl\/wp-content\/uploads\/2023\/08\/1000043441-01-300x287.jpeg 300w, https:\/\/ostrowskatv.pl\/wp-content\/uploads\/2023\/08\/1000043441-01-1333x1277.jpeg 1333w\" sizes=\"auto, (max-width: 1366px) 100vw, 1366px\" \/><\/p>\n","protected":false},"excerpt":{"rendered":"Na ostrowskim deptaku odby\u0142a si\u0119 prezentacja kandydat\u00f3w startuj\u0105cych w okr\u0119gu kalisko &#8211; leszczy\u0144skim. Liderami listy s\u0105 pose\u0142 Andrzej Grzyb (PSL) za nim znalaz\u0142a \n<a class=\"moretag\" href=\"https:\/\/ostrowskatv.pl\/?p=26046\"> [...]<\/a>","protected":false},"author":1,"featured_media":26053,"comment_status":"open","ping_status":"closed","sticky":false,"template":"","format":"standard","meta":{"footnotes":""},"categories":[1],"tags":[2],"class_list":["post-26046","post","type-post","status-publish","format-standard","has-post-thumbnail","hentry","category-news","tag-ostrow-wielkopolski"],"_links":{"self":[{"href":"https:\/\/ostrowskatv.pl\/index.php?rest_route=\/wp\/v2\/posts\/26046","targetHints":{"allow":["GET"]}}],"collection":[{"href":"https:\/\/ostrowskatv.pl\/index.php?rest_route=\/wp\/v2\/posts"}],"about":[{"href":"https:\/\/ostrowskatv.pl\/index.php?rest_route=\/wp\/v2\/types\/post"}],"author":[{"embeddable":true,"href":"https:\/\/ostrowskatv.pl\/index.php?rest_route=\/wp\/v2\/users\/1"}],"replies":[{"embeddable":true,"href":"https:\/\/ostrowskatv.pl\/index.php?rest_route=%2Fwp%2Fv2%2Fcomments&post=26046"}],"version-history":[{"count":0,"href":"https:\/\/ostrowskatv.pl\/index.php?rest_route=\/wp\/v2\/posts\/26046\/revisions"}],"wp:featuredmedia":[{"embeddable":true,"href":"https:\/\/ostrowskatv.pl\/index.php?rest_route=\/wp\/v2\/media\/26053"}],"wp:attachment":[{"href":"https:\/\/ostrowskatv.pl\/index.php?rest_route=%2Fwp%2Fv2%2Fmedia&parent=26046"}],"wp:term":[{"taxonomy":"category","embeddable":true,"href":"https:\/\/ostrowskatv.pl\/index.php?rest_route=%2Fwp%2Fv2%2Fcategories&post=26046"},{"taxonomy":"post_tag","embeddable":true,"href":"https:\/\/ostrowskatv.pl\/index.php?rest_route=%2Fwp%2Fv2%2Ftags&post=26046"}],"curies":[{"name":"wp","href":"https:\/\/api.w.org\/{rel}","templated":true}]}}