{"id":26039,"date":"2023-08-24T19:43:03","date_gmt":"2023-08-24T18:43:03","guid":{"rendered":"https:\/\/ostrowskatv.pl\/?p=26039"},"modified":"2023-08-24T19:43:03","modified_gmt":"2023-08-24T18:43:03","slug":"podziwial-elewacje-efekt-uszkodzone-2-auta-i-potracona-kobieta","status":"publish","type":"post","link":"https:\/\/ostrowskatv.pl\/?p=26039","title":{"rendered":"Podziwia\u0142 elewacj\u0119. Efekt? Uszkodzone 2 auta i potr\u0105cona kobieta"},"content":{"rendered":"<p><strong>Chwil\u0119 przed godzin\u0105 11 dosz\u0142o do zderzenia dw\u00f3ch aut osobowych oraz potr\u0105cenia pieszej na przej\u015bciu. Wypadek mia\u0142 miejsce na ulicy Krotoszy\u0144skiej w Ostrowie Wielkopolskim przy skrzy\u017cowaniu z ulic\u0105 Mielczarskiego.<\/strong><\/p>\n<p>Ostrowianin jad\u0105c renault najpierw zatrzyma\u0142 si\u0119 w korku, poniewa\u017c przed nim zatrzyma\u0142 si\u0119 autobus na przystanku. Kiedy autobus ruszy\u0142 i kolejne auta, m\u0119\u017cczyzna postanowi\u0142 rzuci\u0107 okiem na \u0142adnie remontowan\u0105 elewacj\u0119 budynku, w kt\u00f3rym sprzedawano lody &#8222;u Lusi&#8221;. Chwilowy podziw zamieni\u0142 si\u0119 w problem, bowiem przez nieuwag\u0119 uderzy\u0142 w ty\u0142 toyoty yaris, a ta uderzy\u0142a w piesz\u0105, kt\u00f3ra przechodzi\u0142a po pasach.<\/p>\n<p>Do szpitala zabrano zar\u00f3wno kieruj\u0105c\u0105 toyot\u0105 oraz piesz\u0105.<\/p>\n<p><img loading=\"lazy\" decoding=\"async\" src=\"https:\/\/ostrowskatv.pl\/wp-content\/uploads\/2023\/08\/1000043342-01-1.jpeg\" alt=\"\" width=\"1366\" height=\"765\" class=\"alignnone size-full wp-image-26040\" srcset=\"https:\/\/ostrowskatv.pl\/wp-content\/uploads\/2023\/08\/1000043342-01-1.jpeg 1366w, https:\/\/ostrowskatv.pl\/wp-content\/uploads\/2023\/08\/1000043342-01-1-300x168.jpeg 300w, https:\/\/ostrowskatv.pl\/wp-content\/uploads\/2023\/08\/1000043342-01-1-1333x747.jpeg 1333w\" sizes=\"auto, (max-width: 1366px) 100vw, 1366px\" \/><\/p>\n<p><img loading=\"lazy\" decoding=\"async\" src=\"https:\/\/ostrowskatv.pl\/wp-content\/uploads\/2023\/08\/1000043341-01-1.jpeg\" alt=\"\" width=\"1366\" height=\"1136\" class=\"alignnone size-full wp-image-26041\" srcset=\"https:\/\/ostrowskatv.pl\/wp-content\/uploads\/2023\/08\/1000043341-01-1.jpeg 1366w, https:\/\/ostrowskatv.pl\/wp-content\/uploads\/2023\/08\/1000043341-01-1-300x249.jpeg 300w, https:\/\/ostrowskatv.pl\/wp-content\/uploads\/2023\/08\/1000043341-01-1-1333x1109.jpeg 1333w\" sizes=\"auto, (max-width: 1366px) 100vw, 1366px\" \/><\/p>\n<p><img loading=\"lazy\" decoding=\"async\" src=\"https:\/\/ostrowskatv.pl\/wp-content\/uploads\/2023\/08\/1000043340-01-1.jpeg\" alt=\"\" width=\"1366\" height=\"769\" class=\"alignnone size-full wp-image-26042\" srcset=\"https:\/\/ostrowskatv.pl\/wp-content\/uploads\/2023\/08\/1000043340-01-1.jpeg 1366w, https:\/\/ostrowskatv.pl\/wp-content\/uploads\/2023\/08\/1000043340-01-1-300x169.jpeg 300w, https:\/\/ostrowskatv.pl\/wp-content\/uploads\/2023\/08\/1000043340-01-1-1333x750.jpeg 1333w\" sizes=\"auto, (max-width: 1366px) 100vw, 1366px\" \/><\/p>\n<p><img loading=\"lazy\" decoding=\"async\" src=\"https:\/\/ostrowskatv.pl\/wp-content\/uploads\/2023\/08\/20230824_110249-01-1.jpeg\" alt=\"\" width=\"1366\" height=\"729\" class=\"alignnone size-full wp-image-26043\" srcset=\"https:\/\/ostrowskatv.pl\/wp-content\/uploads\/2023\/08\/20230824_110249-01-1.jpeg 1366w, https:\/\/ostrowskatv.pl\/wp-content\/uploads\/2023\/08\/20230824_110249-01-1-300x160.jpeg 300w, https:\/\/ostrowskatv.pl\/wp-content\/uploads\/2023\/08\/20230824_110249-01-1-1333x711.jpeg 1333w\" sizes=\"auto, (max-width: 1366px) 100vw, 1366px\" \/><\/p>\n","protected":false},"excerpt":{"rendered":"Chwil\u0119 przed godzin\u0105 11 dosz\u0142o do zderzenia dw\u00f3ch aut osobowych oraz potr\u0105cenia pieszej na przej\u015bciu. Wypadek mia\u0142 miejsce na ulicy Krotoszy\u0144skiej w Ostrowie \n<a class=\"moretag\" href=\"https:\/\/ostrowskatv.pl\/?p=26039\"> [...]<\/a>","protected":false},"author":1,"featured_media":26042,"comment_status":"open","ping_status":"closed","sticky":false,"template":"","format":"standard","meta":{"footnotes":""},"categories":[1],"tags":[2],"class_list":["post-26039","post","type-post","status-publish","format-standard","has-post-thumbnail","hentry","category-news","tag-ostrow-wielkopolski"],"_links":{"self":[{"href":"https:\/\/ostrowskatv.pl\/index.php?rest_route=\/wp\/v2\/posts\/26039","targetHints":{"allow":["GET"]}}],"collection":[{"href":"https:\/\/ostrowskatv.pl\/index.php?rest_route=\/wp\/v2\/posts"}],"about":[{"href":"https:\/\/ostrowskatv.pl\/index.php?rest_route=\/wp\/v2\/types\/post"}],"author":[{"embeddable":true,"href":"https:\/\/ostrowskatv.pl\/index.php?rest_route=\/wp\/v2\/users\/1"}],"replies":[{"embeddable":true,"href":"https:\/\/ostrowskatv.pl\/index.php?rest_route=%2Fwp%2Fv2%2Fcomments&post=26039"}],"version-history":[{"count":0,"href":"https:\/\/ostrowskatv.pl\/index.php?rest_route=\/wp\/v2\/posts\/26039\/revisions"}],"wp:featuredmedia":[{"embeddable":true,"href":"https:\/\/ostrowskatv.pl\/index.php?rest_route=\/wp\/v2\/media\/26042"}],"wp:attachment":[{"href":"https:\/\/ostrowskatv.pl\/index.php?rest_route=%2Fwp%2Fv2%2Fmedia&parent=26039"}],"wp:term":[{"taxonomy":"category","embeddable":true,"href":"https:\/\/ostrowskatv.pl\/index.php?rest_route=%2Fwp%2Fv2%2Fcategories&post=26039"},{"taxonomy":"post_tag","embeddable":true,"href":"https:\/\/ostrowskatv.pl\/index.php?rest_route=%2Fwp%2Fv2%2Ftags&post=26039"}],"curies":[{"name":"wp","href":"https:\/\/api.w.org\/{rel}","templated":true}]}}