{"id":26022,"date":"2023-08-23T19:07:15","date_gmt":"2023-08-23T18:07:15","guid":{"rendered":"https:\/\/ostrowskatv.pl\/?p=26022"},"modified":"2023-08-23T19:07:15","modified_gmt":"2023-08-23T18:07:15","slug":"zderzenie-2-aut-na-ul-bema","status":"publish","type":"post","link":"https:\/\/ostrowskatv.pl\/?p=26022","title":{"rendered":"Zderzenie 2 aut na ul. Bema"},"content":{"rendered":"<p><strong>Przed godzin\u0105 17.30 na skrzy\u017cowaniu ulic Bema i Czarnieckiego w Ostrowie Wielkopolskim dosz\u0142o do zderzenia dw\u00f3ch aut osobowych. Kieruj\u0105ca renault wyje\u017cd\u017ca\u0142a z ulicy Czarnieckiego, gdzie znajduje si\u0119 znak STOP. <\/strong><\/p>\n<p>Z relacji kobiety wynika, \u017ce nie dostrzeg\u0142a jad\u0105cego &#8211; jej zdaniem pewnie z du\u017c\u0105 pr\u0119dko\u015bci\u0105 &#8211; volkswagena. Samochodem produkcji niemieckiej podr\u00f3\u017cowa\u0142o trzech m\u0119\u017cczyzn. Najstarszy z nich zosta\u0142 przetransportowany do szpitala z uwagi na odczuwalny b\u00f3l z przodu tu\u0142owia. Ostatecznie nie stwierdzono u niego powa\u017cniejszych obra\u017ce\u0144 cia\u0142a.<\/p>\n<p><img loading=\"lazy\" decoding=\"async\" src=\"https:\/\/ostrowskatv.pl\/wp-content\/uploads\/2023\/08\/1000043314-01.jpeg\" alt=\"\" width=\"1366\" height=\"1088\" class=\"alignnone size-full wp-image-26023\" srcset=\"https:\/\/ostrowskatv.pl\/wp-content\/uploads\/2023\/08\/1000043314-01.jpeg 1366w, https:\/\/ostrowskatv.pl\/wp-content\/uploads\/2023\/08\/1000043314-01-300x239.jpeg 300w, https:\/\/ostrowskatv.pl\/wp-content\/uploads\/2023\/08\/1000043314-01-1333x1062.jpeg 1333w\" sizes=\"auto, (max-width: 1366px) 100vw, 1366px\" \/><\/p>\n<p><img loading=\"lazy\" decoding=\"async\" src=\"https:\/\/ostrowskatv.pl\/wp-content\/uploads\/2023\/08\/1000043278-01.jpeg\" alt=\"\" width=\"1366\" height=\"769\" class=\"alignnone size-full wp-image-26024\" srcset=\"https:\/\/ostrowskatv.pl\/wp-content\/uploads\/2023\/08\/1000043278-01.jpeg 1366w, https:\/\/ostrowskatv.pl\/wp-content\/uploads\/2023\/08\/1000043278-01-300x169.jpeg 300w, https:\/\/ostrowskatv.pl\/wp-content\/uploads\/2023\/08\/1000043278-01-1333x750.jpeg 1333w\" sizes=\"auto, (max-width: 1366px) 100vw, 1366px\" \/><\/p>\n<p><img loading=\"lazy\" decoding=\"async\" src=\"https:\/\/ostrowskatv.pl\/wp-content\/uploads\/2023\/08\/1000043277-01.jpeg\" alt=\"\" width=\"1366\" height=\"755\" class=\"alignnone size-full wp-image-26025\" srcset=\"https:\/\/ostrowskatv.pl\/wp-content\/uploads\/2023\/08\/1000043277-01.jpeg 1366w, https:\/\/ostrowskatv.pl\/wp-content\/uploads\/2023\/08\/1000043277-01-300x166.jpeg 300w, https:\/\/ostrowskatv.pl\/wp-content\/uploads\/2023\/08\/1000043277-01-1333x737.jpeg 1333w\" sizes=\"auto, (max-width: 1366px) 100vw, 1366px\" \/><\/p>\n<p><img loading=\"lazy\" decoding=\"async\" src=\"https:\/\/ostrowskatv.pl\/wp-content\/uploads\/2023\/08\/1000043276-01.jpeg\" alt=\"\" width=\"1366\" height=\"1271\" class=\"alignnone size-full wp-image-26026\" srcset=\"https:\/\/ostrowskatv.pl\/wp-content\/uploads\/2023\/08\/1000043276-01.jpeg 1366w, https:\/\/ostrowskatv.pl\/wp-content\/uploads\/2023\/08\/1000043276-01-300x279.jpeg 300w, https:\/\/ostrowskatv.pl\/wp-content\/uploads\/2023\/08\/1000043276-01-1333x1240.jpeg 1333w\" sizes=\"auto, (max-width: 1366px) 100vw, 1366px\" \/><\/p>\n<p><img loading=\"lazy\" decoding=\"async\" src=\"https:\/\/ostrowskatv.pl\/wp-content\/uploads\/2023\/08\/1000043271-01.jpeg\" alt=\"\" width=\"1366\" height=\"1177\" class=\"alignnone size-full wp-image-26027\" srcset=\"https:\/\/ostrowskatv.pl\/wp-content\/uploads\/2023\/08\/1000043271-01.jpeg 1366w, https:\/\/ostrowskatv.pl\/wp-content\/uploads\/2023\/08\/1000043271-01-300x258.jpeg 300w, https:\/\/ostrowskatv.pl\/wp-content\/uploads\/2023\/08\/1000043271-01-1333x1149.jpeg 1333w\" sizes=\"auto, (max-width: 1366px) 100vw, 1366px\" \/><\/p>\n<p><img loading=\"lazy\" decoding=\"async\" src=\"https:\/\/ostrowskatv.pl\/wp-content\/uploads\/2023\/08\/1000043270-01.jpeg\" alt=\"\" width=\"1366\" height=\"946\" class=\"alignnone size-full wp-image-26028\" srcset=\"https:\/\/ostrowskatv.pl\/wp-content\/uploads\/2023\/08\/1000043270-01.jpeg 1366w, https:\/\/ostrowskatv.pl\/wp-content\/uploads\/2023\/08\/1000043270-01-300x208.jpeg 300w, https:\/\/ostrowskatv.pl\/wp-content\/uploads\/2023\/08\/1000043270-01-1333x923.jpeg 1333w\" sizes=\"auto, (max-width: 1366px) 100vw, 1366px\" \/><\/p>\n<p><img loading=\"lazy\" decoding=\"async\" src=\"https:\/\/ostrowskatv.pl\/wp-content\/uploads\/2023\/08\/1000043269-01.jpeg\" alt=\"\" width=\"1366\" height=\"769\" class=\"alignnone size-full wp-image-26029\" srcset=\"https:\/\/ostrowskatv.pl\/wp-content\/uploads\/2023\/08\/1000043269-01.jpeg 1366w, https:\/\/ostrowskatv.pl\/wp-content\/uploads\/2023\/08\/1000043269-01-300x169.jpeg 300w, https:\/\/ostrowskatv.pl\/wp-content\/uploads\/2023\/08\/1000043269-01-1333x750.jpeg 1333w\" sizes=\"auto, (max-width: 1366px) 100vw, 1366px\" \/><\/p>\n<p><img loading=\"lazy\" decoding=\"async\" src=\"https:\/\/ostrowskatv.pl\/wp-content\/uploads\/2023\/08\/20230823_173519-01.jpeg\" alt=\"\" width=\"1366\" height=\"769\" class=\"alignnone size-full wp-image-26030\" srcset=\"https:\/\/ostrowskatv.pl\/wp-content\/uploads\/2023\/08\/20230823_173519-01.jpeg 1366w, https:\/\/ostrowskatv.pl\/wp-content\/uploads\/2023\/08\/20230823_173519-01-300x169.jpeg 300w, https:\/\/ostrowskatv.pl\/wp-content\/uploads\/2023\/08\/20230823_173519-01-1333x750.jpeg 1333w\" sizes=\"auto, (max-width: 1366px) 100vw, 1366px\" \/><\/p>\n","protected":false},"excerpt":{"rendered":"Przed godzin\u0105 17.30 na skrzy\u017cowaniu ulic Bema i Czarnieckiego w Ostrowie Wielkopolskim dosz\u0142o do zderzenia dw\u00f3ch aut osobowych. Kieruj\u0105ca renault wyje\u017cd\u017ca\u0142a z ulicy \n<a class=\"moretag\" href=\"https:\/\/ostrowskatv.pl\/?p=26022\"> [...]<\/a>","protected":false},"author":1,"featured_media":26027,"comment_status":"open","ping_status":"closed","sticky":false,"template":"","format":"standard","meta":{"footnotes":""},"categories":[1],"tags":[11],"class_list":["post-26022","post","type-post","status-publish","format-standard","has-post-thumbnail","hentry","category-news","tag-wypadek"],"_links":{"self":[{"href":"https:\/\/ostrowskatv.pl\/index.php?rest_route=\/wp\/v2\/posts\/26022","targetHints":{"allow":["GET"]}}],"collection":[{"href":"https:\/\/ostrowskatv.pl\/index.php?rest_route=\/wp\/v2\/posts"}],"about":[{"href":"https:\/\/ostrowskatv.pl\/index.php?rest_route=\/wp\/v2\/types\/post"}],"author":[{"embeddable":true,"href":"https:\/\/ostrowskatv.pl\/index.php?rest_route=\/wp\/v2\/users\/1"}],"replies":[{"embeddable":true,"href":"https:\/\/ostrowskatv.pl\/index.php?rest_route=%2Fwp%2Fv2%2Fcomments&post=26022"}],"version-history":[{"count":0,"href":"https:\/\/ostrowskatv.pl\/index.php?rest_route=\/wp\/v2\/posts\/26022\/revisions"}],"wp:featuredmedia":[{"embeddable":true,"href":"https:\/\/ostrowskatv.pl\/index.php?rest_route=\/wp\/v2\/media\/26027"}],"wp:attachment":[{"href":"https:\/\/ostrowskatv.pl\/index.php?rest_route=%2Fwp%2Fv2%2Fmedia&parent=26022"}],"wp:term":[{"taxonomy":"category","embeddable":true,"href":"https:\/\/ostrowskatv.pl\/index.php?rest_route=%2Fwp%2Fv2%2Fcategories&post=26022"},{"taxonomy":"post_tag","embeddable":true,"href":"https:\/\/ostrowskatv.pl\/index.php?rest_route=%2Fwp%2Fv2%2Ftags&post=26022"}],"curies":[{"name":"wp","href":"https:\/\/api.w.org\/{rel}","templated":true}]}}