{"id":26016,"date":"2023-08-22T16:13:26","date_gmt":"2023-08-22T15:13:26","guid":{"rendered":"https:\/\/ostrowskatv.pl\/?p=26016"},"modified":"2023-08-22T16:13:26","modified_gmt":"2023-08-22T15:13:26","slug":"audi-tt-rozbilo-citroena","status":"publish","type":"post","link":"https:\/\/ostrowskatv.pl\/?p=26016","title":{"rendered":"Audi TT rozbi\u0142o citroena"},"content":{"rendered":"<p><strong>W rejonie skrzy\u017cowania ulic Limanowskiego oraz \u017beromskiego w Ostrowie Wielkopolskim dosz\u0142o do zderzenia dw\u00f3ch aut osobowych. Na miejsce wezwano stra\u017c po\u017carn\u0105 oraz policj\u0119.<\/strong><\/p>\n<p>Jak ustalili policjanci kierowca audi tt nie zachowa\u0142 ostro\u017cno\u015bci i wjecha\u0142 w ty\u0142 citroena berlingo. Sprawc\u0119 ukarano mandatem karnym w wysoko\u015bci 1020 z\u0142otych i na\u0142o\u017cono na niego 10 punkt\u00f3w karnych. Oba auta musia\u0142y zosta\u0107 odholowane.<\/p>\n<p><img loading=\"lazy\" decoding=\"async\" src=\"https:\/\/ostrowskatv.pl\/wp-content\/uploads\/2023\/08\/1000043048-01.jpeg\" alt=\"\" width=\"1366\" height=\"662\" class=\"alignnone size-full wp-image-26017\" srcset=\"https:\/\/ostrowskatv.pl\/wp-content\/uploads\/2023\/08\/1000043048-01.jpeg 1366w, https:\/\/ostrowskatv.pl\/wp-content\/uploads\/2023\/08\/1000043048-01-300x145.jpeg 300w, https:\/\/ostrowskatv.pl\/wp-content\/uploads\/2023\/08\/1000043048-01-1333x646.jpeg 1333w\" sizes=\"auto, (max-width: 1366px) 100vw, 1366px\" \/><\/p>\n<p><img loading=\"lazy\" decoding=\"async\" src=\"https:\/\/ostrowskatv.pl\/wp-content\/uploads\/2023\/08\/1000043047-01.jpeg\" alt=\"\" width=\"1366\" height=\"688\" class=\"alignnone size-full wp-image-26018\" srcset=\"https:\/\/ostrowskatv.pl\/wp-content\/uploads\/2023\/08\/1000043047-01.jpeg 1366w, https:\/\/ostrowskatv.pl\/wp-content\/uploads\/2023\/08\/1000043047-01-300x151.jpeg 300w, https:\/\/ostrowskatv.pl\/wp-content\/uploads\/2023\/08\/1000043047-01-1333x671.jpeg 1333w\" sizes=\"auto, (max-width: 1366px) 100vw, 1366px\" \/><\/p>\n<p><img loading=\"lazy\" decoding=\"async\" src=\"https:\/\/ostrowskatv.pl\/wp-content\/uploads\/2023\/08\/1000043046-01.jpeg\" alt=\"\" width=\"1366\" height=\"1186\" class=\"alignnone size-full wp-image-26019\" srcset=\"https:\/\/ostrowskatv.pl\/wp-content\/uploads\/2023\/08\/1000043046-01.jpeg 1366w, https:\/\/ostrowskatv.pl\/wp-content\/uploads\/2023\/08\/1000043046-01-300x260.jpeg 300w, https:\/\/ostrowskatv.pl\/wp-content\/uploads\/2023\/08\/1000043046-01-1333x1157.jpeg 1333w\" sizes=\"auto, (max-width: 1366px) 100vw, 1366px\" \/><\/p>\n","protected":false},"excerpt":{"rendered":"W rejonie skrzy\u017cowania ulic Limanowskiego oraz \u017beromskiego w Ostrowie Wielkopolskim dosz\u0142o do zderzenia dw\u00f3ch aut osobowych. Na miejsce wezwano stra\u017c po\u017carn\u0105 oraz policj\u0119. \n<a class=\"moretag\" href=\"https:\/\/ostrowskatv.pl\/?p=26016\"> [...]<\/a>","protected":false},"author":1,"featured_media":26018,"comment_status":"open","ping_status":"closed","sticky":false,"template":"","format":"standard","meta":{"footnotes":""},"categories":[1],"tags":[2],"class_list":["post-26016","post","type-post","status-publish","format-standard","has-post-thumbnail","hentry","category-news","tag-ostrow-wielkopolski"],"_links":{"self":[{"href":"https:\/\/ostrowskatv.pl\/index.php?rest_route=\/wp\/v2\/posts\/26016","targetHints":{"allow":["GET"]}}],"collection":[{"href":"https:\/\/ostrowskatv.pl\/index.php?rest_route=\/wp\/v2\/posts"}],"about":[{"href":"https:\/\/ostrowskatv.pl\/index.php?rest_route=\/wp\/v2\/types\/post"}],"author":[{"embeddable":true,"href":"https:\/\/ostrowskatv.pl\/index.php?rest_route=\/wp\/v2\/users\/1"}],"replies":[{"embeddable":true,"href":"https:\/\/ostrowskatv.pl\/index.php?rest_route=%2Fwp%2Fv2%2Fcomments&post=26016"}],"version-history":[{"count":0,"href":"https:\/\/ostrowskatv.pl\/index.php?rest_route=\/wp\/v2\/posts\/26016\/revisions"}],"wp:featuredmedia":[{"embeddable":true,"href":"https:\/\/ostrowskatv.pl\/index.php?rest_route=\/wp\/v2\/media\/26018"}],"wp:attachment":[{"href":"https:\/\/ostrowskatv.pl\/index.php?rest_route=%2Fwp%2Fv2%2Fmedia&parent=26016"}],"wp:term":[{"taxonomy":"category","embeddable":true,"href":"https:\/\/ostrowskatv.pl\/index.php?rest_route=%2Fwp%2Fv2%2Fcategories&post=26016"},{"taxonomy":"post_tag","embeddable":true,"href":"https:\/\/ostrowskatv.pl\/index.php?rest_route=%2Fwp%2Fv2%2Ftags&post=26016"}],"curies":[{"name":"wp","href":"https:\/\/api.w.org\/{rel}","templated":true}]}}