{"id":260,"date":"2016-01-28T14:02:22","date_gmt":"2016-01-28T13:02:22","guid":{"rendered":"http:\/\/ostrowska.tv\/?p=260"},"modified":"2016-01-28T14:02:22","modified_gmt":"2016-01-28T13:02:22","slug":"paduch-vs-klimek-czy-kino-komeda-jest-nudne","status":"publish","type":"post","link":"https:\/\/ostrowskatv.pl\/?p=260","title":{"rendered":"Paduch vs Klimek. Czy kino Komeda jest nudne?"},"content":{"rendered":"<p><strong>Radny Jakub Paduch ma zastrze\u017cenia do repertuaru ostrowskiego kina Komeda, kt\u00f3ry w jego ocenie jest ma\u0142o interesuj\u0105cy dla mieszka\u0144c\u00f3w. M\u00f3wi\u0142 o tym podczas ostatniej Sesji Rady Miejskiej. Na ten zarzut odpowiedzia\u0142a mu prezydent Beata Klimek.<\/strong><\/p>\n<p>&#8211; <em>Chcia\u0142bym si\u0119 dowiedzie\u0107, co determinuje jako\u015b\u0107 repertuaru naszego kina. Nie powiem niczego b\u0142yskotliwego, je\u015bli stwierdz\u0119, \u017ce jest on znacznie odbiegaj\u0105cy od oferty, kt\u00f3re maj\u0105 kina komercyjne<\/em> \u2013 przekonywa\u0142 <strong>Jakub Paduch.<\/strong><\/p>\n<p>Zupe\u0142nie inne zdanie w tej sprawie mia\u0142a jednak prezydent Ostrowa Wielkopolskiego. Beata Klimek uwa\u017ca, \u017ce kino ma si\u0119 czym pochwali\u0107. Wszystko wskazuje zatem na to, \u017ce do zmian w jego ofercie w najbli\u017cszym czasie nie dojdzie. &#8211; <em>To jest jak zwykle sprawa oceny. Ilu oceniaj\u0105cych tyle zda\u0144 negatywnych lub pozytywnych. Moim zdaniem nie wszystko powinno by\u0107 komercyjne. Samorz\u0105dowe i rz\u0105dowe instytucje kultury s\u0105 po to, \u017ceby proponowa\u0107 mieszka\u0144com tak\u017ce niekomercyjne przedsi\u0119wzi\u0119cia. Osobi\u015bcie wysoko oceniam repertuar naszego kina, a tak\u017ce inne dzia\u0142ania, kt\u00f3re s\u0105 potrzebne mieszka\u0144com Ostrowa Wielkopolskiego<\/em> \u2013 t\u0142umaczy\u0142a <strong>Beata Klimek<\/strong>.<\/p>\n<p>Prezydent Ostrowa Wielkopolskiego przypomina\u0142a, \u017ce kino realizuje w\u0142asne programy takie jak &#8222;Nasze kino \u2013 m\u00f3j film&#8221; czy &#8222;Dyskusyjny klub filmowy&#8221;. &#8211; <em>Utworzono tak\u017ce kluby filmowe dla senior\u00f3w. One ciesz\u0105 si\u0119 ogromn\u0105 popularno\u015bci\u0105. Przy ostrowskim kinie powsta\u0142a tak\u017ce &#8222;Akademia m\u0142odego widza&#8221;. Nie wspomn\u0119 ju\u017c o &#8222;Nocy horror\u00f3w&#8221;. Bardzo podoba mi si\u0119 r\u00f3wnie\u017c najnowsze dziecko kina Komeda. Jest nim cykl najwi\u0119kszych oper i operetek. Zosta\u0142 on zainaugurowany w minion\u0105 sobot\u0119 i sala by\u0142a wype\u0142niona prawie po brzegi<\/em> \u2013 wylicza\u0142a <strong>Beata Klimek<\/strong>.<\/p>\n<p><strong>Kto w tym sporze ma racj\u0119? Czy w kinie Komeda rzeczywi\u015bcie wieje nud\u0105? A mo\u017ce jego oferta jest atrakcyjna i nie wymaga zmian? Zach\u0119camy do dyskusji w komentarzach.<\/strong><\/p>\n","protected":false},"excerpt":{"rendered":"Radny Jakub Paduch ma zastrze\u017cenia do repertuaru ostrowskiego kina Komeda, kt\u00f3ry w jego ocenie jest ma\u0142o interesuj\u0105cy dla mieszka\u0144c\u00f3w. M\u00f3wi\u0142 o tym podczas \n<a class=\"moretag\" href=\"https:\/\/ostrowskatv.pl\/?p=260\"> [...]<\/a>","protected":false},"author":1,"featured_media":261,"comment_status":"open","ping_status":"open","sticky":false,"template":"","format":"standard","meta":{"footnotes":""},"categories":[1],"tags":[14],"class_list":["post-260","post","type-post","status-publish","format-standard","has-post-thumbnail","hentry","category-news","tag-kino"],"_links":{"self":[{"href":"https:\/\/ostrowskatv.pl\/index.php?rest_route=\/wp\/v2\/posts\/260","targetHints":{"allow":["GET"]}}],"collection":[{"href":"https:\/\/ostrowskatv.pl\/index.php?rest_route=\/wp\/v2\/posts"}],"about":[{"href":"https:\/\/ostrowskatv.pl\/index.php?rest_route=\/wp\/v2\/types\/post"}],"author":[{"embeddable":true,"href":"https:\/\/ostrowskatv.pl\/index.php?rest_route=\/wp\/v2\/users\/1"}],"replies":[{"embeddable":true,"href":"https:\/\/ostrowskatv.pl\/index.php?rest_route=%2Fwp%2Fv2%2Fcomments&post=260"}],"version-history":[{"count":0,"href":"https:\/\/ostrowskatv.pl\/index.php?rest_route=\/wp\/v2\/posts\/260\/revisions"}],"wp:featuredmedia":[{"embeddable":true,"href":"https:\/\/ostrowskatv.pl\/index.php?rest_route=\/wp\/v2\/media\/261"}],"wp:attachment":[{"href":"https:\/\/ostrowskatv.pl\/index.php?rest_route=%2Fwp%2Fv2%2Fmedia&parent=260"}],"wp:term":[{"taxonomy":"category","embeddable":true,"href":"https:\/\/ostrowskatv.pl\/index.php?rest_route=%2Fwp%2Fv2%2Fcategories&post=260"},{"taxonomy":"post_tag","embeddable":true,"href":"https:\/\/ostrowskatv.pl\/index.php?rest_route=%2Fwp%2Fv2%2Ftags&post=260"}],"curies":[{"name":"wp","href":"https:\/\/api.w.org\/{rel}","templated":true}]}}