{"id":25989,"date":"2023-08-21T14:55:59","date_gmt":"2023-08-21T13:55:59","guid":{"rendered":"https:\/\/ostrowskatv.pl\/?p=25989"},"modified":"2023-08-21T15:22:27","modified_gmt":"2023-08-21T14:22:27","slug":"powazny-wypadek-motocyklisty-przy-wiezy-cisnien","status":"publish","type":"post","link":"https:\/\/ostrowskatv.pl\/?p=25989","title":{"rendered":"Powa\u017cny wypadek motocyklisty przy wie\u017cy ci\u015bnie\u0144"},"content":{"rendered":"<p><strong>Oko\u0142o godziny 15.30 dosz\u0142o do zderzenia skutera z samochodem osobowym. Do wypadku dosz\u0142o na skrzy\u017cowaniu ulic Ko\u015bciuszki i Parkowej w Ostrowie Wielkopolskim.<\/strong><\/p>\n<p>Ze wst\u0119pnych ustale\u0144 wynika, \u017ce kieruj\u0105ca peugeotem jecha\u0142a od ulicy 3 maja i chcia\u0142a skr\u0119ci\u0107 w lewo w Parkow\u0105. Z przeciwka jecha\u0142 m\u0119\u017cczyzna na skuterze, w kt\u00f3rego wjecha\u0142a.<\/p>\n<p>Pierwsi na miejscu byli stra\u017cacy, kt\u00f3rzy zacz\u0119li udziela\u0107 kwalifikowanej pomocy przedmedycznej. Wcze\u015bniej poszkodowanym m\u0119\u017cczyzn\u0105, le\u017c\u0105cym na asfalcie, zaopiekowali si\u0119 \u015bwiadkowie zdarzenia.<\/p>\n<p><img loading=\"lazy\" decoding=\"async\" src=\"https:\/\/ostrowskatv.pl\/wp-content\/uploads\/2023\/08\/1000042948-01.jpeg\" alt=\"\" width=\"1366\" height=\"658\" class=\"alignnone size-full wp-image-25990\" srcset=\"https:\/\/ostrowskatv.pl\/wp-content\/uploads\/2023\/08\/1000042948-01.jpeg 1366w, https:\/\/ostrowskatv.pl\/wp-content\/uploads\/2023\/08\/1000042948-01-300x145.jpeg 300w, https:\/\/ostrowskatv.pl\/wp-content\/uploads\/2023\/08\/1000042948-01-1333x642.jpeg 1333w\" sizes=\"auto, (max-width: 1366px) 100vw, 1366px\" \/><\/p>\n<p><img loading=\"lazy\" decoding=\"async\" src=\"https:\/\/ostrowskatv.pl\/wp-content\/uploads\/2023\/08\/1000042949-01.jpeg\" alt=\"\" width=\"1366\" height=\"769\" class=\"alignnone size-full wp-image-25991\" srcset=\"https:\/\/ostrowskatv.pl\/wp-content\/uploads\/2023\/08\/1000042949-01.jpeg 1366w, https:\/\/ostrowskatv.pl\/wp-content\/uploads\/2023\/08\/1000042949-01-300x169.jpeg 300w, https:\/\/ostrowskatv.pl\/wp-content\/uploads\/2023\/08\/1000042949-01-1333x750.jpeg 1333w\" sizes=\"auto, (max-width: 1366px) 100vw, 1366px\" \/><\/p>\n<p><img loading=\"lazy\" decoding=\"async\" src=\"https:\/\/ostrowskatv.pl\/wp-content\/uploads\/2023\/08\/1000042950-01.jpeg\" alt=\"\" width=\"1083\" height=\"1366\" class=\"alignnone size-full wp-image-25992\" srcset=\"https:\/\/ostrowskatv.pl\/wp-content\/uploads\/2023\/08\/1000042950-01.jpeg 1083w, https:\/\/ostrowskatv.pl\/wp-content\/uploads\/2023\/08\/1000042950-01-238x300.jpeg 238w, https:\/\/ostrowskatv.pl\/wp-content\/uploads\/2023\/08\/1000042950-01-1057x1333.jpeg 1057w\" sizes=\"auto, (max-width: 1083px) 100vw, 1083px\" \/><\/p>\n<p><img loading=\"lazy\" decoding=\"async\" src=\"https:\/\/ostrowskatv.pl\/wp-content\/uploads\/2023\/08\/1000042951-01.jpeg\" alt=\"\" width=\"1366\" height=\"769\" class=\"alignnone size-full wp-image-25993\" srcset=\"https:\/\/ostrowskatv.pl\/wp-content\/uploads\/2023\/08\/1000042951-01.jpeg 1366w, https:\/\/ostrowskatv.pl\/wp-content\/uploads\/2023\/08\/1000042951-01-300x169.jpeg 300w, https:\/\/ostrowskatv.pl\/wp-content\/uploads\/2023\/08\/1000042951-01-1333x750.jpeg 1333w\" sizes=\"auto, (max-width: 1366px) 100vw, 1366px\" \/><\/p>\n<p><img loading=\"lazy\" decoding=\"async\" src=\"https:\/\/ostrowskatv.pl\/wp-content\/uploads\/2023\/08\/1000042952-01.jpeg\" alt=\"\" width=\"1366\" height=\"769\" class=\"alignnone size-full wp-image-25994\" srcset=\"https:\/\/ostrowskatv.pl\/wp-content\/uploads\/2023\/08\/1000042952-01.jpeg 1366w, https:\/\/ostrowskatv.pl\/wp-content\/uploads\/2023\/08\/1000042952-01-300x169.jpeg 300w, https:\/\/ostrowskatv.pl\/wp-content\/uploads\/2023\/08\/1000042952-01-1333x750.jpeg 1333w\" sizes=\"auto, (max-width: 1366px) 100vw, 1366px\" \/><\/p>\n<p><img loading=\"lazy\" decoding=\"async\" src=\"https:\/\/ostrowskatv.pl\/wp-content\/uploads\/2023\/08\/1000042953-01.jpeg\" alt=\"\" width=\"1366\" height=\"822\" class=\"alignnone size-full wp-image-25995\" srcset=\"https:\/\/ostrowskatv.pl\/wp-content\/uploads\/2023\/08\/1000042953-01.jpeg 1366w, https:\/\/ostrowskatv.pl\/wp-content\/uploads\/2023\/08\/1000042953-01-300x181.jpeg 300w, https:\/\/ostrowskatv.pl\/wp-content\/uploads\/2023\/08\/1000042953-01-1333x802.jpeg 1333w\" sizes=\"auto, (max-width: 1366px) 100vw, 1366px\" \/><\/p>\n<p><img loading=\"lazy\" decoding=\"async\" src=\"https:\/\/ostrowskatv.pl\/wp-content\/uploads\/2023\/08\/1000042961-01.jpeg\" alt=\"\" width=\"1366\" height=\"645\" class=\"alignnone size-full wp-image-25996\" srcset=\"https:\/\/ostrowskatv.pl\/wp-content\/uploads\/2023\/08\/1000042961-01.jpeg 1366w, https:\/\/ostrowskatv.pl\/wp-content\/uploads\/2023\/08\/1000042961-01-300x142.jpeg 300w, https:\/\/ostrowskatv.pl\/wp-content\/uploads\/2023\/08\/1000042961-01-1333x629.jpeg 1333w\" sizes=\"auto, (max-width: 1366px) 100vw, 1366px\" \/><\/p>\n<p><img loading=\"lazy\" decoding=\"async\" src=\"https:\/\/ostrowskatv.pl\/wp-content\/uploads\/2023\/08\/1000042976-01.jpeg\" alt=\"\" width=\"1366\" height=\"848\" class=\"alignnone size-full wp-image-26001\" srcset=\"https:\/\/ostrowskatv.pl\/wp-content\/uploads\/2023\/08\/1000042976-01.jpeg 1366w, https:\/\/ostrowskatv.pl\/wp-content\/uploads\/2023\/08\/1000042976-01-300x186.jpeg 300w, https:\/\/ostrowskatv.pl\/wp-content\/uploads\/2023\/08\/1000042976-01-1333x828.jpeg 1333w\" sizes=\"auto, (max-width: 1366px) 100vw, 1366px\" \/><\/p>\n<p><img loading=\"lazy\" decoding=\"async\" src=\"https:\/\/ostrowskatv.pl\/wp-content\/uploads\/2023\/08\/1000042977-01.jpeg\" alt=\"\" width=\"1366\" height=\"844\" class=\"alignnone size-full wp-image-26002\" srcset=\"https:\/\/ostrowskatv.pl\/wp-content\/uploads\/2023\/08\/1000042977-01.jpeg 1366w, https:\/\/ostrowskatv.pl\/wp-content\/uploads\/2023\/08\/1000042977-01-300x185.jpeg 300w, https:\/\/ostrowskatv.pl\/wp-content\/uploads\/2023\/08\/1000042977-01-1333x824.jpeg 1333w\" sizes=\"auto, (max-width: 1366px) 100vw, 1366px\" \/><\/p>\n<p><img loading=\"lazy\" decoding=\"async\" src=\"https:\/\/ostrowskatv.pl\/wp-content\/uploads\/2023\/08\/1000042975-01.jpeg\" alt=\"\" width=\"1366\" height=\"1122\" class=\"alignnone size-full wp-image-26003\" srcset=\"https:\/\/ostrowskatv.pl\/wp-content\/uploads\/2023\/08\/1000042975-01.jpeg 1366w, https:\/\/ostrowskatv.pl\/wp-content\/uploads\/2023\/08\/1000042975-01-300x246.jpeg 300w, https:\/\/ostrowskatv.pl\/wp-content\/uploads\/2023\/08\/1000042975-01-1333x1095.jpeg 1333w\" sizes=\"auto, (max-width: 1366px) 100vw, 1366px\" \/><\/p>\n","protected":false},"excerpt":{"rendered":"Oko\u0142o godziny 15.30 dosz\u0142o do zderzenia skutera z samochodem osobowym. Do wypadku dosz\u0142o na skrzy\u017cowaniu ulic Ko\u015bciuszki i Parkowej w Ostrowie Wielkopolskim. Ze \n<a class=\"moretag\" href=\"https:\/\/ostrowskatv.pl\/?p=25989\"> [...]<\/a>","protected":false},"author":1,"featured_media":25995,"comment_status":"open","ping_status":"closed","sticky":false,"template":"","format":"standard","meta":{"footnotes":""},"categories":[1],"tags":[2],"class_list":["post-25989","post","type-post","status-publish","format-standard","has-post-thumbnail","hentry","category-news","tag-ostrow-wielkopolski"],"_links":{"self":[{"href":"https:\/\/ostrowskatv.pl\/index.php?rest_route=\/wp\/v2\/posts\/25989","targetHints":{"allow":["GET"]}}],"collection":[{"href":"https:\/\/ostrowskatv.pl\/index.php?rest_route=\/wp\/v2\/posts"}],"about":[{"href":"https:\/\/ostrowskatv.pl\/index.php?rest_route=\/wp\/v2\/types\/post"}],"author":[{"embeddable":true,"href":"https:\/\/ostrowskatv.pl\/index.php?rest_route=\/wp\/v2\/users\/1"}],"replies":[{"embeddable":true,"href":"https:\/\/ostrowskatv.pl\/index.php?rest_route=%2Fwp%2Fv2%2Fcomments&post=25989"}],"version-history":[{"count":0,"href":"https:\/\/ostrowskatv.pl\/index.php?rest_route=\/wp\/v2\/posts\/25989\/revisions"}],"wp:featuredmedia":[{"embeddable":true,"href":"https:\/\/ostrowskatv.pl\/index.php?rest_route=\/wp\/v2\/media\/25995"}],"wp:attachment":[{"href":"https:\/\/ostrowskatv.pl\/index.php?rest_route=%2Fwp%2Fv2%2Fmedia&parent=25989"}],"wp:term":[{"taxonomy":"category","embeddable":true,"href":"https:\/\/ostrowskatv.pl\/index.php?rest_route=%2Fwp%2Fv2%2Fcategories&post=25989"},{"taxonomy":"post_tag","embeddable":true,"href":"https:\/\/ostrowskatv.pl\/index.php?rest_route=%2Fwp%2Fv2%2Ftags&post=25989"}],"curies":[{"name":"wp","href":"https:\/\/api.w.org\/{rel}","templated":true}]}}