{"id":258,"date":"2016-01-28T13:43:26","date_gmt":"2016-01-28T12:43:26","guid":{"rendered":"http:\/\/ostrowska.tv\/?p=258"},"modified":"2016-01-28T13:43:26","modified_gmt":"2016-01-28T12:43:26","slug":"zamieszanie-wokol-planu-wodkanu-co-z-rama","status":"publish","type":"post","link":"https:\/\/ostrowskatv.pl\/?p=258","title":{"rendered":"Zamieszanie wok\u00f3\u0142 planu Wodkanu. Co z ram\u0105?"},"content":{"rendered":"<p>W poniedzia\u0142ek informowali\u015bmy, \u017ce ostrowscy radni negatywnie zaopiniowali plan Wodkanu na lata 2016-2018 w obawie o kolejne op\u00f3\u017anienia w realizacji ramy p\u00f3\u0142nocnej Ostrowa. Podczas Sesji Rady Miejskiej zmienili jednak zdanie i wydali opini\u0119 pozytywn\u0105. Dlaczego?<\/p>\n<p>Radni pocz\u0105tkowo zaopiniowali plan negatywnie, bo chcieli, \u017ceby cz\u0119\u015b\u0107 inwestycji zwi\u0105zanych bezpo\u015brednio z powstaniem ramy p\u00f3\u0142nocnej zosta\u0142a zrealizowana jeszcze w 2016 roku. A tego w ich ocenie nie gwarantowa\u0142 przedstawiony przez prezesa Wodkanu projekt. Wydawa\u0142o si\u0119, \u017ce wszystko jest jasne i stanowisko zostanie podtrzymane podczas \u015brodowej Sesji Rady Miejskiej. Tak si\u0119 jednak nie sta\u0142o. Plan zosta\u0142 ostatecznie zaopiniowany pozytywnie, bo zag\u0142osowali za nim przede wszystkim radni Platformy Obywatelskiej, kt\u00f3rzy wcze\u015bniej byli przeciwko.<\/p>\n<p>&#8211; Informacje, kt\u00f3rych udzieli\u0142 nam prezes Karolczak podczas komisji, by\u0142y niewystarczaj\u0105ce. Pytali\u015bmy go, co si\u0119 stanie, je\u015bli tego planu nie przyjmiemy. Odpowiedzia\u0142 nam wtedy, \u017ce tak naprawd\u0119 nic. Dzi\u015b dowiedzieli\u015bmy si\u0119 jednak, \u017ce w takiej sytuacji Wodkan nie b\u0119dzie m\u00f3g\u0142 przeprowadza\u0107 innych inwestycji. Trudno, \u017ceby\u015bmy w tej sytuacji byli przeciwko \u2013 wyja\u015bni\u0142 nam radny Mariusz Leki.<\/p>\n<p>Klub radnych Platformy Obywatelskiej podtrzymuje jednak, \u017ce p\u00f3\u0142nocna rama komunikacyjna jest dla niego kluczow\u0105 inwestycj\u0105. Jego przedstawiciele ju\u017c teraz zapowiadaj\u0105, \u017ce b\u0119d\u0105 patrze\u0107 Wodkanowi na r\u0119ce. &#8211; Pan prezes przedstawi\u0142 nam plan dzia\u0142ania. Wt\u00f3rowa\u0142 mu tak\u017ce wiceprezydent miasta i z ich wypowiedzi wynika, \u017ce realizacja ramy jest niezagro\u017cona. B\u0119dziemy jednak tego tematu bardzo uwa\u017cnie pilnowa\u0107. Z komisji wyszed\u0142 wniosek do pani prezydent. Trzeba przypilnowa\u0107 w wodkanowskim programie termin\u00f3w, kt\u00f3re wi\u0105\u017c\u0105 si\u0119 bezpo\u015brednio z ram\u0105 p\u00f3\u0142nocn\u0105. Wszystko b\u0119dzie przez nas bardzo starannie monitorowane. Z ca\u0142\u0105 pewno\u015bci\u0105 b\u0119dziemy chcieli r\u00f3wnie\u017c czynnie uczestniczy\u0107 w korespondencji, kt\u00f3r\u0105 pan prezes b\u0119dzie prowadzi\u0142 z ochron\u0105 \u015brodowiska. Nie musi nam wprawdzie jej udost\u0119pni\u0107, ale mamy nadziej\u0119, \u017ce to zrobi. Wtedy przekonamy si\u0119, czy inwestycje zostan\u0105 rozpocz\u0119te w pa\u017adzierniku lub listopadzie 2016 roku. Je\u015bli tak si\u0119 stanie, to w 2017 mo\u017cna temat doko\u0144czy\u0107 i zap\u0142aci\u0107 \u2013 t\u0142umaczy Mariusz Leki.<\/p>\n<p>Na ten moment wszyscy przekonuj\u0105, \u017ce p\u00f3\u0142nocna rama komunikacyjna jest niezagro\u017cona. Wcze\u015bniej temat budzi\u0142 wiele kontrowersji. Inwestycja w ocenie wielu radnych i mieszka\u0144c\u00f3w jest kluczowa dla naszego miasta. Czas poka\u017ce, czy uda si\u0119 unikn\u0105\u0107 problem\u00f3w przy jej realizacji.<\/p>\n","protected":false},"excerpt":{"rendered":"W poniedzia\u0142ek informowali\u015bmy, \u017ce ostrowscy radni negatywnie zaopiniowali plan Wodkanu na lata 2016-2018 w obawie o kolejne op\u00f3\u017anienia w realizacji ramy p\u00f3\u0142nocnej Ostrowa. \n<a class=\"moretag\" href=\"https:\/\/ostrowskatv.pl\/?p=258\"> [...]<\/a>","protected":false},"author":1,"featured_media":166,"comment_status":"open","ping_status":"open","sticky":false,"template":"","format":"standard","meta":{"footnotes":""},"categories":[1],"tags":[37,29],"class_list":["post-258","post","type-post","status-publish","format-standard","has-post-thumbnail","hentry","category-news","tag-rama","tag-wodkan"],"_links":{"self":[{"href":"https:\/\/ostrowskatv.pl\/index.php?rest_route=\/wp\/v2\/posts\/258","targetHints":{"allow":["GET"]}}],"collection":[{"href":"https:\/\/ostrowskatv.pl\/index.php?rest_route=\/wp\/v2\/posts"}],"about":[{"href":"https:\/\/ostrowskatv.pl\/index.php?rest_route=\/wp\/v2\/types\/post"}],"author":[{"embeddable":true,"href":"https:\/\/ostrowskatv.pl\/index.php?rest_route=\/wp\/v2\/users\/1"}],"replies":[{"embeddable":true,"href":"https:\/\/ostrowskatv.pl\/index.php?rest_route=%2Fwp%2Fv2%2Fcomments&post=258"}],"version-history":[{"count":0,"href":"https:\/\/ostrowskatv.pl\/index.php?rest_route=\/wp\/v2\/posts\/258\/revisions"}],"wp:featuredmedia":[{"embeddable":true,"href":"https:\/\/ostrowskatv.pl\/index.php?rest_route=\/wp\/v2\/media\/166"}],"wp:attachment":[{"href":"https:\/\/ostrowskatv.pl\/index.php?rest_route=%2Fwp%2Fv2%2Fmedia&parent=258"}],"wp:term":[{"taxonomy":"category","embeddable":true,"href":"https:\/\/ostrowskatv.pl\/index.php?rest_route=%2Fwp%2Fv2%2Fcategories&post=258"},{"taxonomy":"post_tag","embeddable":true,"href":"https:\/\/ostrowskatv.pl\/index.php?rest_route=%2Fwp%2Fv2%2Ftags&post=258"}],"curies":[{"name":"wp","href":"https:\/\/api.w.org\/{rel}","templated":true}]}}