{"id":25775,"date":"2023-08-14T17:33:47","date_gmt":"2023-08-14T16:33:47","guid":{"rendered":"https:\/\/ostrowskatv.pl\/?p=25775"},"modified":"2023-08-14T17:33:58","modified_gmt":"2023-08-14T16:33:58","slug":"wypadek-na-rejtana-jedno-z-aut-cudem-nie-przewrocilo-sie-na-bok-wideo","status":"publish","type":"post","link":"https:\/\/ostrowskatv.pl\/?p=25775","title":{"rendered":"Wypadek na Rejtana. Jedno z aut cudem nie przewr\u00f3ci\u0142o si\u0119 na bok (WIDEO)"},"content":{"rendered":"<p><strong>Po d\u0142ugiej przerwie dosz\u0142o do wypadku na skrzy\u017cowaniu ulic Rejtana i Traugutta w Ostrowie Wielkopolskim. Tradycyjnie pierwsze\u0144stwa przejazdu nie ust\u0105pi\u0142 samoch\u00f3d jad\u0105cy od strony Kordeckiego. <\/strong><\/p>\n<p>Kobieta kieruj\u0105ca bia\u0142ym peugeotem nie ust\u0105pi\u0142a pierwsze\u0144stwa nissanowi juke jad\u0105cemu w kierunku ulicy Odolanowskiej. Peugeot, kt\u00f3rym podr\u00f3\u017cowa\u0142y dwie kobiety, uderzy\u0142 w drzwi kierowcy nissana, kt\u00f3rym podr\u00f3\u017cowa\u0142 m\u0119\u017cczyzna z kobiet\u0105 w dojrza\u0142ym wieku. Kierowcy wyszli z aut o w\u0142asnych si\u0142ach. Jedn\u0105 osob\u0119 przewieziono do szpitala, ale nie stwierdzono u niej powa\u017cniejszych obra\u017ce\u0144 cia\u0142a. <\/p>\n<p>Dzisiejszy wypadek by\u0142 pierwszym po d\u0142ugiej przerwie. Dzi\u0119ki zamontowanej przez firm\u0119 Elektro-Komp kamerze mo\u017cna zobaczy\u0107 jak dosz\u0142o do zdarzenia.<\/p>\n<p><img loading=\"lazy\" decoding=\"async\" src=\"https:\/\/ostrowskatv.pl\/wp-content\/uploads\/2023\/08\/20230814_133047-01.jpeg\" alt=\"\" width=\"1366\" height=\"742\" class=\"alignnone size-full wp-image-25776\" srcset=\"https:\/\/ostrowskatv.pl\/wp-content\/uploads\/2023\/08\/20230814_133047-01.jpeg 1366w, https:\/\/ostrowskatv.pl\/wp-content\/uploads\/2023\/08\/20230814_133047-01-300x163.jpeg 300w, https:\/\/ostrowskatv.pl\/wp-content\/uploads\/2023\/08\/20230814_133047-01-1333x724.jpeg 1333w\" sizes=\"auto, (max-width: 1366px) 100vw, 1366px\" \/><\/p>\n<p><img loading=\"lazy\" decoding=\"async\" src=\"https:\/\/ostrowskatv.pl\/wp-content\/uploads\/2023\/08\/20230814_133052-01.jpeg\" alt=\"\" width=\"1366\" height=\"794\" class=\"alignnone size-full wp-image-25777\" srcset=\"https:\/\/ostrowskatv.pl\/wp-content\/uploads\/2023\/08\/20230814_133052-01.jpeg 1366w, https:\/\/ostrowskatv.pl\/wp-content\/uploads\/2023\/08\/20230814_133052-01-300x174.jpeg 300w, https:\/\/ostrowskatv.pl\/wp-content\/uploads\/2023\/08\/20230814_133052-01-1333x775.jpeg 1333w\" sizes=\"auto, (max-width: 1366px) 100vw, 1366px\" \/><\/p>\n<p><img loading=\"lazy\" decoding=\"async\" src=\"https:\/\/ostrowskatv.pl\/wp-content\/uploads\/2023\/08\/20230814_133058-01.jpeg\" alt=\"\" width=\"1366\" height=\"769\" class=\"alignnone size-full wp-image-25778\" srcset=\"https:\/\/ostrowskatv.pl\/wp-content\/uploads\/2023\/08\/20230814_133058-01.jpeg 1366w, https:\/\/ostrowskatv.pl\/wp-content\/uploads\/2023\/08\/20230814_133058-01-300x169.jpeg 300w, https:\/\/ostrowskatv.pl\/wp-content\/uploads\/2023\/08\/20230814_133058-01-1333x750.jpeg 1333w\" sizes=\"auto, (max-width: 1366px) 100vw, 1366px\" \/><\/p>\n<p><img loading=\"lazy\" decoding=\"async\" src=\"https:\/\/ostrowskatv.pl\/wp-content\/uploads\/2023\/08\/20230814_133321-02.jpeg\" alt=\"\" width=\"1366\" height=\"1046\" class=\"alignnone size-full wp-image-25779\" srcset=\"https:\/\/ostrowskatv.pl\/wp-content\/uploads\/2023\/08\/20230814_133321-02.jpeg 1366w, https:\/\/ostrowskatv.pl\/wp-content\/uploads\/2023\/08\/20230814_133321-02-300x230.jpeg 300w, https:\/\/ostrowskatv.pl\/wp-content\/uploads\/2023\/08\/20230814_133321-02-1333x1021.jpeg 1333w\" sizes=\"auto, (max-width: 1366px) 100vw, 1366px\" \/><\/p>\n<p><img loading=\"lazy\" decoding=\"async\" src=\"https:\/\/ostrowskatv.pl\/wp-content\/uploads\/2023\/08\/20230814_133340-01.jpeg\" alt=\"\" width=\"1365\" height=\"748\" class=\"alignnone size-full wp-image-25780\" srcset=\"https:\/\/ostrowskatv.pl\/wp-content\/uploads\/2023\/08\/20230814_133340-01.jpeg 1365w, https:\/\/ostrowskatv.pl\/wp-content\/uploads\/2023\/08\/20230814_133340-01-300x164.jpeg 300w, https:\/\/ostrowskatv.pl\/wp-content\/uploads\/2023\/08\/20230814_133340-01-1333x730.jpeg 1333w\" sizes=\"auto, (max-width: 1365px) 100vw, 1365px\" \/><\/p>\n<p><iframe loading=\"lazy\" title=\"Wypadek na Rejtana - Traugutta - Ostr\u00f3w Wielkopolski\" width=\"747\" height=\"420\" src=\"https:\/\/www.youtube.com\/embed\/5ZRpoMJLXjk?feature=oembed\" frameborder=\"0\" allow=\"accelerometer; autoplay; clipboard-write; encrypted-media; gyroscope; picture-in-picture; web-share\" referrerpolicy=\"strict-origin-when-cross-origin\" allowfullscreen><\/iframe><\/p>\n","protected":false},"excerpt":{"rendered":"Po d\u0142ugiej przerwie dosz\u0142o do wypadku na skrzy\u017cowaniu ulic Rejtana i Traugutta w Ostrowie Wielkopolskim. Tradycyjnie pierwsze\u0144stwa przejazdu nie ust\u0105pi\u0142 samoch\u00f3d jad\u0105cy od \n<a class=\"moretag\" href=\"https:\/\/ostrowskatv.pl\/?p=25775\"> [...]<\/a>","protected":false},"author":1,"featured_media":25776,"comment_status":"open","ping_status":"closed","sticky":false,"template":"","format":"standard","meta":{"footnotes":""},"categories":[1],"tags":[2],"class_list":["post-25775","post","type-post","status-publish","format-standard","has-post-thumbnail","hentry","category-news","tag-ostrow-wielkopolski"],"_links":{"self":[{"href":"https:\/\/ostrowskatv.pl\/index.php?rest_route=\/wp\/v2\/posts\/25775","targetHints":{"allow":["GET"]}}],"collection":[{"href":"https:\/\/ostrowskatv.pl\/index.php?rest_route=\/wp\/v2\/posts"}],"about":[{"href":"https:\/\/ostrowskatv.pl\/index.php?rest_route=\/wp\/v2\/types\/post"}],"author":[{"embeddable":true,"href":"https:\/\/ostrowskatv.pl\/index.php?rest_route=\/wp\/v2\/users\/1"}],"replies":[{"embeddable":true,"href":"https:\/\/ostrowskatv.pl\/index.php?rest_route=%2Fwp%2Fv2%2Fcomments&post=25775"}],"version-history":[{"count":0,"href":"https:\/\/ostrowskatv.pl\/index.php?rest_route=\/wp\/v2\/posts\/25775\/revisions"}],"wp:featuredmedia":[{"embeddable":true,"href":"https:\/\/ostrowskatv.pl\/index.php?rest_route=\/wp\/v2\/media\/25776"}],"wp:attachment":[{"href":"https:\/\/ostrowskatv.pl\/index.php?rest_route=%2Fwp%2Fv2%2Fmedia&parent=25775"}],"wp:term":[{"taxonomy":"category","embeddable":true,"href":"https:\/\/ostrowskatv.pl\/index.php?rest_route=%2Fwp%2Fv2%2Fcategories&post=25775"},{"taxonomy":"post_tag","embeddable":true,"href":"https:\/\/ostrowskatv.pl\/index.php?rest_route=%2Fwp%2Fv2%2Ftags&post=25775"}],"curies":[{"name":"wp","href":"https:\/\/api.w.org\/{rel}","templated":true}]}}