{"id":25770,"date":"2023-08-14T08:27:48","date_gmt":"2023-08-14T07:27:48","guid":{"rendered":"https:\/\/ostrowskatv.pl\/?p=25770"},"modified":"2023-08-14T08:27:48","modified_gmt":"2023-08-14T07:27:48","slug":"przesadzil-na-dozynkach","status":"publish","type":"post","link":"https:\/\/ostrowskatv.pl\/?p=25770","title":{"rendered":"Przesadzi\u0142 na do\u017cynkach"},"content":{"rendered":"<p><strong>Gminne do\u017cynki we Wt\u00f3rku ju\u017c za nami. Poza dobr\u0105 organizacj\u0105 na karcie historii zapisa\u0142 si\u0119 61-letni m\u0119\u017cczyzna, kt\u00f3ry na drodze dojazdowej wjecha\u0142 w drugie auto.<\/strong><\/p>\n<p>M\u0119\u017cczyzna jad\u0105c drog\u0105 dojazdow\u0105 na do\u017cynki wjecha\u0142 w ty\u0142 Toyoty. Wezwani na miejsce policjanci ustalili, \u017ce sprawca kolizji ma ponad 2 promile alkoholu w wydychanym powietrzu.<\/p>\n<p>Po wytrze\u017awieniu odpowie za spowodowanie kolizji pod wp\u0142ywem alkoholu.<\/p>\n<p><img loading=\"lazy\" decoding=\"async\" src=\"https:\/\/ostrowskatv.pl\/wp-content\/uploads\/2023\/08\/Wtorek2.jpeg\" alt=\"\" width=\"627\" height=\"402\" class=\"alignnone size-full wp-image-25773\" srcset=\"https:\/\/ostrowskatv.pl\/wp-content\/uploads\/2023\/08\/Wtorek2.jpeg 627w, https:\/\/ostrowskatv.pl\/wp-content\/uploads\/2023\/08\/Wtorek2-300x192.jpeg 300w\" sizes=\"auto, (max-width: 627px) 100vw, 627px\" \/><\/p>\n<p><img loading=\"lazy\" decoding=\"async\" src=\"https:\/\/ostrowskatv.pl\/wp-content\/uploads\/2023\/08\/Wtorek3.jpeg\" alt=\"\" width=\"545\" height=\"692\" class=\"alignnone size-full wp-image-25772\" srcset=\"https:\/\/ostrowskatv.pl\/wp-content\/uploads\/2023\/08\/Wtorek3.jpeg 545w, https:\/\/ostrowskatv.pl\/wp-content\/uploads\/2023\/08\/Wtorek3-236x300.jpeg 236w\" sizes=\"auto, (max-width: 545px) 100vw, 545px\" \/><\/p>\n","protected":false},"excerpt":{"rendered":"Gminne do\u017cynki we Wt\u00f3rku ju\u017c za nami. Poza dobr\u0105 organizacj\u0105 na karcie historii zapisa\u0142 si\u0119 61-letni m\u0119\u017cczyzna, kt\u00f3ry na drodze dojazdowej wjecha\u0142 w \n<a class=\"moretag\" href=\"https:\/\/ostrowskatv.pl\/?p=25770\"> [...]<\/a>","protected":false},"author":1,"featured_media":25771,"comment_status":"open","ping_status":"closed","sticky":false,"template":"","format":"standard","meta":{"footnotes":""},"categories":[1],"tags":[48],"class_list":["post-25770","post","type-post","status-publish","format-standard","has-post-thumbnail","hentry","category-news","tag-kolizja"],"_links":{"self":[{"href":"https:\/\/ostrowskatv.pl\/index.php?rest_route=\/wp\/v2\/posts\/25770","targetHints":{"allow":["GET"]}}],"collection":[{"href":"https:\/\/ostrowskatv.pl\/index.php?rest_route=\/wp\/v2\/posts"}],"about":[{"href":"https:\/\/ostrowskatv.pl\/index.php?rest_route=\/wp\/v2\/types\/post"}],"author":[{"embeddable":true,"href":"https:\/\/ostrowskatv.pl\/index.php?rest_route=\/wp\/v2\/users\/1"}],"replies":[{"embeddable":true,"href":"https:\/\/ostrowskatv.pl\/index.php?rest_route=%2Fwp%2Fv2%2Fcomments&post=25770"}],"version-history":[{"count":0,"href":"https:\/\/ostrowskatv.pl\/index.php?rest_route=\/wp\/v2\/posts\/25770\/revisions"}],"wp:featuredmedia":[{"embeddable":true,"href":"https:\/\/ostrowskatv.pl\/index.php?rest_route=\/wp\/v2\/media\/25771"}],"wp:attachment":[{"href":"https:\/\/ostrowskatv.pl\/index.php?rest_route=%2Fwp%2Fv2%2Fmedia&parent=25770"}],"wp:term":[{"taxonomy":"category","embeddable":true,"href":"https:\/\/ostrowskatv.pl\/index.php?rest_route=%2Fwp%2Fv2%2Fcategories&post=25770"},{"taxonomy":"post_tag","embeddable":true,"href":"https:\/\/ostrowskatv.pl\/index.php?rest_route=%2Fwp%2Fv2%2Ftags&post=25770"}],"curies":[{"name":"wp","href":"https:\/\/api.w.org\/{rel}","templated":true}]}}