{"id":25632,"date":"2023-08-01T20:48:13","date_gmt":"2023-08-01T19:48:13","guid":{"rendered":"https:\/\/ostrowskatv.pl\/?p=25632"},"modified":"2023-08-01T20:48:13","modified_gmt":"2023-08-01T19:48:13","slug":"kolizje-na-alei-slowackiego","status":"publish","type":"post","link":"https:\/\/ostrowskatv.pl\/?p=25632","title":{"rendered":"Kolizje na alei S\u0142owackiego"},"content":{"rendered":"<p><strong>Do dw\u00f3ch kolizji dosz\u0142o na alei S\u0142owackiego w Ostrowie Wielkopolskim. Najpierw zderzy\u0142y si\u0119 3 auta, a p\u00f3\u017aniej dwa kolejne. <\/strong><\/p>\n<p>Oko\u0142o godziny 19 na przeciw Spomaxu kobieta zatrzyma\u0142a si\u0119 przed przej\u015bciem dla pieszych by przepu\u015bci\u0107 rowerzyst\u0119. Po chwili zosta\u0142a uderzona w ty\u0142. Wed\u0142ug jednej wersji jednokrotnie a wed\u0142ug drugiej dwukrotnie.<\/p>\n<p>Pojazdem hyundai i30 kierowa\u0142a r\u00f3wnie\u017c kobieta. Bia\u0142a osob\u00f3wka mia\u0142a mocno rozbity prz\u00f3d. Ostatnim autem by\u0142 ford z nieznacznym uszkodzeniem przodu co odpowiada\u0142o lekkiemu uszkodzeniu ty\u0142u hyundaia.<\/p>\n<p>Kobieta z czerwonej kia powiedzia\u0142a policjantowi, \u017ce czu\u0142a dwa uderzenia. M\u0119\u017cczyzna, kt\u00f3ry by\u0142 zwi\u0105zany z kieruj\u0105c\u0105 hyundaiem przekonywa\u0142, \u017ce ford tak mocno uderzy\u0142, \u017ce wepchn\u0105\u0142 hyundaia w ki\u0119.<\/p>\n<p><img loading=\"lazy\" decoding=\"async\" src=\"https:\/\/ostrowskatv.pl\/wp-content\/uploads\/2023\/08\/20230801_191412-01-300x184.jpeg\" alt=\"\" width=\"300\" height=\"184\" class=\"alignnone size-medium wp-image-25635\" srcset=\"https:\/\/ostrowskatv.pl\/wp-content\/uploads\/2023\/08\/20230801_191412-01-300x184.jpeg 300w, https:\/\/ostrowskatv.pl\/wp-content\/uploads\/2023\/08\/20230801_191412-01-1333x817.jpeg 1333w, https:\/\/ostrowskatv.pl\/wp-content\/uploads\/2023\/08\/20230801_191412-01.jpeg 1366w\" sizes=\"auto, (max-width: 300px) 100vw, 300px\" \/><\/p>\n<p><img loading=\"lazy\" decoding=\"async\" src=\"https:\/\/ostrowskatv.pl\/wp-content\/uploads\/2023\/08\/20230801_191425-01-300x191.jpeg\" alt=\"\" width=\"300\" height=\"191\" class=\"alignnone size-medium wp-image-25636\" srcset=\"https:\/\/ostrowskatv.pl\/wp-content\/uploads\/2023\/08\/20230801_191425-01-300x191.jpeg 300w, https:\/\/ostrowskatv.pl\/wp-content\/uploads\/2023\/08\/20230801_191425-01-1333x849.jpeg 1333w, https:\/\/ostrowskatv.pl\/wp-content\/uploads\/2023\/08\/20230801_191425-01.jpeg 1366w\" sizes=\"auto, (max-width: 300px) 100vw, 300px\" \/><\/p>\n<p><img loading=\"lazy\" decoding=\"async\" src=\"https:\/\/ostrowskatv.pl\/wp-content\/uploads\/2023\/08\/20230801_191429-01-300x190.jpeg\" alt=\"\" width=\"300\" height=\"190\" class=\"alignnone size-medium wp-image-25637\" srcset=\"https:\/\/ostrowskatv.pl\/wp-content\/uploads\/2023\/08\/20230801_191429-01-300x190.jpeg 300w, https:\/\/ostrowskatv.pl\/wp-content\/uploads\/2023\/08\/20230801_191429-01-1333x842.jpeg 1333w, https:\/\/ostrowskatv.pl\/wp-content\/uploads\/2023\/08\/20230801_191429-01.jpeg 1366w\" sizes=\"auto, (max-width: 300px) 100vw, 300px\" \/><\/p>\n<p>Dwie godziny p\u00f3\u017aniej przy skrzy\u017cowaniu z Konopnickiej auta zacz\u0119\u0142y hamowa\u0107. Kierowca opla nie zachowa\u0142 bezpiecznej odleg\u0142o\u015bci i uderzy\u0142 w ty\u0142 volkswagena. Tutaj wina jak i przebieg by\u0142y oczywiste.<\/p>\n<p><img loading=\"lazy\" decoding=\"async\" src=\"https:\/\/ostrowskatv.pl\/wp-content\/uploads\/2023\/08\/20230801_212000-01-300x165.jpeg\" alt=\"\" width=\"300\" height=\"165\" class=\"alignnone size-medium wp-image-25633\" srcset=\"https:\/\/ostrowskatv.pl\/wp-content\/uploads\/2023\/08\/20230801_212000-01-300x165.jpeg 300w, https:\/\/ostrowskatv.pl\/wp-content\/uploads\/2023\/08\/20230801_212000-01-1333x735.jpeg 1333w, https:\/\/ostrowskatv.pl\/wp-content\/uploads\/2023\/08\/20230801_212000-01.jpeg 1366w\" sizes=\"auto, (max-width: 300px) 100vw, 300px\" \/><\/p>\n<p><img loading=\"lazy\" decoding=\"async\" src=\"https:\/\/ostrowskatv.pl\/wp-content\/uploads\/2023\/08\/20230801_211828-01-300x188.jpeg\" alt=\"\" width=\"300\" height=\"188\" class=\"alignnone size-medium wp-image-25634\" srcset=\"https:\/\/ostrowskatv.pl\/wp-content\/uploads\/2023\/08\/20230801_211828-01-300x188.jpeg 300w, https:\/\/ostrowskatv.pl\/wp-content\/uploads\/2023\/08\/20230801_211828-01-1333x837.jpeg 1333w, https:\/\/ostrowskatv.pl\/wp-content\/uploads\/2023\/08\/20230801_211828-01.jpeg 1366w\" sizes=\"auto, (max-width: 300px) 100vw, 300px\" \/><\/p>\n","protected":false},"excerpt":{"rendered":"Do dw\u00f3ch kolizji dosz\u0142o na alei S\u0142owackiego w Ostrowie Wielkopolskim. Najpierw zderzy\u0142y si\u0119 3 auta, a p\u00f3\u017aniej dwa kolejne. Oko\u0142o godziny 19 na \n<a class=\"moretag\" href=\"https:\/\/ostrowskatv.pl\/?p=25632\"> [...]<\/a>","protected":false},"author":1,"featured_media":25633,"comment_status":"open","ping_status":"closed","sticky":false,"template":"","format":"standard","meta":{"footnotes":""},"categories":[1],"tags":[48],"class_list":["post-25632","post","type-post","status-publish","format-standard","has-post-thumbnail","hentry","category-news","tag-kolizja"],"_links":{"self":[{"href":"https:\/\/ostrowskatv.pl\/index.php?rest_route=\/wp\/v2\/posts\/25632","targetHints":{"allow":["GET"]}}],"collection":[{"href":"https:\/\/ostrowskatv.pl\/index.php?rest_route=\/wp\/v2\/posts"}],"about":[{"href":"https:\/\/ostrowskatv.pl\/index.php?rest_route=\/wp\/v2\/types\/post"}],"author":[{"embeddable":true,"href":"https:\/\/ostrowskatv.pl\/index.php?rest_route=\/wp\/v2\/users\/1"}],"replies":[{"embeddable":true,"href":"https:\/\/ostrowskatv.pl\/index.php?rest_route=%2Fwp%2Fv2%2Fcomments&post=25632"}],"version-history":[{"count":0,"href":"https:\/\/ostrowskatv.pl\/index.php?rest_route=\/wp\/v2\/posts\/25632\/revisions"}],"wp:featuredmedia":[{"embeddable":true,"href":"https:\/\/ostrowskatv.pl\/index.php?rest_route=\/wp\/v2\/media\/25633"}],"wp:attachment":[{"href":"https:\/\/ostrowskatv.pl\/index.php?rest_route=%2Fwp%2Fv2%2Fmedia&parent=25632"}],"wp:term":[{"taxonomy":"category","embeddable":true,"href":"https:\/\/ostrowskatv.pl\/index.php?rest_route=%2Fwp%2Fv2%2Fcategories&post=25632"},{"taxonomy":"post_tag","embeddable":true,"href":"https:\/\/ostrowskatv.pl\/index.php?rest_route=%2Fwp%2Fv2%2Ftags&post=25632"}],"curies":[{"name":"wp","href":"https:\/\/api.w.org\/{rel}","templated":true}]}}