{"id":25552,"date":"2023-07-28T09:21:19","date_gmt":"2023-07-28T08:21:19","guid":{"rendered":"https:\/\/ostrowskatv.pl\/?p=25552"},"modified":"2023-07-28T09:21:19","modified_gmt":"2023-07-28T08:21:19","slug":"zderzenie-poznanska-krotoszynska","status":"publish","type":"post","link":"https:\/\/ostrowskatv.pl\/?p=25552","title":{"rendered":"Zderzenie Pozna\u0144ska &#8211; Krotoszy\u0144ska"},"content":{"rendered":"<p><strong>Pi\u0105tkowe przedpo\u0142udnie rozpocz\u0119\u0142o si\u0119 od zderzenia busa z samochodem osobowym na skrzy\u017cowaniu ulic Pozna\u0144skiej i Krotoszy\u0144skiej w Ostrowie Wielkopolskim.<\/strong><\/p>\n<p>Ze wst\u0119pnych ustale\u0144 wynika, \u017ce kierowca busa iveco wymusi\u0142 pierwsze\u0144stwo i wjecha\u0142 w citroena c3. Kobieta jad\u0105ca osob\u00f3wk\u0105 zacz\u0119\u0142a uskar\u017ca\u0107 si\u0119 na dolegliwo\u015bci b\u00f3lowe i potrzebne by\u0142o wezwanie karetki pogotowia ratunkowego.<\/p>\n<p><img loading=\"lazy\" decoding=\"async\" src=\"https:\/\/ostrowskatv.pl\/wp-content\/uploads\/2023\/07\/20230728_095806-01-300x169.jpeg\" alt=\"\" width=\"300\" height=\"169\" class=\"alignnone size-medium wp-image-25553\" srcset=\"https:\/\/ostrowskatv.pl\/wp-content\/uploads\/2023\/07\/20230728_095806-01-300x169.jpeg 300w, https:\/\/ostrowskatv.pl\/wp-content\/uploads\/2023\/07\/20230728_095806-01-1333x750.jpeg 1333w, https:\/\/ostrowskatv.pl\/wp-content\/uploads\/2023\/07\/20230728_095806-01-388x220.jpeg 388w, https:\/\/ostrowskatv.pl\/wp-content\/uploads\/2023\/07\/20230728_095806-01.jpeg 1366w\" sizes=\"auto, (max-width: 300px) 100vw, 300px\" \/><\/p>\n<p><img loading=\"lazy\" decoding=\"async\" src=\"https:\/\/ostrowskatv.pl\/wp-content\/uploads\/2023\/07\/20230728_095756-01-300x163.jpeg\" alt=\"\" width=\"300\" height=\"163\" class=\"alignnone size-medium wp-image-25554\" srcset=\"https:\/\/ostrowskatv.pl\/wp-content\/uploads\/2023\/07\/20230728_095756-01-300x163.jpeg 300w, https:\/\/ostrowskatv.pl\/wp-content\/uploads\/2023\/07\/20230728_095756-01-1333x725.jpeg 1333w, https:\/\/ostrowskatv.pl\/wp-content\/uploads\/2023\/07\/20230728_095756-01.jpeg 1366w\" sizes=\"auto, (max-width: 300px) 100vw, 300px\" \/><\/p>\n<p><img loading=\"lazy\" decoding=\"async\" src=\"https:\/\/ostrowskatv.pl\/wp-content\/uploads\/2023\/07\/20230728_095742-01-300x257.jpeg\" alt=\"\" width=\"300\" height=\"257\" class=\"alignnone size-medium wp-image-25555\" srcset=\"https:\/\/ostrowskatv.pl\/wp-content\/uploads\/2023\/07\/20230728_095742-01-300x257.jpeg 300w, https:\/\/ostrowskatv.pl\/wp-content\/uploads\/2023\/07\/20230728_095742-01-1333x1144.jpeg 1333w, https:\/\/ostrowskatv.pl\/wp-content\/uploads\/2023\/07\/20230728_095742-01.jpeg 1366w\" sizes=\"auto, (max-width: 300px) 100vw, 300px\" \/><\/p>\n<p><img loading=\"lazy\" decoding=\"async\" src=\"https:\/\/ostrowskatv.pl\/wp-content\/uploads\/2023\/07\/20230728_095737-01-300x149.jpeg\" alt=\"\" width=\"300\" height=\"149\" class=\"alignnone size-medium wp-image-25556\" srcset=\"https:\/\/ostrowskatv.pl\/wp-content\/uploads\/2023\/07\/20230728_095737-01-300x149.jpeg 300w, https:\/\/ostrowskatv.pl\/wp-content\/uploads\/2023\/07\/20230728_095737-01-1333x663.jpeg 1333w, https:\/\/ostrowskatv.pl\/wp-content\/uploads\/2023\/07\/20230728_095737-01.jpeg 1366w\" sizes=\"auto, (max-width: 300px) 100vw, 300px\" \/><\/p>\n","protected":false},"excerpt":{"rendered":"Pi\u0105tkowe przedpo\u0142udnie rozpocz\u0119\u0142o si\u0119 od zderzenia busa z samochodem osobowym na skrzy\u017cowaniu ulic Pozna\u0144skiej i Krotoszy\u0144skiej w Ostrowie Wielkopolskim. Ze wst\u0119pnych ustale\u0144 wynika, \n<a class=\"moretag\" href=\"https:\/\/ostrowskatv.pl\/?p=25552\"> [...]<\/a>","protected":false},"author":1,"featured_media":25553,"comment_status":"open","ping_status":"closed","sticky":false,"template":"","format":"standard","meta":{"footnotes":""},"categories":[1],"tags":[2],"class_list":["post-25552","post","type-post","status-publish","format-standard","has-post-thumbnail","hentry","category-news","tag-ostrow-wielkopolski"],"_links":{"self":[{"href":"https:\/\/ostrowskatv.pl\/index.php?rest_route=\/wp\/v2\/posts\/25552","targetHints":{"allow":["GET"]}}],"collection":[{"href":"https:\/\/ostrowskatv.pl\/index.php?rest_route=\/wp\/v2\/posts"}],"about":[{"href":"https:\/\/ostrowskatv.pl\/index.php?rest_route=\/wp\/v2\/types\/post"}],"author":[{"embeddable":true,"href":"https:\/\/ostrowskatv.pl\/index.php?rest_route=\/wp\/v2\/users\/1"}],"replies":[{"embeddable":true,"href":"https:\/\/ostrowskatv.pl\/index.php?rest_route=%2Fwp%2Fv2%2Fcomments&post=25552"}],"version-history":[{"count":0,"href":"https:\/\/ostrowskatv.pl\/index.php?rest_route=\/wp\/v2\/posts\/25552\/revisions"}],"wp:featuredmedia":[{"embeddable":true,"href":"https:\/\/ostrowskatv.pl\/index.php?rest_route=\/wp\/v2\/media\/25553"}],"wp:attachment":[{"href":"https:\/\/ostrowskatv.pl\/index.php?rest_route=%2Fwp%2Fv2%2Fmedia&parent=25552"}],"wp:term":[{"taxonomy":"category","embeddable":true,"href":"https:\/\/ostrowskatv.pl\/index.php?rest_route=%2Fwp%2Fv2%2Fcategories&post=25552"},{"taxonomy":"post_tag","embeddable":true,"href":"https:\/\/ostrowskatv.pl\/index.php?rest_route=%2Fwp%2Fv2%2Ftags&post=25552"}],"curies":[{"name":"wp","href":"https:\/\/api.w.org\/{rel}","templated":true}]}}