{"id":25547,"date":"2023-07-28T06:33:06","date_gmt":"2023-07-28T05:33:06","guid":{"rendered":"https:\/\/ostrowskatv.pl\/?p=25547"},"modified":"2023-07-28T06:37:39","modified_gmt":"2023-07-28T05:37:39","slug":"pobili-mezczyzne-przy-dino","status":"publish","type":"post","link":"https:\/\/ostrowskatv.pl\/?p=25547","title":{"rendered":"Pobili m\u0119\u017cczyzn\u0119 przy Dino"},"content":{"rendered":"<p><strong>Do pobicia m\u0119\u017cczyzny dosz\u0142o w czwartek oko\u0142o godziny 22 przy sklepie Dino przy ulicy G\u0142ogowskiej w Ostrowie Wielkopolskim.<\/strong><\/p>\n<p>M\u0142odzi ludzie, kt\u00f3rzy byli \u015bwiadkami zdarzenia uzasadniali pobicie tym, \u017ce wcze\u015bniej pobity mia\u0142 zachowywa\u0107 si\u0119 niestosownie do kobiety. Zarzucali mu r\u00f3wnie\u017c, \u017ce siedzia\u0142 za przest\u0119pstwo przeciwko ma\u0142oletniemu czemu pobity stanowczo protestowa\u0142. Po przyje\u017adzie policji \u017c\u0105da\u0142 od policjanta by sprawdzi\u0142 i powiedzia\u0142 m\u0142odym ludziom, \u017ce nie jest pedof&#8230;<\/p>\n<p>Na miejsce wezwano karetk\u0119 pogotowia ratunkowego. Poszkodowany uskar\u017ca\u0142 si\u0119 na spory b\u00f3l \u017ceber. Wed\u0142ug niego sprawcami byli czterej m\u0142odzi m\u0119\u017cczy\u017ani. <\/p>\n<p><img loading=\"lazy\" decoding=\"async\" src=\"https:\/\/ostrowskatv.pl\/wp-content\/uploads\/2023\/07\/20230727_222828-01-300x177.jpeg\" alt=\"\" width=\"300\" height=\"177\" class=\"alignnone size-medium wp-image-25548\" srcset=\"https:\/\/ostrowskatv.pl\/wp-content\/uploads\/2023\/07\/20230727_222828-01-300x177.jpeg 300w, https:\/\/ostrowskatv.pl\/wp-content\/uploads\/2023\/07\/20230727_222828-01-1333x788.jpeg 1333w, https:\/\/ostrowskatv.pl\/wp-content\/uploads\/2023\/07\/20230727_222828-01-752x440.jpeg 752w, https:\/\/ostrowskatv.pl\/wp-content\/uploads\/2023\/07\/20230727_222828-01.jpeg 1366w\" sizes=\"auto, (max-width: 300px) 100vw, 300px\" \/><\/p>\n<p><img loading=\"lazy\" decoding=\"async\" src=\"https:\/\/ostrowskatv.pl\/wp-content\/uploads\/2023\/07\/20230727_223157-01-300x169.jpeg\" alt=\"\" width=\"300\" height=\"169\" class=\"alignnone size-medium wp-image-25549\" srcset=\"https:\/\/ostrowskatv.pl\/wp-content\/uploads\/2023\/07\/20230727_223157-01-300x169.jpeg 300w, https:\/\/ostrowskatv.pl\/wp-content\/uploads\/2023\/07\/20230727_223157-01-1333x750.jpeg 1333w, https:\/\/ostrowskatv.pl\/wp-content\/uploads\/2023\/07\/20230727_223157-01-388x220.jpeg 388w, https:\/\/ostrowskatv.pl\/wp-content\/uploads\/2023\/07\/20230727_223157-01.jpeg 1366w\" sizes=\"auto, (max-width: 300px) 100vw, 300px\" \/><\/p>\n","protected":false},"excerpt":{"rendered":"Do pobicia m\u0119\u017cczyzny dosz\u0142o w czwartek oko\u0142o godziny 22 przy sklepie Dino przy ulicy G\u0142ogowskiej w Ostrowie Wielkopolskim. M\u0142odzi ludzie, kt\u00f3rzy byli \u015bwiadkami \n<a class=\"moretag\" href=\"https:\/\/ostrowskatv.pl\/?p=25547\"> [...]<\/a>","protected":false},"author":1,"featured_media":25548,"comment_status":"open","ping_status":"closed","sticky":false,"template":"","format":"standard","meta":{"footnotes":""},"categories":[1],"tags":[247],"class_list":["post-25547","post","type-post","status-publish","format-standard","has-post-thumbnail","hentry","category-news","tag-pobicie"],"_links":{"self":[{"href":"https:\/\/ostrowskatv.pl\/index.php?rest_route=\/wp\/v2\/posts\/25547","targetHints":{"allow":["GET"]}}],"collection":[{"href":"https:\/\/ostrowskatv.pl\/index.php?rest_route=\/wp\/v2\/posts"}],"about":[{"href":"https:\/\/ostrowskatv.pl\/index.php?rest_route=\/wp\/v2\/types\/post"}],"author":[{"embeddable":true,"href":"https:\/\/ostrowskatv.pl\/index.php?rest_route=\/wp\/v2\/users\/1"}],"replies":[{"embeddable":true,"href":"https:\/\/ostrowskatv.pl\/index.php?rest_route=%2Fwp%2Fv2%2Fcomments&post=25547"}],"version-history":[{"count":0,"href":"https:\/\/ostrowskatv.pl\/index.php?rest_route=\/wp\/v2\/posts\/25547\/revisions"}],"wp:featuredmedia":[{"embeddable":true,"href":"https:\/\/ostrowskatv.pl\/index.php?rest_route=\/wp\/v2\/media\/25548"}],"wp:attachment":[{"href":"https:\/\/ostrowskatv.pl\/index.php?rest_route=%2Fwp%2Fv2%2Fmedia&parent=25547"}],"wp:term":[{"taxonomy":"category","embeddable":true,"href":"https:\/\/ostrowskatv.pl\/index.php?rest_route=%2Fwp%2Fv2%2Fcategories&post=25547"},{"taxonomy":"post_tag","embeddable":true,"href":"https:\/\/ostrowskatv.pl\/index.php?rest_route=%2Fwp%2Fv2%2Ftags&post=25547"}],"curies":[{"name":"wp","href":"https:\/\/api.w.org\/{rel}","templated":true}]}}