{"id":25527,"date":"2023-07-27T02:52:03","date_gmt":"2023-07-27T01:52:03","guid":{"rendered":"https:\/\/ostrowskatv.pl\/?p=25527"},"modified":"2023-07-27T02:52:03","modified_gmt":"2023-07-27T01:52:03","slug":"wypadek-przy-galerii-ostrovia-catering-nie-dojechal-zdjecia","status":"publish","type":"post","link":"https:\/\/ostrowskatv.pl\/?p=25527","title":{"rendered":"Wypadek przy galerii Ostrovia. Catering nie dojecha\u0142 (ZDJ\u0118CIA)"},"content":{"rendered":"<p><strong>O godzinie 2.30 dosz\u0142o do zderzenia dw\u00f3ch aut przy galerii Ostrovia. Wypadek mia\u0142 miejsce na skrzy\u017cowaniu przy w\u0142\u0105czonej sygnalizacji \u015bwietlnej.<\/strong><\/p>\n<p>Oba pojazdy jecha\u0142y od strony Kalisza do centrum Ostrowa. Niespe\u0142na 50-letni kierowca volkswagena zatrzyma\u0142 si\u0119 na czerwonym \u015bwietle. Jad\u0105ca za nim m\u0142oda kobieta nie zorientowa\u0142a si\u0119 w sytuacji i uderzy\u0142a w ty\u0142 stoj\u0105cego volkswagena.<\/p>\n<p>Okaza\u0142o si\u0119, \u017ce sprawczyni wypadku je\u017adzi w ramach jednej z pozna\u0144skich firm i rozwozi catering dietetyczny. Tej nocy przejecha\u0142a ju\u017c sporo kilometr\u00f3w.<\/p>\n<p>Poszkodowanego zabrano do szpitala.<\/p>\n<p><img loading=\"lazy\" decoding=\"async\" src=\"https:\/\/ostrowskatv.pl\/wp-content\/uploads\/2023\/07\/20230727_025229-01-300x186.jpeg\" alt=\"\" width=\"300\" height=\"186\" class=\"alignnone size-medium wp-image-25529\" srcset=\"https:\/\/ostrowskatv.pl\/wp-content\/uploads\/2023\/07\/20230727_025229-01-300x186.jpeg 300w, https:\/\/ostrowskatv.pl\/wp-content\/uploads\/2023\/07\/20230727_025229-01-1333x828.jpeg 1333w, https:\/\/ostrowskatv.pl\/wp-content\/uploads\/2023\/07\/20230727_025229-01.jpeg 1366w\" sizes=\"auto, (max-width: 300px) 100vw, 300px\" \/><\/p>\n<p><img loading=\"lazy\" decoding=\"async\" src=\"https:\/\/ostrowskatv.pl\/wp-content\/uploads\/2023\/07\/20230727_025304-01-300x169.jpeg\" alt=\"\" width=\"300\" height=\"169\" class=\"alignnone size-medium wp-image-25530\" srcset=\"https:\/\/ostrowskatv.pl\/wp-content\/uploads\/2023\/07\/20230727_025304-01-300x169.jpeg 300w, https:\/\/ostrowskatv.pl\/wp-content\/uploads\/2023\/07\/20230727_025304-01-1333x750.jpeg 1333w, https:\/\/ostrowskatv.pl\/wp-content\/uploads\/2023\/07\/20230727_025304-01-388x220.jpeg 388w, https:\/\/ostrowskatv.pl\/wp-content\/uploads\/2023\/07\/20230727_025304-01.jpeg 1366w\" sizes=\"auto, (max-width: 300px) 100vw, 300px\" \/><\/p>\n<p><img loading=\"lazy\" decoding=\"async\" src=\"https:\/\/ostrowskatv.pl\/wp-content\/uploads\/2023\/07\/20230727_025235-01-295x300.jpeg\" alt=\"\" width=\"295\" height=\"300\" class=\"alignnone size-medium wp-image-25531\" srcset=\"https:\/\/ostrowskatv.pl\/wp-content\/uploads\/2023\/07\/20230727_025235-01-295x300.jpeg 295w, https:\/\/ostrowskatv.pl\/wp-content\/uploads\/2023\/07\/20230727_025235-01.jpeg 1149w\" sizes=\"auto, (max-width: 295px) 100vw, 295px\" \/><\/p>\n<p><img loading=\"lazy\" decoding=\"async\" src=\"https:\/\/ostrowskatv.pl\/wp-content\/uploads\/2023\/07\/20230727_025418-01-300x160.jpeg\" alt=\"\" width=\"300\" height=\"160\" class=\"alignnone size-medium wp-image-25532\" srcset=\"https:\/\/ostrowskatv.pl\/wp-content\/uploads\/2023\/07\/20230727_025418-01-300x160.jpeg 300w, https:\/\/ostrowskatv.pl\/wp-content\/uploads\/2023\/07\/20230727_025418-01-1333x712.jpeg 1333w, https:\/\/ostrowskatv.pl\/wp-content\/uploads\/2023\/07\/20230727_025418-01.jpeg 1366w\" sizes=\"auto, (max-width: 300px) 100vw, 300px\" \/><\/p>\n<p><img loading=\"lazy\" decoding=\"async\" src=\"https:\/\/ostrowskatv.pl\/wp-content\/uploads\/2023\/07\/20230727_025322-01-300x195.jpeg\" alt=\"\" width=\"300\" height=\"195\" class=\"alignnone size-medium wp-image-25533\" srcset=\"https:\/\/ostrowskatv.pl\/wp-content\/uploads\/2023\/07\/20230727_025322-01-300x195.jpeg 300w, https:\/\/ostrowskatv.pl\/wp-content\/uploads\/2023\/07\/20230727_025322-01-1333x868.jpeg 1333w, https:\/\/ostrowskatv.pl\/wp-content\/uploads\/2023\/07\/20230727_025322-01.jpeg 1366w\" sizes=\"auto, (max-width: 300px) 100vw, 300px\" \/><\/p>\n<p><img loading=\"lazy\" decoding=\"async\" src=\"https:\/\/ostrowskatv.pl\/wp-content\/uploads\/2023\/07\/20230727_025429-01-300x175.jpeg\" alt=\"\" width=\"300\" height=\"175\" class=\"alignnone size-medium wp-image-25534\" srcset=\"https:\/\/ostrowskatv.pl\/wp-content\/uploads\/2023\/07\/20230727_025429-01-300x175.jpeg 300w, https:\/\/ostrowskatv.pl\/wp-content\/uploads\/2023\/07\/20230727_025429-01-1333x776.jpeg 1333w, https:\/\/ostrowskatv.pl\/wp-content\/uploads\/2023\/07\/20230727_025429-01-752x440.jpeg 752w, https:\/\/ostrowskatv.pl\/wp-content\/uploads\/2023\/07\/20230727_025429-01.jpeg 1365w\" sizes=\"auto, (max-width: 300px) 100vw, 300px\" \/><\/p>\n<p><img loading=\"lazy\" decoding=\"async\" src=\"https:\/\/ostrowskatv.pl\/wp-content\/uploads\/2023\/07\/20230727_025425-01-300x165.jpeg\" alt=\"\" width=\"300\" height=\"165\" class=\"alignnone size-medium wp-image-25535\" srcset=\"https:\/\/ostrowskatv.pl\/wp-content\/uploads\/2023\/07\/20230727_025425-01-300x165.jpeg 300w, https:\/\/ostrowskatv.pl\/wp-content\/uploads\/2023\/07\/20230727_025425-01-1333x734.jpeg 1333w, https:\/\/ostrowskatv.pl\/wp-content\/uploads\/2023\/07\/20230727_025425-01.jpeg 1366w\" sizes=\"auto, (max-width: 300px) 100vw, 300px\" \/><\/p>\n<p><img loading=\"lazy\" decoding=\"async\" src=\"https:\/\/ostrowskatv.pl\/wp-content\/uploads\/2023\/07\/20230727_030202-01-300x169.jpeg\" alt=\"\" width=\"300\" height=\"169\" class=\"alignnone size-medium wp-image-25536\" srcset=\"https:\/\/ostrowskatv.pl\/wp-content\/uploads\/2023\/07\/20230727_030202-01-300x169.jpeg 300w, https:\/\/ostrowskatv.pl\/wp-content\/uploads\/2023\/07\/20230727_030202-01-1333x750.jpeg 1333w, https:\/\/ostrowskatv.pl\/wp-content\/uploads\/2023\/07\/20230727_030202-01-388x220.jpeg 388w, https:\/\/ostrowskatv.pl\/wp-content\/uploads\/2023\/07\/20230727_030202-01.jpeg 1366w\" sizes=\"auto, (max-width: 300px) 100vw, 300px\" \/><\/p>\n<p><img loading=\"lazy\" decoding=\"async\" src=\"https:\/\/ostrowskatv.pl\/wp-content\/uploads\/2023\/07\/20230727_030937-01-300x169.jpeg\" alt=\"\" width=\"300\" height=\"169\" class=\"alignnone size-medium wp-image-25537\" srcset=\"https:\/\/ostrowskatv.pl\/wp-content\/uploads\/2023\/07\/20230727_030937-01-300x169.jpeg 300w, https:\/\/ostrowskatv.pl\/wp-content\/uploads\/2023\/07\/20230727_030937-01-1333x750.jpeg 1333w, https:\/\/ostrowskatv.pl\/wp-content\/uploads\/2023\/07\/20230727_030937-01-388x220.jpeg 388w, https:\/\/ostrowskatv.pl\/wp-content\/uploads\/2023\/07\/20230727_030937-01.jpeg 1366w\" sizes=\"auto, (max-width: 300px) 100vw, 300px\" \/><\/p>\n","protected":false},"excerpt":{"rendered":"O godzinie 2.30 dosz\u0142o do zderzenia dw\u00f3ch aut przy galerii Ostrovia. Wypadek mia\u0142 miejsce na skrzy\u017cowaniu przy w\u0142\u0105czonej sygnalizacji \u015bwietlnej. Oba pojazdy jecha\u0142y \n<a class=\"moretag\" href=\"https:\/\/ostrowskatv.pl\/?p=25527\"> [...]<\/a>","protected":false},"author":1,"featured_media":25529,"comment_status":"open","ping_status":"closed","sticky":false,"template":"","format":"standard","meta":{"footnotes":""},"categories":[1],"tags":[2],"class_list":["post-25527","post","type-post","status-publish","format-standard","has-post-thumbnail","hentry","category-news","tag-ostrow-wielkopolski"],"_links":{"self":[{"href":"https:\/\/ostrowskatv.pl\/index.php?rest_route=\/wp\/v2\/posts\/25527","targetHints":{"allow":["GET"]}}],"collection":[{"href":"https:\/\/ostrowskatv.pl\/index.php?rest_route=\/wp\/v2\/posts"}],"about":[{"href":"https:\/\/ostrowskatv.pl\/index.php?rest_route=\/wp\/v2\/types\/post"}],"author":[{"embeddable":true,"href":"https:\/\/ostrowskatv.pl\/index.php?rest_route=\/wp\/v2\/users\/1"}],"replies":[{"embeddable":true,"href":"https:\/\/ostrowskatv.pl\/index.php?rest_route=%2Fwp%2Fv2%2Fcomments&post=25527"}],"version-history":[{"count":0,"href":"https:\/\/ostrowskatv.pl\/index.php?rest_route=\/wp\/v2\/posts\/25527\/revisions"}],"wp:featuredmedia":[{"embeddable":true,"href":"https:\/\/ostrowskatv.pl\/index.php?rest_route=\/wp\/v2\/media\/25529"}],"wp:attachment":[{"href":"https:\/\/ostrowskatv.pl\/index.php?rest_route=%2Fwp%2Fv2%2Fmedia&parent=25527"}],"wp:term":[{"taxonomy":"category","embeddable":true,"href":"https:\/\/ostrowskatv.pl\/index.php?rest_route=%2Fwp%2Fv2%2Fcategories&post=25527"},{"taxonomy":"post_tag","embeddable":true,"href":"https:\/\/ostrowskatv.pl\/index.php?rest_route=%2Fwp%2Fv2%2Ftags&post=25527"}],"curies":[{"name":"wp","href":"https:\/\/api.w.org\/{rel}","templated":true}]}}