{"id":25516,"date":"2023-07-27T02:38:11","date_gmt":"2023-07-27T01:38:11","guid":{"rendered":"https:\/\/ostrowskatv.pl\/?p=25516"},"modified":"2023-07-27T02:38:11","modified_gmt":"2023-07-27T01:38:11","slug":"po-zderzeniu-auto-wjechalo-w-dom-wyszla-na-jaw-prawda-o-nowym-aucie-zdjecia","status":"publish","type":"post","link":"https:\/\/ostrowskatv.pl\/?p=25516","title":{"rendered":"Po zderzeniu auto wjecha\u0142o w dom. Wysz\u0142a na jaw prawda o &#8222;nowym&#8221; aucie (ZDJ\u0118CIA)"},"content":{"rendered":"<p><strong>W \u015brodowy wiecz\u00f3r dosz\u0142o do wypadku dw\u00f3ch aut osobowych w miejscowo\u015bci Zacharzew na drodze krajowej nr 36. Jedna osoba zosta\u0142a poszkodowana.<\/strong><\/p>\n<p>Kierowca volkswagena pr\u00f3bowa\u0142 w\u0142\u0105czy\u0107 si\u0119 do ruchu i nie zauwa\u017cy\u0142 nadje\u017cd\u017caj\u0105cej bia\u0142ej Toyoty. Samoch\u00f3d poszkodowanej zosta\u0142 wytr\u0105cony z toru jazdy i wjecha\u0142 na poblisk\u0105 posesj\u0119, taranuj\u0105c ogrodzenie i lekko muskaj\u0105c naro\u017cnik domu.<\/p>\n<p>Kieruj\u0105ca toyot\u0105 zosta\u0142a zabrana do karetki z powodu dolegliwo\u015bci b\u00f3lowych. Okaza\u0142o si\u0119, \u017ce miesi\u0105c temu kupi\u0142a samoch\u00f3d z komisu i mia\u0142 by\u0107 &#8222;bezwypadkowy&#8221;. Jednak na prawym tylnym nadkolu wysz\u0142a warstwa szpachli.<\/p>\n<p><img loading=\"lazy\" decoding=\"async\" src=\"https:\/\/ostrowskatv.pl\/wp-content\/uploads\/2023\/07\/20230726_203104-01-300x161.jpeg\" alt=\"\" width=\"300\" height=\"161\" class=\"alignnone size-medium wp-image-25517\" srcset=\"https:\/\/ostrowskatv.pl\/wp-content\/uploads\/2023\/07\/20230726_203104-01-300x161.jpeg 300w, https:\/\/ostrowskatv.pl\/wp-content\/uploads\/2023\/07\/20230726_203104-01-1333x714.jpeg 1333w, https:\/\/ostrowskatv.pl\/wp-content\/uploads\/2023\/07\/20230726_203104-01.jpeg 1366w\" sizes=\"auto, (max-width: 300px) 100vw, 300px\" \/><\/p>\n<p><img loading=\"lazy\" decoding=\"async\" src=\"https:\/\/ostrowskatv.pl\/wp-content\/uploads\/2023\/07\/20230726_203120-01-300x159.jpeg\" alt=\"\" width=\"300\" height=\"159\" class=\"alignnone size-medium wp-image-25518\" srcset=\"https:\/\/ostrowskatv.pl\/wp-content\/uploads\/2023\/07\/20230726_203120-01-300x159.jpeg 300w, https:\/\/ostrowskatv.pl\/wp-content\/uploads\/2023\/07\/20230726_203120-01-1333x708.jpeg 1333w, https:\/\/ostrowskatv.pl\/wp-content\/uploads\/2023\/07\/20230726_203120-01.jpeg 1366w\" sizes=\"auto, (max-width: 300px) 100vw, 300px\" \/><\/p>\n<p><img loading=\"lazy\" decoding=\"async\" src=\"https:\/\/ostrowskatv.pl\/wp-content\/uploads\/2023\/07\/20230726_203106-01-300x175.jpeg\" alt=\"\" width=\"300\" height=\"175\" class=\"alignnone size-medium wp-image-25519\" srcset=\"https:\/\/ostrowskatv.pl\/wp-content\/uploads\/2023\/07\/20230726_203106-01-300x175.jpeg 300w, https:\/\/ostrowskatv.pl\/wp-content\/uploads\/2023\/07\/20230726_203106-01-1333x780.jpeg 1333w, https:\/\/ostrowskatv.pl\/wp-content\/uploads\/2023\/07\/20230726_203106-01-752x440.jpeg 752w, https:\/\/ostrowskatv.pl\/wp-content\/uploads\/2023\/07\/20230726_203106-01.jpeg 1366w\" sizes=\"auto, (max-width: 300px) 100vw, 300px\" \/><\/p>\n<p><img loading=\"lazy\" decoding=\"async\" src=\"https:\/\/ostrowskatv.pl\/wp-content\/uploads\/2023\/07\/20230726_203233-01-300x213.jpeg\" alt=\"\" width=\"300\" height=\"213\" class=\"alignnone size-medium wp-image-25520\" srcset=\"https:\/\/ostrowskatv.pl\/wp-content\/uploads\/2023\/07\/20230726_203233-01-300x213.jpeg 300w, https:\/\/ostrowskatv.pl\/wp-content\/uploads\/2023\/07\/20230726_203233-01-1333x945.jpeg 1333w, https:\/\/ostrowskatv.pl\/wp-content\/uploads\/2023\/07\/20230726_203233-01-120x85.jpeg 120w, https:\/\/ostrowskatv.pl\/wp-content\/uploads\/2023\/07\/20230726_203233-01.jpeg 1366w\" sizes=\"auto, (max-width: 300px) 100vw, 300px\" \/><\/p>\n<p><img loading=\"lazy\" decoding=\"async\" src=\"https:\/\/ostrowskatv.pl\/wp-content\/uploads\/2023\/07\/20230726_203124-01-300x169.jpeg\" alt=\"\" width=\"300\" height=\"169\" class=\"alignnone size-medium wp-image-25521\" srcset=\"https:\/\/ostrowskatv.pl\/wp-content\/uploads\/2023\/07\/20230726_203124-01-300x169.jpeg 300w, https:\/\/ostrowskatv.pl\/wp-content\/uploads\/2023\/07\/20230726_203124-01-1333x750.jpeg 1333w, https:\/\/ostrowskatv.pl\/wp-content\/uploads\/2023\/07\/20230726_203124-01-388x220.jpeg 388w, https:\/\/ostrowskatv.pl\/wp-content\/uploads\/2023\/07\/20230726_203124-01.jpeg 1366w\" sizes=\"auto, (max-width: 300px) 100vw, 300px\" \/><\/p>\n<p><img loading=\"lazy\" decoding=\"async\" src=\"https:\/\/ostrowskatv.pl\/wp-content\/uploads\/2023\/07\/20230726_203523-01-300x169.jpeg\" alt=\"\" width=\"300\" height=\"169\" class=\"alignnone size-medium wp-image-25522\" srcset=\"https:\/\/ostrowskatv.pl\/wp-content\/uploads\/2023\/07\/20230726_203523-01-300x169.jpeg 300w, https:\/\/ostrowskatv.pl\/wp-content\/uploads\/2023\/07\/20230726_203523-01-1333x750.jpeg 1333w, https:\/\/ostrowskatv.pl\/wp-content\/uploads\/2023\/07\/20230726_203523-01-388x220.jpeg 388w, https:\/\/ostrowskatv.pl\/wp-content\/uploads\/2023\/07\/20230726_203523-01.jpeg 1366w\" sizes=\"auto, (max-width: 300px) 100vw, 300px\" \/><\/p>\n<p><img loading=\"lazy\" decoding=\"async\" src=\"https:\/\/ostrowskatv.pl\/wp-content\/uploads\/2023\/07\/20230726_203519-01-300x146.jpeg\" alt=\"\" width=\"300\" height=\"146\" class=\"alignnone size-medium wp-image-25523\" srcset=\"https:\/\/ostrowskatv.pl\/wp-content\/uploads\/2023\/07\/20230726_203519-01-300x146.jpeg 300w, https:\/\/ostrowskatv.pl\/wp-content\/uploads\/2023\/07\/20230726_203519-01-1333x647.jpeg 1333w, https:\/\/ostrowskatv.pl\/wp-content\/uploads\/2023\/07\/20230726_203519-01.jpeg 1366w\" sizes=\"auto, (max-width: 300px) 100vw, 300px\" \/><\/p>\n<p><img loading=\"lazy\" decoding=\"async\" src=\"https:\/\/ostrowskatv.pl\/wp-content\/uploads\/2023\/07\/20230726_203734-01-252x300.jpeg\" alt=\"\" width=\"252\" height=\"300\" class=\"alignnone size-medium wp-image-25524\" srcset=\"https:\/\/ostrowskatv.pl\/wp-content\/uploads\/2023\/07\/20230726_203734-01-252x300.jpeg 252w, https:\/\/ostrowskatv.pl\/wp-content\/uploads\/2023\/07\/20230726_203734-01-1121x1333.jpeg 1121w, https:\/\/ostrowskatv.pl\/wp-content\/uploads\/2023\/07\/20230726_203734-01.jpeg 1149w\" sizes=\"auto, (max-width: 252px) 100vw, 252px\" \/><\/p>\n<p><img loading=\"lazy\" decoding=\"async\" src=\"https:\/\/ostrowskatv.pl\/wp-content\/uploads\/2023\/07\/20230726_204129-01-300x169.jpeg\" alt=\"\" width=\"300\" height=\"169\" class=\"alignnone size-medium wp-image-25525\" srcset=\"https:\/\/ostrowskatv.pl\/wp-content\/uploads\/2023\/07\/20230726_204129-01-300x169.jpeg 300w, https:\/\/ostrowskatv.pl\/wp-content\/uploads\/2023\/07\/20230726_204129-01-1333x750.jpeg 1333w, https:\/\/ostrowskatv.pl\/wp-content\/uploads\/2023\/07\/20230726_204129-01-388x220.jpeg 388w, https:\/\/ostrowskatv.pl\/wp-content\/uploads\/2023\/07\/20230726_204129-01.jpeg 1366w\" sizes=\"auto, (max-width: 300px) 100vw, 300px\" \/><\/p>\n","protected":false},"excerpt":{"rendered":"W \u015brodowy wiecz\u00f3r dosz\u0142o do wypadku dw\u00f3ch aut osobowych w miejscowo\u015bci Zacharzew na drodze krajowej nr 36. Jedna osoba zosta\u0142a poszkodowana. Kierowca volkswagena \n<a class=\"moretag\" href=\"https:\/\/ostrowskatv.pl\/?p=25516\"> [...]<\/a>","protected":false},"author":1,"featured_media":25523,"comment_status":"open","ping_status":"closed","sticky":false,"template":"","format":"standard","meta":{"footnotes":""},"categories":[1],"tags":[210],"class_list":["post-25516","post","type-post","status-publish","format-standard","has-post-thumbnail","hentry","category-news","tag-zacharzew"],"_links":{"self":[{"href":"https:\/\/ostrowskatv.pl\/index.php?rest_route=\/wp\/v2\/posts\/25516","targetHints":{"allow":["GET"]}}],"collection":[{"href":"https:\/\/ostrowskatv.pl\/index.php?rest_route=\/wp\/v2\/posts"}],"about":[{"href":"https:\/\/ostrowskatv.pl\/index.php?rest_route=\/wp\/v2\/types\/post"}],"author":[{"embeddable":true,"href":"https:\/\/ostrowskatv.pl\/index.php?rest_route=\/wp\/v2\/users\/1"}],"replies":[{"embeddable":true,"href":"https:\/\/ostrowskatv.pl\/index.php?rest_route=%2Fwp%2Fv2%2Fcomments&post=25516"}],"version-history":[{"count":0,"href":"https:\/\/ostrowskatv.pl\/index.php?rest_route=\/wp\/v2\/posts\/25516\/revisions"}],"wp:featuredmedia":[{"embeddable":true,"href":"https:\/\/ostrowskatv.pl\/index.php?rest_route=\/wp\/v2\/media\/25523"}],"wp:attachment":[{"href":"https:\/\/ostrowskatv.pl\/index.php?rest_route=%2Fwp%2Fv2%2Fmedia&parent=25516"}],"wp:term":[{"taxonomy":"category","embeddable":true,"href":"https:\/\/ostrowskatv.pl\/index.php?rest_route=%2Fwp%2Fv2%2Fcategories&post=25516"},{"taxonomy":"post_tag","embeddable":true,"href":"https:\/\/ostrowskatv.pl\/index.php?rest_route=%2Fwp%2Fv2%2Ftags&post=25516"}],"curies":[{"name":"wp","href":"https:\/\/api.w.org\/{rel}","templated":true}]}}