{"id":254,"date":"2016-01-27T17:54:26","date_gmt":"2016-01-27T16:54:26","guid":{"rendered":"http:\/\/ostrowska.tv\/?p=254"},"modified":"2016-01-27T22:07:15","modified_gmt":"2016-01-27T21:07:15","slug":"prezydent-broni-likwidacji-holdikomu","status":"publish","type":"post","link":"https:\/\/ostrowskatv.pl\/?p=254","title":{"rendered":"Prezydent broni likwidacji Holdikomu"},"content":{"rendered":"<p><strong>Podczas Sesji Rady Miejskiej prezydent Ostrowa Wielkopolskiego przekonywa\u0142a, \u017ce dosz\u0142o do likwidacji Holdikomu, a nie do zmiany jego nazwy. Beata Klimek om\u00f3wi\u0142a r\u00f3wnie\u017c zadania nowej sp\u00f3\u0142ki, kt\u00f3r\u0105 jest Centrum Rozwoju Komunalnego.<\/strong><\/p>\n<p>Do tej pory wielu radnych ostro krytykowa\u0142o Beat\u0119 Klimek za spraw\u0119 Holdikomu. Wielu z nich przekonywa\u0142o, \u017ce nie dosz\u0142o do \u017cadnej likwidacji, lecz do zmiany nazwy tylko po to, \u017ceby &#8222;odhaczy\u0107&#8221; obetnic\u0119 z\u0142o\u017con\u0105 przed wyborami samorz\u0105dowymi. Obrazowo temat podsumowywa\u0142 wcze\u015bniej na naszych \u0142amach by\u0142y prezydent Ostrowa Jaros\u0142aw Urbaniak. \u2013 Bierzemy krow\u0119, zwo\u0142ujemy komisj\u0119, a ta za ogromne pieni\u0105dze robi audyt. P\u00f3\u017aniej kupujemy naklejk\u0119 z napisem ko\u0144 i naklejamy j\u0105 na krow\u0119. W ten spos\u00f3b powstaje ko\u0144. Tak przebiega\u0142a s\u0142ynna likwidacja Holdikomu \u2013 ironizowa\u0142 Urbaniak.<\/p>\n<p>Wt\u00f3rowali mu radni Platformy Obywatelskiej, kt\u00f3rzy wskazywali na szereg podobie\u0144stw pomi\u0119dzy Holdikomem a CRK. Na wszystkie zarzuty odpowiedzia\u0142a prezydent Ostrowa Wielkopolskiego, kt\u00f3ra przedstawi\u0142a wizj\u0119 dzia\u0142ania nowej sp\u00f3\u0142ki. &#8211; CRK b\u0119dzie przede wszystkim ta\u0144sze \u2013 podkre\u015bla\u0142a Beata Klimek. &#8211; Sp\u00f3\u0142ka ma s\u0142u\u017cy\u0107 wprowadzaniu innowacyjnych rozwi\u0105za\u0144 w sektorze komunalnym. Holdikom by\u0142 z\u0142\u0105 wizyt\u00f3wk\u0105 naszego miasta, kt\u00f3ra kojarzy\u0142a si\u0119 z przejadaniem pieni\u0119dzy mieszka\u0144c\u00f3w czy przerostem zatrudnienia. CRK powstaje na jego gruzach \u2013 wyja\u015bnia\u0142a.<\/p>\n<p>Beata Klimek poinformowa\u0142a, \u017ce CRK b\u0119dzie dokonywa\u0107 wielu inwestycji. &#8211; Ta sp\u00f3\u0142ka ma by\u0107 samowystarczalna. Dywidentny od sp\u00f3\u0142ek c\u00f3rek b\u0119d\u0105 przeznaczane na milionowe inwestycje komunalne pod auspicjami CRK \u2013 t\u0142umaczy\u0142a.<\/p>\n<p>Prezydent odnios\u0142a si\u0119 tak\u017ce do audytu, kt\u00f3ry za kwot\u0119 49 tys. z\u0142 zosta\u0142 przeprowadzony w Holdikomie. W ocenie radnych Platformy Obywatelskiej jedynym wnioskiem, jaki z niego wyp\u0142ywa\u0142, by\u0142o stwierdzenie, \u017ce &#8222;Holdikomu nie da si\u0119 od tak zlikwidowa\u0107&#8221;. &#8211; To nieprawda. Ten audyt pokaza\u0142 nam, co w Holdikomie by\u0142o dysfunkcyjne. A koszt jego przeprowadzenia nie powinien nikogo dziwi\u0107, bo m\u00f3wimy o sp\u00f3\u0142ce, kt\u00f3rej maj\u0105tek jest szacowany na 80 milion\u00f3w z\u0142otych. Swojemu poprzednikowi przypomn\u0119 natomiast, \u017ce takie kwoty p\u0142aci\u0142 za pojedyncze opinie prawne \u2013 doda\u0142a na zako\u0144czenie Beata Klimek.<\/p>\n<p>Czy przekonuj\u0105 Pa\u0144stwo argumenty prezydent Ostrowa Wielkopolskiego? Zach\u0119camy do dyskusji w komentarzach.<\/p>\n","protected":false},"excerpt":{"rendered":"Podczas Sesji Rady Miejskiej prezydent Ostrowa Wielkopolskiego przekonywa\u0142a, \u017ce dosz\u0142o do likwidacji Holdikomu, a nie do zmiany jego nazwy. Beata Klimek om\u00f3wi\u0142a r\u00f3wnie\u017c \n<a class=\"moretag\" href=\"https:\/\/ostrowskatv.pl\/?p=254\"> [...]<\/a>","protected":false},"author":1,"featured_media":255,"comment_status":"open","ping_status":"open","sticky":false,"template":"","format":"standard","meta":{"footnotes":""},"categories":[1],"tags":[18],"class_list":["post-254","post","type-post","status-publish","format-standard","has-post-thumbnail","hentry","category-news","tag-holdikom"],"_links":{"self":[{"href":"https:\/\/ostrowskatv.pl\/index.php?rest_route=\/wp\/v2\/posts\/254","targetHints":{"allow":["GET"]}}],"collection":[{"href":"https:\/\/ostrowskatv.pl\/index.php?rest_route=\/wp\/v2\/posts"}],"about":[{"href":"https:\/\/ostrowskatv.pl\/index.php?rest_route=\/wp\/v2\/types\/post"}],"author":[{"embeddable":true,"href":"https:\/\/ostrowskatv.pl\/index.php?rest_route=\/wp\/v2\/users\/1"}],"replies":[{"embeddable":true,"href":"https:\/\/ostrowskatv.pl\/index.php?rest_route=%2Fwp%2Fv2%2Fcomments&post=254"}],"version-history":[{"count":0,"href":"https:\/\/ostrowskatv.pl\/index.php?rest_route=\/wp\/v2\/posts\/254\/revisions"}],"wp:featuredmedia":[{"embeddable":true,"href":"https:\/\/ostrowskatv.pl\/index.php?rest_route=\/wp\/v2\/media\/255"}],"wp:attachment":[{"href":"https:\/\/ostrowskatv.pl\/index.php?rest_route=%2Fwp%2Fv2%2Fmedia&parent=254"}],"wp:term":[{"taxonomy":"category","embeddable":true,"href":"https:\/\/ostrowskatv.pl\/index.php?rest_route=%2Fwp%2Fv2%2Fcategories&post=254"},{"taxonomy":"post_tag","embeddable":true,"href":"https:\/\/ostrowskatv.pl\/index.php?rest_route=%2Fwp%2Fv2%2Ftags&post=254"}],"curies":[{"name":"wp","href":"https:\/\/api.w.org\/{rel}","templated":true}]}}