{"id":25378,"date":"2023-07-22T19:10:50","date_gmt":"2023-07-22T18:10:50","guid":{"rendered":"https:\/\/ostrowskatv.pl\/?p=25378"},"modified":"2023-07-22T19:15:37","modified_gmt":"2023-07-22T18:15:37","slug":"piknik-rodzinny-z-wieloma-atrakcjami-zdjecia","status":"publish","type":"post","link":"https:\/\/ostrowskatv.pl\/?p=25378","title":{"rendered":"Piknik Rodzinny z wieloma atrakcjami (ZDJ\u0118CIA)"},"content":{"rendered":"<p><strong>W sobotnie po\u0142udnie rozpocz\u0105\u0142 si\u0119 Piknik Rodzinny w Krotoszynie. Wydarzenie wyj\u0105tkowe, poniewa\u017c podczas niego mo\u017cna by\u0142o skorzysta\u0107 z szeregu bezp\u0142atnych atrakcji przygotowanych dla dzieci przez Ministerstwo Rodziny i Polityki Spo\u0142ecznej. Dodatkowo by\u0142a okazja do porozmawiania z premierem Mateuszem Morawieckim i minister Marlen\u0105 Mal\u0105g.<\/strong><\/p>\n<p>Dla dzieci przygotowano zamki dmuchane, stoiska z mo\u017c\u0142iwo\u015bci\u0105 uk\u0142adania klock\u00f3w, wykonywania eksperyment\u00f3w naukowych i wiele innych atrakcji. Na rozpocz\u0119ciu pikniku minister Marlena Mal\u0105g wypowiedzia\u0142a si\u0119 dla medi\u00f3w:<\/p>\n<blockquote><p>&#8211; Dzi\u0119kuj\u0119 panu Premierowi, \u017ce jest z Pa\u0144stwem i dla Pa\u0144stwa. Jeste\u015bmy wiarygodni i chcemy by\u0107 wiarygodni. Realizujemy programy spo\u0142eczne, kt\u00f3re s\u0142u\u017c\u0105 drugiemu cz\u0142owiekowi. To wszystkie inwestycje w ramach Polskiego \u0141adu oraz r\u00f3\u017cnych program\u00f3w, kt\u00f3re zmieniaj\u0105 oblicze Polski. Kt\u00f3re pokazuj\u0105, \u017ce najmniejsze miejscowo\u015bci s\u0105 dla nas bardzo wa\u017cne. To wam maj\u0105 s\u0142u\u017cy\u0107 programy spo\u0142eczne. One trafiaj\u0105 dla polskich rodzin. Program 500+, kt\u00f3ry jest historyczn\u0105, filozoficzn\u0105 zmian\u0105, kt\u00f3ra pokazuje dok\u0105d zmierza rz\u0105d Prawa i Sprawiedliwo\u015bci. &#8211; m\u00f3wi\u0142a minister Marlena Mal\u0105g.<\/p><\/blockquote>\n<blockquote><p>&#8211; W najbli\u017cszym tygodniu Sejm odrzuci poprawki przedstawione przez opozycj\u0119, kt\u00f3ra w programie chce wprowadzi\u0107 ferment. My chcemy z wiarygodno\u015bci\u0105, konsekwentnie realizowa\u0107 sw\u00f3j program. Na ziemi\u0119 krotoszy\u0144sk\u0105 z programu 500+, kapita\u0142 opieku\u0144czy, dobry start trafi\u0142o ponad 300 milion\u00f3w z\u0142otych. &#8211; wymienia\u0142a minister Mal\u0105g.<\/p><\/blockquote>\n<p><img loading=\"lazy\" decoding=\"async\" src=\"https:\/\/ostrowskatv.pl\/wp-content\/uploads\/2023\/07\/krotoszyn24-1.jpg\" alt=\"\" width=\"1333\" height=\"815\" class=\"alignnone size-full wp-image-25429\" srcset=\"https:\/\/ostrowskatv.pl\/wp-content\/uploads\/2023\/07\/krotoszyn24-1.jpg 1333w, https:\/\/ostrowskatv.pl\/wp-content\/uploads\/2023\/07\/krotoszyn24-1-300x183.jpg 300w\" sizes=\"auto, (max-width: 1333px) 100vw, 1333px\" \/><\/p>\n<p><img loading=\"lazy\" decoding=\"async\" src=\"https:\/\/ostrowskatv.pl\/wp-content\/uploads\/2023\/07\/krotoszyn23-1.jpg\" alt=\"\" width=\"1333\" height=\"889\" class=\"alignnone size-full wp-image-25428\" srcset=\"https:\/\/ostrowskatv.pl\/wp-content\/uploads\/2023\/07\/krotoszyn23-1.jpg 1333w, https:\/\/ostrowskatv.pl\/wp-content\/uploads\/2023\/07\/krotoszyn23-1-300x200.jpg 300w\" sizes=\"auto, (max-width: 1333px) 100vw, 1333px\" \/><\/p>\n<p><img loading=\"lazy\" decoding=\"async\" src=\"https:\/\/ostrowskatv.pl\/wp-content\/uploads\/2023\/07\/krotoszyn22-1.jpg\" alt=\"\" width=\"1333\" height=\"812\" class=\"alignnone size-full wp-image-25427\" srcset=\"https:\/\/ostrowskatv.pl\/wp-content\/uploads\/2023\/07\/krotoszyn22-1.jpg 1333w, https:\/\/ostrowskatv.pl\/wp-content\/uploads\/2023\/07\/krotoszyn22-1-300x183.jpg 300w\" sizes=\"auto, (max-width: 1333px) 100vw, 1333px\" \/><\/p>\n<p><img loading=\"lazy\" decoding=\"async\" src=\"https:\/\/ostrowskatv.pl\/wp-content\/uploads\/2023\/07\/krotoszyn21-1.jpg\" alt=\"\" width=\"1333\" height=\"702\" class=\"alignnone size-full wp-image-25426\" srcset=\"https:\/\/ostrowskatv.pl\/wp-content\/uploads\/2023\/07\/krotoszyn21-1.jpg 1333w, https:\/\/ostrowskatv.pl\/wp-content\/uploads\/2023\/07\/krotoszyn21-1-300x158.jpg 300w\" sizes=\"auto, (max-width: 1333px) 100vw, 1333px\" \/><\/p>\n<p><img loading=\"lazy\" decoding=\"async\" src=\"https:\/\/ostrowskatv.pl\/wp-content\/uploads\/2023\/07\/krotoszyn20-1.jpg\" alt=\"\" width=\"1333\" height=\"889\" class=\"alignnone size-full wp-image-25425\" srcset=\"https:\/\/ostrowskatv.pl\/wp-content\/uploads\/2023\/07\/krotoszyn20-1.jpg 1333w, https:\/\/ostrowskatv.pl\/wp-content\/uploads\/2023\/07\/krotoszyn20-1-300x200.jpg 300w\" sizes=\"auto, (max-width: 1333px) 100vw, 1333px\" \/><\/p>\n<p><img loading=\"lazy\" decoding=\"async\" src=\"https:\/\/ostrowskatv.pl\/wp-content\/uploads\/2023\/07\/krotoszyn19-1.jpg\" alt=\"\" width=\"1333\" height=\"889\" class=\"alignnone size-full wp-image-25424\" srcset=\"https:\/\/ostrowskatv.pl\/wp-content\/uploads\/2023\/07\/krotoszyn19-1.jpg 1333w, https:\/\/ostrowskatv.pl\/wp-content\/uploads\/2023\/07\/krotoszyn19-1-300x200.jpg 300w\" sizes=\"auto, (max-width: 1333px) 100vw, 1333px\" \/><\/p>\n<p><img loading=\"lazy\" decoding=\"async\" src=\"https:\/\/ostrowskatv.pl\/wp-content\/uploads\/2023\/07\/krotoszyn18-1.jpg\" alt=\"\" width=\"1333\" height=\"705\" class=\"alignnone size-full wp-image-25423\" srcset=\"https:\/\/ostrowskatv.pl\/wp-content\/uploads\/2023\/07\/krotoszyn18-1.jpg 1333w, https:\/\/ostrowskatv.pl\/wp-content\/uploads\/2023\/07\/krotoszyn18-1-300x159.jpg 300w\" sizes=\"auto, (max-width: 1333px) 100vw, 1333px\" \/><\/p>\n<p><img loading=\"lazy\" decoding=\"async\" src=\"https:\/\/ostrowskatv.pl\/wp-content\/uploads\/2023\/07\/krotoszyn17-1.jpg\" alt=\"\" width=\"1333\" height=\"772\" class=\"alignnone size-full wp-image-25422\" srcset=\"https:\/\/ostrowskatv.pl\/wp-content\/uploads\/2023\/07\/krotoszyn17-1.jpg 1333w, https:\/\/ostrowskatv.pl\/wp-content\/uploads\/2023\/07\/krotoszyn17-1-300x174.jpg 300w\" sizes=\"auto, (max-width: 1333px) 100vw, 1333px\" \/><\/p>\n<p><img loading=\"lazy\" decoding=\"async\" src=\"https:\/\/ostrowskatv.pl\/wp-content\/uploads\/2023\/07\/krotoszyn16-1.jpg\" alt=\"\" width=\"1333\" height=\"755\" class=\"alignnone size-full wp-image-25421\" srcset=\"https:\/\/ostrowskatv.pl\/wp-content\/uploads\/2023\/07\/krotoszyn16-1.jpg 1333w, https:\/\/ostrowskatv.pl\/wp-content\/uploads\/2023\/07\/krotoszyn16-1-300x170.jpg 300w, https:\/\/ostrowskatv.pl\/wp-content\/uploads\/2023\/07\/krotoszyn16-1-388x220.jpg 388w\" sizes=\"auto, (max-width: 1333px) 100vw, 1333px\" \/><\/p>\n<p><img loading=\"lazy\" decoding=\"async\" src=\"https:\/\/ostrowskatv.pl\/wp-content\/uploads\/2023\/07\/krotoszyn15-1.jpg\" alt=\"\" width=\"1333\" height=\"889\" class=\"alignnone size-full wp-image-25420\" srcset=\"https:\/\/ostrowskatv.pl\/wp-content\/uploads\/2023\/07\/krotoszyn15-1.jpg 1333w, https:\/\/ostrowskatv.pl\/wp-content\/uploads\/2023\/07\/krotoszyn15-1-300x200.jpg 300w\" sizes=\"auto, (max-width: 1333px) 100vw, 1333px\" \/><\/p>\n<p><img loading=\"lazy\" decoding=\"async\" src=\"https:\/\/ostrowskatv.pl\/wp-content\/uploads\/2023\/07\/krotoszyn14-1.jpg\" alt=\"\" width=\"1333\" height=\"834\" class=\"alignnone size-full wp-image-25419\" srcset=\"https:\/\/ostrowskatv.pl\/wp-content\/uploads\/2023\/07\/krotoszyn14-1.jpg 1333w, https:\/\/ostrowskatv.pl\/wp-content\/uploads\/2023\/07\/krotoszyn14-1-300x188.jpg 300w\" sizes=\"auto, (max-width: 1333px) 100vw, 1333px\" \/><\/p>\n<p><img loading=\"lazy\" decoding=\"async\" src=\"https:\/\/ostrowskatv.pl\/wp-content\/uploads\/2023\/07\/krotoszyn13-1.jpg\" alt=\"\" width=\"999\" height=\"1333\" class=\"alignnone size-full wp-image-25418\" srcset=\"https:\/\/ostrowskatv.pl\/wp-content\/uploads\/2023\/07\/krotoszyn13-1.jpg 999w, https:\/\/ostrowskatv.pl\/wp-content\/uploads\/2023\/07\/krotoszyn13-1-225x300.jpg 225w\" sizes=\"auto, (max-width: 999px) 100vw, 999px\" \/><\/p>\n<p><img loading=\"lazy\" decoding=\"async\" src=\"https:\/\/ostrowskatv.pl\/wp-content\/uploads\/2023\/07\/krotoszyn12-1.jpg\" alt=\"\" width=\"1333\" height=\"812\" class=\"alignnone size-full wp-image-25417\" srcset=\"https:\/\/ostrowskatv.pl\/wp-content\/uploads\/2023\/07\/krotoszyn12-1.jpg 1333w, https:\/\/ostrowskatv.pl\/wp-content\/uploads\/2023\/07\/krotoszyn12-1-300x183.jpg 300w\" sizes=\"auto, (max-width: 1333px) 100vw, 1333px\" \/><\/p>\n<p><img loading=\"lazy\" decoding=\"async\" src=\"https:\/\/ostrowskatv.pl\/wp-content\/uploads\/2023\/07\/krotoszyn11-1.jpg\" alt=\"\" width=\"1333\" height=\"862\" class=\"alignnone size-full wp-image-25416\" srcset=\"https:\/\/ostrowskatv.pl\/wp-content\/uploads\/2023\/07\/krotoszyn11-1.jpg 1333w, https:\/\/ostrowskatv.pl\/wp-content\/uploads\/2023\/07\/krotoszyn11-1-300x194.jpg 300w\" sizes=\"auto, (max-width: 1333px) 100vw, 1333px\" \/><\/p>\n<p><img loading=\"lazy\" decoding=\"async\" src=\"https:\/\/ostrowskatv.pl\/wp-content\/uploads\/2023\/07\/krotoszyn10-1.jpg\" alt=\"\" width=\"1333\" height=\"785\" class=\"alignnone size-full wp-image-25415\" srcset=\"https:\/\/ostrowskatv.pl\/wp-content\/uploads\/2023\/07\/krotoszyn10-1.jpg 1333w, https:\/\/ostrowskatv.pl\/wp-content\/uploads\/2023\/07\/krotoszyn10-1-300x177.jpg 300w\" sizes=\"auto, (max-width: 1333px) 100vw, 1333px\" \/><\/p>\n<p><img loading=\"lazy\" decoding=\"async\" src=\"https:\/\/ostrowskatv.pl\/wp-content\/uploads\/2023\/07\/krotoszyn09-1.jpg\" alt=\"\" width=\"1333\" height=\"889\" class=\"alignnone size-full wp-image-25414\" srcset=\"https:\/\/ostrowskatv.pl\/wp-content\/uploads\/2023\/07\/krotoszyn09-1.jpg 1333w, https:\/\/ostrowskatv.pl\/wp-content\/uploads\/2023\/07\/krotoszyn09-1-300x200.jpg 300w\" sizes=\"auto, (max-width: 1333px) 100vw, 1333px\" \/><\/p>\n<p><img loading=\"lazy\" decoding=\"async\" src=\"https:\/\/ostrowskatv.pl\/wp-content\/uploads\/2023\/07\/krotoszyn08-1.jpg\" alt=\"\" width=\"2400\" height=\"1600\" class=\"alignnone size-full wp-image-25413\" srcset=\"https:\/\/ostrowskatv.pl\/wp-content\/uploads\/2023\/07\/krotoszyn08-1.jpg 2400w, https:\/\/ostrowskatv.pl\/wp-content\/uploads\/2023\/07\/krotoszyn08-1-300x200.jpg 300w, https:\/\/ostrowskatv.pl\/wp-content\/uploads\/2023\/07\/krotoszyn08-1-1333x889.jpg 1333w, https:\/\/ostrowskatv.pl\/wp-content\/uploads\/2023\/07\/krotoszyn08-1-1536x1024.jpg 1536w, https:\/\/ostrowskatv.pl\/wp-content\/uploads\/2023\/07\/krotoszyn08-1-2048x1365.jpg 2048w\" sizes=\"auto, (max-width: 2400px) 100vw, 2400px\" \/><\/p>\n<p><img loading=\"lazy\" decoding=\"async\" src=\"https:\/\/ostrowskatv.pl\/wp-content\/uploads\/2023\/07\/krotoszyn07-1.jpg\" alt=\"\" width=\"1333\" height=\"889\" class=\"alignnone size-full wp-image-25412\" srcset=\"https:\/\/ostrowskatv.pl\/wp-content\/uploads\/2023\/07\/krotoszyn07-1.jpg 1333w, https:\/\/ostrowskatv.pl\/wp-content\/uploads\/2023\/07\/krotoszyn07-1-300x200.jpg 300w\" sizes=\"auto, (max-width: 1333px) 100vw, 1333px\" \/><\/p>\n<p><img loading=\"lazy\" decoding=\"async\" src=\"https:\/\/ostrowskatv.pl\/wp-content\/uploads\/2023\/07\/krotoszyn06-1.jpg\" alt=\"\" width=\"1333\" height=\"755\" class=\"alignnone size-full wp-image-25411\" srcset=\"https:\/\/ostrowskatv.pl\/wp-content\/uploads\/2023\/07\/krotoszyn06-1.jpg 1333w, https:\/\/ostrowskatv.pl\/wp-content\/uploads\/2023\/07\/krotoszyn06-1-300x170.jpg 300w, https:\/\/ostrowskatv.pl\/wp-content\/uploads\/2023\/07\/krotoszyn06-1-388x220.jpg 388w\" sizes=\"auto, (max-width: 1333px) 100vw, 1333px\" \/><\/p>\n<p><img loading=\"lazy\" decoding=\"async\" src=\"https:\/\/ostrowskatv.pl\/wp-content\/uploads\/2023\/07\/krotoszyn05-1.jpg\" alt=\"\" width=\"1333\" height=\"889\" class=\"alignnone size-full wp-image-25410\" srcset=\"https:\/\/ostrowskatv.pl\/wp-content\/uploads\/2023\/07\/krotoszyn05-1.jpg 1333w, https:\/\/ostrowskatv.pl\/wp-content\/uploads\/2023\/07\/krotoszyn05-1-300x200.jpg 300w\" sizes=\"auto, (max-width: 1333px) 100vw, 1333px\" \/><\/p>\n<p><img loading=\"lazy\" decoding=\"async\" src=\"https:\/\/ostrowskatv.pl\/wp-content\/uploads\/2023\/07\/krotoszyn04-1.jpg\" alt=\"\" width=\"1333\" height=\"835\" class=\"alignnone size-full wp-image-25409\" srcset=\"https:\/\/ostrowskatv.pl\/wp-content\/uploads\/2023\/07\/krotoszyn04-1.jpg 1333w, https:\/\/ostrowskatv.pl\/wp-content\/uploads\/2023\/07\/krotoszyn04-1-300x188.jpg 300w\" sizes=\"auto, (max-width: 1333px) 100vw, 1333px\" \/><\/p>\n<p><img loading=\"lazy\" decoding=\"async\" src=\"https:\/\/ostrowskatv.pl\/wp-content\/uploads\/2023\/07\/krotoszyn03-1.jpg\" alt=\"\" width=\"1333\" height=\"805\" class=\"alignnone size-full wp-image-25408\" srcset=\"https:\/\/ostrowskatv.pl\/wp-content\/uploads\/2023\/07\/krotoszyn03-1.jpg 1333w, https:\/\/ostrowskatv.pl\/wp-content\/uploads\/2023\/07\/krotoszyn03-1-300x181.jpg 300w\" sizes=\"auto, (max-width: 1333px) 100vw, 1333px\" \/><\/p>\n<p><img loading=\"lazy\" decoding=\"async\" src=\"https:\/\/ostrowskatv.pl\/wp-content\/uploads\/2023\/07\/krotoszyn02-1.jpg\" alt=\"\" width=\"1333\" height=\"889\" class=\"alignnone size-full wp-image-25407\" srcset=\"https:\/\/ostrowskatv.pl\/wp-content\/uploads\/2023\/07\/krotoszyn02-1.jpg 1333w, https:\/\/ostrowskatv.pl\/wp-content\/uploads\/2023\/07\/krotoszyn02-1-300x200.jpg 300w\" sizes=\"auto, (max-width: 1333px) 100vw, 1333px\" \/><\/p>\n<p><img loading=\"lazy\" decoding=\"async\" src=\"https:\/\/ostrowskatv.pl\/wp-content\/uploads\/2023\/07\/krotoszyn01-1.jpg\" alt=\"\" width=\"1333\" height=\"889\" class=\"alignnone size-full wp-image-25406\" srcset=\"https:\/\/ostrowskatv.pl\/wp-content\/uploads\/2023\/07\/krotoszyn01-1.jpg 1333w, https:\/\/ostrowskatv.pl\/wp-content\/uploads\/2023\/07\/krotoszyn01-1-300x200.jpg 300w\" sizes=\"auto, (max-width: 1333px) 100vw, 1333px\" \/><\/p>\n<p>Podczas briefingu mo\u017cna by\u0142o us\u0142ysze\u0107, \u017ce zostanie utworzonych blisko 300 miejsc w ramach programu Maluch+, co da mo\u017cliwo\u015b\u0107 \u0142\u0105czenia pracy zawodowej z \u017cyciem rodzinnym. Poinformowano, \u017ce wczoraj pan Prezydent podpisa\u0142 ustaw\u0119, b\u0119d\u0105cej dowodem naszej wiarygodno\u015bci, o 14. emeryturze, kt\u00f3ra na sta\u0142e b\u0119dzie wyp\u0142acana. Godna waloryzacja, 13. i 14. emerytura i programy aktywizuj\u0105ce senior\u00f3w. Robimy to wszystko po to, \u017ceby Polska pi\u0119knia\u0142a, \u017ceby\u0142a nowoczesnym, rozwijaj\u0105cym si\u0119 krajem na tle Unii Europejskiej.<\/p>\n","protected":false},"excerpt":{"rendered":"W sobotnie po\u0142udnie rozpocz\u0105\u0142 si\u0119 Piknik Rodzinny w Krotoszynie. Wydarzenie wyj\u0105tkowe, poniewa\u017c podczas niego mo\u017cna by\u0142o skorzysta\u0107 z szeregu bezp\u0142atnych atrakcji przygotowanych dla \n<a class=\"moretag\" href=\"https:\/\/ostrowskatv.pl\/?p=25378\"> [...]<\/a>","protected":false},"author":1,"featured_media":25396,"comment_status":"open","ping_status":"closed","sticky":false,"template":"","format":"standard","meta":{"footnotes":""},"categories":[1],"tags":[143],"class_list":["post-25378","post","type-post","status-publish","format-standard","has-post-thumbnail","hentry","category-news","tag-powiat-krotoszynski"],"_links":{"self":[{"href":"https:\/\/ostrowskatv.pl\/index.php?rest_route=\/wp\/v2\/posts\/25378","targetHints":{"allow":["GET"]}}],"collection":[{"href":"https:\/\/ostrowskatv.pl\/index.php?rest_route=\/wp\/v2\/posts"}],"about":[{"href":"https:\/\/ostrowskatv.pl\/index.php?rest_route=\/wp\/v2\/types\/post"}],"author":[{"embeddable":true,"href":"https:\/\/ostrowskatv.pl\/index.php?rest_route=\/wp\/v2\/users\/1"}],"replies":[{"embeddable":true,"href":"https:\/\/ostrowskatv.pl\/index.php?rest_route=%2Fwp%2Fv2%2Fcomments&post=25378"}],"version-history":[{"count":0,"href":"https:\/\/ostrowskatv.pl\/index.php?rest_route=\/wp\/v2\/posts\/25378\/revisions"}],"wp:featuredmedia":[{"embeddable":true,"href":"https:\/\/ostrowskatv.pl\/index.php?rest_route=\/wp\/v2\/media\/25396"}],"wp:attachment":[{"href":"https:\/\/ostrowskatv.pl\/index.php?rest_route=%2Fwp%2Fv2%2Fmedia&parent=25378"}],"wp:term":[{"taxonomy":"category","embeddable":true,"href":"https:\/\/ostrowskatv.pl\/index.php?rest_route=%2Fwp%2Fv2%2Fcategories&post=25378"},{"taxonomy":"post_tag","embeddable":true,"href":"https:\/\/ostrowskatv.pl\/index.php?rest_route=%2Fwp%2Fv2%2Ftags&post=25378"}],"curies":[{"name":"wp","href":"https:\/\/api.w.org\/{rel}","templated":true}]}}