{"id":25361,"date":"2023-07-21T12:29:27","date_gmt":"2023-07-21T11:29:27","guid":{"rendered":"https:\/\/ostrowskatv.pl\/?p=25361"},"modified":"2023-07-21T12:29:27","modified_gmt":"2023-07-21T11:29:27","slug":"radni-chca-dalszego-rozwoju-piaskow","status":"publish","type":"post","link":"https:\/\/ostrowskatv.pl\/?p=25361","title":{"rendered":"Radni chc\u0105 dalszego rozwoju Piask\u00f3w"},"content":{"rendered":"<p><strong>Radni opozycyjni og\u0142osili, \u017ce do ko\u0144ca wakacji b\u0119d\u0105 zbiera\u0107 podpisy pod petycj\u0105 do w\u0142adz Ostrowa Wielkopolskiego by te wyst\u0105pi\u0142y z wnioskiem o dotacj\u0119 na rozw\u00f3j obiektu Piaski &#8211; Szczygliczka. W\u015br\u00f3d pomys\u0142\u00f3w s\u0105 niecki basenowe z chlorowan\u0105 wod\u0105 osadzone w zbiorniku, \u015acie\u017cka rowerowa na wale, modernizacja parku linowego z uwzgl\u0119dnieniem zjazdu tyrolskiego i \u015bcianki wspinaczkowej oraz przywr\u00f3cenie kolejki w\u0105skotorowej.\u00a0<\/strong><\/p>\n<p>Finansowanie ma by\u0107 mo\u017cliwe dzi\u0119ki nowemu rozdaniu \u015brodk\u00f3w unijnych. W tym programie wymagany b\u0119dzie 30% udzia\u0142 w\u0142asny.<\/p>\n<p><img loading=\"lazy\" decoding=\"async\" src=\"https:\/\/ostrowskatv.pl\/wp-content\/uploads\/2023\/07\/20230721_130718-01-300x215.jpeg\" alt=\"\" width=\"300\" height=\"215\" class=\"alignnone size-medium wp-image-25362\" srcset=\"https:\/\/ostrowskatv.pl\/wp-content\/uploads\/2023\/07\/20230721_130718-01-300x215.jpeg 300w, https:\/\/ostrowskatv.pl\/wp-content\/uploads\/2023\/07\/20230721_130718-01-1333x954.jpeg 1333w, https:\/\/ostrowskatv.pl\/wp-content\/uploads\/2023\/07\/20230721_130718-01-120x85.jpeg 120w, https:\/\/ostrowskatv.pl\/wp-content\/uploads\/2023\/07\/20230721_130718-01.jpeg 1366w\" sizes=\"auto, (max-width: 300px) 100vw, 300px\" \/><\/p>\n<p><img loading=\"lazy\" decoding=\"async\" src=\"https:\/\/ostrowskatv.pl\/wp-content\/uploads\/2023\/07\/20230721_131326-01-300x149.jpeg\" alt=\"\" width=\"300\" height=\"149\" class=\"alignnone size-medium wp-image-25363\" srcset=\"https:\/\/ostrowskatv.pl\/wp-content\/uploads\/2023\/07\/20230721_131326-01-300x149.jpeg 300w, https:\/\/ostrowskatv.pl\/wp-content\/uploads\/2023\/07\/20230721_131326-01-1333x660.jpeg 1333w, https:\/\/ostrowskatv.pl\/wp-content\/uploads\/2023\/07\/20230721_131326-01.jpeg 1365w\" sizes=\"auto, (max-width: 300px) 100vw, 300px\" \/><\/p>\n","protected":false},"excerpt":{"rendered":"Radni opozycyjni og\u0142osili, \u017ce do ko\u0144ca wakacji b\u0119d\u0105 zbiera\u0107 podpisy pod petycj\u0105 do w\u0142adz Ostrowa Wielkopolskiego by te wyst\u0105pi\u0142y z wnioskiem o dotacj\u0119 \n<a class=\"moretag\" href=\"https:\/\/ostrowskatv.pl\/?p=25361\"> [...]<\/a>","protected":false},"author":1,"featured_media":25362,"comment_status":"open","ping_status":"closed","sticky":false,"template":"","format":"standard","meta":{"footnotes":""},"categories":[1],"tags":[2],"class_list":["post-25361","post","type-post","status-publish","format-standard","has-post-thumbnail","hentry","category-news","tag-ostrow-wielkopolski"],"_links":{"self":[{"href":"https:\/\/ostrowskatv.pl\/index.php?rest_route=\/wp\/v2\/posts\/25361","targetHints":{"allow":["GET"]}}],"collection":[{"href":"https:\/\/ostrowskatv.pl\/index.php?rest_route=\/wp\/v2\/posts"}],"about":[{"href":"https:\/\/ostrowskatv.pl\/index.php?rest_route=\/wp\/v2\/types\/post"}],"author":[{"embeddable":true,"href":"https:\/\/ostrowskatv.pl\/index.php?rest_route=\/wp\/v2\/users\/1"}],"replies":[{"embeddable":true,"href":"https:\/\/ostrowskatv.pl\/index.php?rest_route=%2Fwp%2Fv2%2Fcomments&post=25361"}],"version-history":[{"count":0,"href":"https:\/\/ostrowskatv.pl\/index.php?rest_route=\/wp\/v2\/posts\/25361\/revisions"}],"wp:featuredmedia":[{"embeddable":true,"href":"https:\/\/ostrowskatv.pl\/index.php?rest_route=\/wp\/v2\/media\/25362"}],"wp:attachment":[{"href":"https:\/\/ostrowskatv.pl\/index.php?rest_route=%2Fwp%2Fv2%2Fmedia&parent=25361"}],"wp:term":[{"taxonomy":"category","embeddable":true,"href":"https:\/\/ostrowskatv.pl\/index.php?rest_route=%2Fwp%2Fv2%2Fcategories&post=25361"},{"taxonomy":"post_tag","embeddable":true,"href":"https:\/\/ostrowskatv.pl\/index.php?rest_route=%2Fwp%2Fv2%2Ftags&post=25361"}],"curies":[{"name":"wp","href":"https:\/\/api.w.org\/{rel}","templated":true}]}}