{"id":25352,"date":"2023-07-21T10:00:36","date_gmt":"2023-07-21T09:00:36","guid":{"rendered":"https:\/\/ostrowskatv.pl\/?p=25352"},"modified":"2023-07-21T10:00:36","modified_gmt":"2023-07-21T09:00:36","slug":"ewakuowano-zus","status":"publish","type":"post","link":"https:\/\/ostrowskatv.pl\/?p=25352","title":{"rendered":"Ewakuowano ZUS"},"content":{"rendered":"<p><strong>W pi\u0105tkowy poranek ewakuowano 265 urz\u0119dnik\u00f3w ostrowskiego oddzia\u0142u Zak\u0142adu Ubezpiecze\u0144 Spo\u0142ecznych w Ostrowie Wielkopolskim. Do akcji zaanga\u017cowano stra\u017cak\u00f3w. <\/strong><\/p>\n<p>Stra\u017cacy przeprowadzili cykliczne \u0107wiczenia na terenie ostrowskiego ZUS-u. W ramach scenariusza pracownicy do miejsca zbi\u00f3rki. Po doje\u017adzie stra\u017cak\u00f3w przeprowadzono ewakuacj\u0119 jednej z pracowni za pomoc\u0105 podno\u015bnika koszowego.<\/p>\n<p><img loading=\"lazy\" decoding=\"async\" src=\"https:\/\/ostrowskatv.pl\/wp-content\/uploads\/2023\/07\/20230721_101640-01-300x223.jpeg\" alt=\"\" width=\"300\" height=\"223\" class=\"alignnone size-medium wp-image-25353\" srcset=\"https:\/\/ostrowskatv.pl\/wp-content\/uploads\/2023\/07\/20230721_101640-01-300x223.jpeg 300w, https:\/\/ostrowskatv.pl\/wp-content\/uploads\/2023\/07\/20230721_101640-01.jpeg 1261w\" sizes=\"auto, (max-width: 300px) 100vw, 300px\" \/><\/p>\n<p><img loading=\"lazy\" decoding=\"async\" src=\"https:\/\/ostrowskatv.pl\/wp-content\/uploads\/2023\/07\/20230721_101638-01-300x192.jpeg\" alt=\"\" width=\"300\" height=\"192\" class=\"alignnone size-medium wp-image-25354\" srcset=\"https:\/\/ostrowskatv.pl\/wp-content\/uploads\/2023\/07\/20230721_101638-01-300x192.jpeg 300w, https:\/\/ostrowskatv.pl\/wp-content\/uploads\/2023\/07\/20230721_101638-01-1333x854.jpeg 1333w, https:\/\/ostrowskatv.pl\/wp-content\/uploads\/2023\/07\/20230721_101638-01.jpeg 1366w\" sizes=\"auto, (max-width: 300px) 100vw, 300px\" \/><\/p>\n<p><img loading=\"lazy\" decoding=\"async\" src=\"https:\/\/ostrowskatv.pl\/wp-content\/uploads\/2023\/07\/20230721_101634-01-300x169.jpeg\" alt=\"\" width=\"300\" height=\"169\" class=\"alignnone size-medium wp-image-25355\" srcset=\"https:\/\/ostrowskatv.pl\/wp-content\/uploads\/2023\/07\/20230721_101634-01-300x169.jpeg 300w, https:\/\/ostrowskatv.pl\/wp-content\/uploads\/2023\/07\/20230721_101634-01-1333x750.jpeg 1333w, https:\/\/ostrowskatv.pl\/wp-content\/uploads\/2023\/07\/20230721_101634-01-388x220.jpeg 388w, https:\/\/ostrowskatv.pl\/wp-content\/uploads\/2023\/07\/20230721_101634-01.jpeg 1366w\" sizes=\"auto, (max-width: 300px) 100vw, 300px\" \/><\/p>\n<p><img loading=\"lazy\" decoding=\"async\" src=\"https:\/\/ostrowskatv.pl\/wp-content\/uploads\/2023\/07\/20230721_101632-01-300x169.jpeg\" alt=\"\" width=\"300\" height=\"169\" class=\"alignnone size-medium wp-image-25356\" srcset=\"https:\/\/ostrowskatv.pl\/wp-content\/uploads\/2023\/07\/20230721_101632-01-300x169.jpeg 300w, https:\/\/ostrowskatv.pl\/wp-content\/uploads\/2023\/07\/20230721_101632-01-1333x750.jpeg 1333w, https:\/\/ostrowskatv.pl\/wp-content\/uploads\/2023\/07\/20230721_101632-01-388x220.jpeg 388w, https:\/\/ostrowskatv.pl\/wp-content\/uploads\/2023\/07\/20230721_101632-01.jpeg 1366w\" sizes=\"auto, (max-width: 300px) 100vw, 300px\" \/><\/p>\n<p><img loading=\"lazy\" decoding=\"async\" src=\"https:\/\/ostrowskatv.pl\/wp-content\/uploads\/2023\/07\/20230721_101601-02-210x300.jpeg\" alt=\"\" width=\"210\" height=\"300\" class=\"alignnone size-medium wp-image-25357\" srcset=\"https:\/\/ostrowskatv.pl\/wp-content\/uploads\/2023\/07\/20230721_101601-02-210x300.jpeg 210w, https:\/\/ostrowskatv.pl\/wp-content\/uploads\/2023\/07\/20230721_101601-02-933x1333.jpeg 933w, https:\/\/ostrowskatv.pl\/wp-content\/uploads\/2023\/07\/20230721_101601-02.jpeg 956w\" sizes=\"auto, (max-width: 210px) 100vw, 210px\" \/><\/p>\n<p><img loading=\"lazy\" decoding=\"async\" src=\"https:\/\/ostrowskatv.pl\/wp-content\/uploads\/2023\/07\/20230721_101559-01-300x169.jpeg\" alt=\"\" width=\"300\" height=\"169\" class=\"alignnone size-medium wp-image-25358\" srcset=\"https:\/\/ostrowskatv.pl\/wp-content\/uploads\/2023\/07\/20230721_101559-01-300x169.jpeg 300w, https:\/\/ostrowskatv.pl\/wp-content\/uploads\/2023\/07\/20230721_101559-01-1333x750.jpeg 1333w, https:\/\/ostrowskatv.pl\/wp-content\/uploads\/2023\/07\/20230721_101559-01-388x220.jpeg 388w, https:\/\/ostrowskatv.pl\/wp-content\/uploads\/2023\/07\/20230721_101559-01.jpeg 1366w\" sizes=\"auto, (max-width: 300px) 100vw, 300px\" \/><\/p>\n<p><img loading=\"lazy\" decoding=\"async\" src=\"https:\/\/ostrowskatv.pl\/wp-content\/uploads\/2023\/07\/20230721_101548-01-194x300.jpeg\" alt=\"\" width=\"194\" height=\"300\" class=\"alignnone size-medium wp-image-25359\" srcset=\"https:\/\/ostrowskatv.pl\/wp-content\/uploads\/2023\/07\/20230721_101548-01-194x300.jpeg 194w, https:\/\/ostrowskatv.pl\/wp-content\/uploads\/2023\/07\/20230721_101548-01-861x1333.jpeg 861w, https:\/\/ostrowskatv.pl\/wp-content\/uploads\/2023\/07\/20230721_101548-01.jpeg 882w\" sizes=\"auto, (max-width: 194px) 100vw, 194px\" \/><\/p>\n","protected":false},"excerpt":{"rendered":"W pi\u0105tkowy poranek ewakuowano 265 urz\u0119dnik\u00f3w ostrowskiego oddzia\u0142u Zak\u0142adu Ubezpiecze\u0144 Spo\u0142ecznych w Ostrowie Wielkopolskim. Do akcji zaanga\u017cowano stra\u017cak\u00f3w. Stra\u017cacy przeprowadzili cykliczne \u0107wiczenia na \n<a class=\"moretag\" href=\"https:\/\/ostrowskatv.pl\/?p=25352\"> [...]<\/a>","protected":false},"author":1,"featured_media":25354,"comment_status":"open","ping_status":"closed","sticky":false,"template":"","format":"standard","meta":{"footnotes":""},"categories":[1],"tags":[2],"class_list":["post-25352","post","type-post","status-publish","format-standard","has-post-thumbnail","hentry","category-news","tag-ostrow-wielkopolski"],"_links":{"self":[{"href":"https:\/\/ostrowskatv.pl\/index.php?rest_route=\/wp\/v2\/posts\/25352","targetHints":{"allow":["GET"]}}],"collection":[{"href":"https:\/\/ostrowskatv.pl\/index.php?rest_route=\/wp\/v2\/posts"}],"about":[{"href":"https:\/\/ostrowskatv.pl\/index.php?rest_route=\/wp\/v2\/types\/post"}],"author":[{"embeddable":true,"href":"https:\/\/ostrowskatv.pl\/index.php?rest_route=\/wp\/v2\/users\/1"}],"replies":[{"embeddable":true,"href":"https:\/\/ostrowskatv.pl\/index.php?rest_route=%2Fwp%2Fv2%2Fcomments&post=25352"}],"version-history":[{"count":0,"href":"https:\/\/ostrowskatv.pl\/index.php?rest_route=\/wp\/v2\/posts\/25352\/revisions"}],"wp:featuredmedia":[{"embeddable":true,"href":"https:\/\/ostrowskatv.pl\/index.php?rest_route=\/wp\/v2\/media\/25354"}],"wp:attachment":[{"href":"https:\/\/ostrowskatv.pl\/index.php?rest_route=%2Fwp%2Fv2%2Fmedia&parent=25352"}],"wp:term":[{"taxonomy":"category","embeddable":true,"href":"https:\/\/ostrowskatv.pl\/index.php?rest_route=%2Fwp%2Fv2%2Fcategories&post=25352"},{"taxonomy":"post_tag","embeddable":true,"href":"https:\/\/ostrowskatv.pl\/index.php?rest_route=%2Fwp%2Fv2%2Ftags&post=25352"}],"curies":[{"name":"wp","href":"https:\/\/api.w.org\/{rel}","templated":true}]}}