{"id":25342,"date":"2023-07-21T09:42:48","date_gmt":"2023-07-21T08:42:48","guid":{"rendered":"https:\/\/ostrowskatv.pl\/?p=25342"},"modified":"2023-07-21T09:43:51","modified_gmt":"2023-07-21T08:43:51","slug":"wypadek-motocyklisty-na-odolanowskiej","status":"publish","type":"post","link":"https:\/\/ostrowskatv.pl\/?p=25342","title":{"rendered":"Wypadek motocyklisty na Odolanowskiej"},"content":{"rendered":"<p><strong>Przed godzin\u0105 10 na ulicy Odolanowskiej w Ostrowie Wielkopolskim dosz\u0142o do zdarzenia drogowego z udzia\u0142em motocyklisty i jak si\u0119 pierwotnie wydawa\u0142o samochodu osobowego. Na miejsce wys\u0142ano stra\u017c po\u017carn\u0105, karetk\u0119 i policj\u0119.<\/strong><\/p>\n<p>Rozpytanie motocyklisty rzuci\u0142o nowe \u015bwiat\u0142o na przebieg zdarzenia. Okaza\u0142o si\u0119, \u017ce m\u0142ody kierowca bia\u0142ego renault zahamowa\u0142, a motocyklist\u0105 kiedy si\u0119 zorientowa\u0142 wykona\u0142 tzw. &#8222;po\u0142o\u017cenie motocykla&#8221; dzi\u0119ki czemu prawdopodobnie nie wjecha\u0142 w ty\u0142 osob\u00f3wki.<\/p>\n<p>Dla policjant\u00f3w by\u0142o ju\u017c jasne, \u017ce win\u0119 za zdarzenie ponosi poturbowany motocyklista, kt\u00f3ry nie zachowa\u0142 bezpiecznej odleg\u0142o\u015bci od poprzedzaj\u0105cego go pojazdu. Kierowc\u0119 jedno\u015bladu zabrano do szpitala na dok\u0142adniejsze badania.<\/p>\n<p><img loading=\"lazy\" decoding=\"async\" src=\"https:\/\/ostrowskatv.pl\/wp-content\/uploads\/2023\/07\/20230721_095745-01-300x169.jpeg\" alt=\"\" width=\"300\" height=\"169\" class=\"alignnone size-medium wp-image-25345\" srcset=\"https:\/\/ostrowskatv.pl\/wp-content\/uploads\/2023\/07\/20230721_095745-01-300x169.jpeg 300w, https:\/\/ostrowskatv.pl\/wp-content\/uploads\/2023\/07\/20230721_095745-01-1333x750.jpeg 1333w, https:\/\/ostrowskatv.pl\/wp-content\/uploads\/2023\/07\/20230721_095745-01-388x220.jpeg 388w, https:\/\/ostrowskatv.pl\/wp-content\/uploads\/2023\/07\/20230721_095745-01.jpeg 1366w\" sizes=\"auto, (max-width: 300px) 100vw, 300px\" \/><\/p>\n<p><img loading=\"lazy\" decoding=\"async\" src=\"https:\/\/ostrowskatv.pl\/wp-content\/uploads\/2023\/07\/20230721_095737-01-300x185.jpeg\" alt=\"\" width=\"300\" height=\"185\" class=\"alignnone size-medium wp-image-25346\" srcset=\"https:\/\/ostrowskatv.pl\/wp-content\/uploads\/2023\/07\/20230721_095737-01-300x185.jpeg 300w, https:\/\/ostrowskatv.pl\/wp-content\/uploads\/2023\/07\/20230721_095737-01-1333x820.jpeg 1333w, https:\/\/ostrowskatv.pl\/wp-content\/uploads\/2023\/07\/20230721_095737-01.jpeg 1365w\" sizes=\"auto, (max-width: 300px) 100vw, 300px\" \/><\/p>\n<p><img loading=\"lazy\" decoding=\"async\" src=\"https:\/\/ostrowskatv.pl\/wp-content\/uploads\/2023\/07\/20230721_095704-01-300x169.jpeg\" alt=\"\" width=\"300\" height=\"169\" class=\"alignnone size-medium wp-image-25347\" srcset=\"https:\/\/ostrowskatv.pl\/wp-content\/uploads\/2023\/07\/20230721_095704-01-300x169.jpeg 300w, https:\/\/ostrowskatv.pl\/wp-content\/uploads\/2023\/07\/20230721_095704-01-1333x750.jpeg 1333w, https:\/\/ostrowskatv.pl\/wp-content\/uploads\/2023\/07\/20230721_095704-01-388x220.jpeg 388w, https:\/\/ostrowskatv.pl\/wp-content\/uploads\/2023\/07\/20230721_095704-01.jpeg 1366w\" sizes=\"auto, (max-width: 300px) 100vw, 300px\" \/><\/p>\n<p><img loading=\"lazy\" decoding=\"async\" src=\"https:\/\/ostrowskatv.pl\/wp-content\/uploads\/2023\/07\/20230721_095701-01-300x145.jpeg\" alt=\"\" width=\"300\" height=\"145\" class=\"alignnone size-medium wp-image-25348\" srcset=\"https:\/\/ostrowskatv.pl\/wp-content\/uploads\/2023\/07\/20230721_095701-01-300x145.jpeg 300w, https:\/\/ostrowskatv.pl\/wp-content\/uploads\/2023\/07\/20230721_095701-01-1333x642.jpeg 1333w, https:\/\/ostrowskatv.pl\/wp-content\/uploads\/2023\/07\/20230721_095701-01.jpeg 1366w\" sizes=\"auto, (max-width: 300px) 100vw, 300px\" \/><\/p>\n","protected":false},"excerpt":{"rendered":"Przed godzin\u0105 10 na ulicy Odolanowskiej w Ostrowie Wielkopolskim dosz\u0142o do zdarzenia drogowego z udzia\u0142em motocyklisty i jak si\u0119 pierwotnie wydawa\u0142o samochodu osobowego. \n<a class=\"moretag\" href=\"https:\/\/ostrowskatv.pl\/?p=25342\"> [...]<\/a>","protected":false},"author":1,"featured_media":25349,"comment_status":"open","ping_status":"closed","sticky":false,"template":"","format":"standard","meta":{"footnotes":""},"categories":[1],"tags":[2],"class_list":["post-25342","post","type-post","status-publish","format-standard","has-post-thumbnail","hentry","category-news","tag-ostrow-wielkopolski"],"_links":{"self":[{"href":"https:\/\/ostrowskatv.pl\/index.php?rest_route=\/wp\/v2\/posts\/25342","targetHints":{"allow":["GET"]}}],"collection":[{"href":"https:\/\/ostrowskatv.pl\/index.php?rest_route=\/wp\/v2\/posts"}],"about":[{"href":"https:\/\/ostrowskatv.pl\/index.php?rest_route=\/wp\/v2\/types\/post"}],"author":[{"embeddable":true,"href":"https:\/\/ostrowskatv.pl\/index.php?rest_route=\/wp\/v2\/users\/1"}],"replies":[{"embeddable":true,"href":"https:\/\/ostrowskatv.pl\/index.php?rest_route=%2Fwp%2Fv2%2Fcomments&post=25342"}],"version-history":[{"count":0,"href":"https:\/\/ostrowskatv.pl\/index.php?rest_route=\/wp\/v2\/posts\/25342\/revisions"}],"wp:featuredmedia":[{"embeddable":true,"href":"https:\/\/ostrowskatv.pl\/index.php?rest_route=\/wp\/v2\/media\/25349"}],"wp:attachment":[{"href":"https:\/\/ostrowskatv.pl\/index.php?rest_route=%2Fwp%2Fv2%2Fmedia&parent=25342"}],"wp:term":[{"taxonomy":"category","embeddable":true,"href":"https:\/\/ostrowskatv.pl\/index.php?rest_route=%2Fwp%2Fv2%2Fcategories&post=25342"},{"taxonomy":"post_tag","embeddable":true,"href":"https:\/\/ostrowskatv.pl\/index.php?rest_route=%2Fwp%2Fv2%2Ftags&post=25342"}],"curies":[{"name":"wp","href":"https:\/\/api.w.org\/{rel}","templated":true}]}}