{"id":25306,"date":"2023-07-17T15:54:16","date_gmt":"2023-07-17T14:54:16","guid":{"rendered":"https:\/\/ostrowskatv.pl\/?p=25306"},"modified":"2023-07-17T15:54:16","modified_gmt":"2023-07-17T14:54:16","slug":"policjant-wjechal-w-ciezarowke-zdjecia","status":"publish","type":"post","link":"https:\/\/ostrowskatv.pl\/?p=25306","title":{"rendered":"Policjant wjecha\u0142 w ci\u0119\u017car\u00f3wk\u0119 (ZDJ\u0118CIA)"},"content":{"rendered":"<p><strong>Chwil\u0119 po godzinie 15 dosz\u0142o do wypadku z udzia\u0142em policjanta z ostrowskiej komendy. M\u0119\u017cczyzna wjecha\u0142 w ci\u0119\u017car\u00f3wk\u0119 i wymaga\u0142 pomocy medycznej. <\/strong><\/p>\n<p>Ze wst\u0119pnych ustale\u0144 wynika, \u017ce w rejonie wiaduktu w Wysocku Wielkim przy ulicy Barycznej policjant jecha\u0142 rowerem, min\u0105\u0142 znak STOP i wpad\u0142 w ci\u0119\u017car\u00f3wk\u0119 jad\u0105c\u0105 prosto drog\u0105 serwisow\u0105.<\/p>\n<p>Mia\u0142 du\u017ce szcz\u0119\u015bcie, \u017ce nie zosta\u0142 najechany wielkimi ko\u0142ami przez ten ci\u0119\u017cki pojazd. Oko\u0142o 30-letniego rowerzyst\u0119 zabrano do szpitala.<\/p>\n<p>Funkcjonariusz by\u0142 po s\u0142u\u017cbie. <\/p>\n<p><img loading=\"lazy\" decoding=\"async\" src=\"https:\/\/ostrowskatv.pl\/wp-content\/uploads\/2023\/07\/20230717_153217-01-300x168.jpeg\" alt=\"\" width=\"300\" height=\"168\" class=\"alignnone size-medium wp-image-25307\" srcset=\"https:\/\/ostrowskatv.pl\/wp-content\/uploads\/2023\/07\/20230717_153217-01-300x168.jpeg 300w, https:\/\/ostrowskatv.pl\/wp-content\/uploads\/2023\/07\/20230717_153217-01-1333x748.jpeg 1333w, https:\/\/ostrowskatv.pl\/wp-content\/uploads\/2023\/07\/20230717_153217-01.jpeg 1366w\" sizes=\"auto, (max-width: 300px) 100vw, 300px\" \/><\/p>\n<p><img loading=\"lazy\" decoding=\"async\" src=\"https:\/\/ostrowskatv.pl\/wp-content\/uploads\/2023\/07\/20230717_153216-01-300x171.jpeg\" alt=\"\" width=\"300\" height=\"171\" class=\"alignnone size-medium wp-image-25308\" srcset=\"https:\/\/ostrowskatv.pl\/wp-content\/uploads\/2023\/07\/20230717_153216-01-300x171.jpeg 300w, https:\/\/ostrowskatv.pl\/wp-content\/uploads\/2023\/07\/20230717_153216-01-1333x760.jpeg 1333w, https:\/\/ostrowskatv.pl\/wp-content\/uploads\/2023\/07\/20230717_153216-01-388x220.jpeg 388w, https:\/\/ostrowskatv.pl\/wp-content\/uploads\/2023\/07\/20230717_153216-01.jpeg 1366w\" sizes=\"auto, (max-width: 300px) 100vw, 300px\" \/><\/p>\n<p><img loading=\"lazy\" decoding=\"async\" src=\"https:\/\/ostrowskatv.pl\/wp-content\/uploads\/2023\/07\/20230717_153120-01-300x150.jpeg\" alt=\"\" width=\"300\" height=\"150\" class=\"alignnone size-medium wp-image-25309\" srcset=\"https:\/\/ostrowskatv.pl\/wp-content\/uploads\/2023\/07\/20230717_153120-01-300x150.jpeg 300w, https:\/\/ostrowskatv.pl\/wp-content\/uploads\/2023\/07\/20230717_153120-01-1333x665.jpeg 1333w, https:\/\/ostrowskatv.pl\/wp-content\/uploads\/2023\/07\/20230717_153120-01.jpeg 1366w\" sizes=\"auto, (max-width: 300px) 100vw, 300px\" \/><\/p>\n<p><img loading=\"lazy\" decoding=\"async\" src=\"https:\/\/ostrowskatv.pl\/wp-content\/uploads\/2023\/07\/20230717_153043-01-300x166.jpeg\" alt=\"\" width=\"300\" height=\"166\" class=\"alignnone size-medium wp-image-25310\" srcset=\"https:\/\/ostrowskatv.pl\/wp-content\/uploads\/2023\/07\/20230717_153043-01-300x166.jpeg 300w, https:\/\/ostrowskatv.pl\/wp-content\/uploads\/2023\/07\/20230717_153043-01-1333x737.jpeg 1333w, https:\/\/ostrowskatv.pl\/wp-content\/uploads\/2023\/07\/20230717_153043-01.jpeg 1366w\" sizes=\"auto, (max-width: 300px) 100vw, 300px\" \/><\/p>\n<p><img loading=\"lazy\" decoding=\"async\" src=\"https:\/\/ostrowskatv.pl\/wp-content\/uploads\/2023\/07\/20230717_153040-01-248x300.jpeg\" alt=\"\" width=\"248\" height=\"300\" class=\"alignnone size-medium wp-image-25311\" srcset=\"https:\/\/ostrowskatv.pl\/wp-content\/uploads\/2023\/07\/20230717_153040-01-248x300.jpeg 248w, https:\/\/ostrowskatv.pl\/wp-content\/uploads\/2023\/07\/20230717_153040-01-1103x1333.jpeg 1103w, https:\/\/ostrowskatv.pl\/wp-content\/uploads\/2023\/07\/20230717_153040-01.jpeg 1130w\" sizes=\"auto, (max-width: 248px) 100vw, 248px\" \/><\/p>\n<p><img loading=\"lazy\" decoding=\"async\" src=\"https:\/\/ostrowskatv.pl\/wp-content\/uploads\/2023\/07\/20230717_153037-01-300x197.jpeg\" alt=\"\" width=\"300\" height=\"197\" class=\"alignnone size-medium wp-image-25312\" srcset=\"https:\/\/ostrowskatv.pl\/wp-content\/uploads\/2023\/07\/20230717_153037-01-300x197.jpeg 300w, https:\/\/ostrowskatv.pl\/wp-content\/uploads\/2023\/07\/20230717_153037-01-1333x873.jpeg 1333w, https:\/\/ostrowskatv.pl\/wp-content\/uploads\/2023\/07\/20230717_153037-01.jpeg 1366w\" sizes=\"auto, (max-width: 300px) 100vw, 300px\" \/><\/p>\n<p><img loading=\"lazy\" decoding=\"async\" src=\"https:\/\/ostrowskatv.pl\/wp-content\/uploads\/2023\/07\/20230717_152915-01-300x138.jpeg\" alt=\"\" width=\"300\" height=\"138\" class=\"alignnone size-medium wp-image-25313\" srcset=\"https:\/\/ostrowskatv.pl\/wp-content\/uploads\/2023\/07\/20230717_152915-01-300x138.jpeg 300w, https:\/\/ostrowskatv.pl\/wp-content\/uploads\/2023\/07\/20230717_152915-01-1333x613.jpeg 1333w, https:\/\/ostrowskatv.pl\/wp-content\/uploads\/2023\/07\/20230717_152915-01.jpeg 1366w\" sizes=\"auto, (max-width: 300px) 100vw, 300px\" \/><\/p>\n","protected":false},"excerpt":{"rendered":"Chwil\u0119 po godzinie 15 dosz\u0142o do wypadku z udzia\u0142em policjanta z ostrowskiej komendy. M\u0119\u017cczyzna wjecha\u0142 w ci\u0119\u017car\u00f3wk\u0119 i wymaga\u0142 pomocy medycznej. Ze wst\u0119pnych \n<a class=\"moretag\" href=\"https:\/\/ostrowskatv.pl\/?p=25306\"> [...]<\/a>","protected":false},"author":1,"featured_media":25309,"comment_status":"open","ping_status":"closed","sticky":false,"template":"","format":"standard","meta":{"footnotes":""},"categories":[1],"tags":[11],"class_list":["post-25306","post","type-post","status-publish","format-standard","has-post-thumbnail","hentry","category-news","tag-wypadek"],"_links":{"self":[{"href":"https:\/\/ostrowskatv.pl\/index.php?rest_route=\/wp\/v2\/posts\/25306","targetHints":{"allow":["GET"]}}],"collection":[{"href":"https:\/\/ostrowskatv.pl\/index.php?rest_route=\/wp\/v2\/posts"}],"about":[{"href":"https:\/\/ostrowskatv.pl\/index.php?rest_route=\/wp\/v2\/types\/post"}],"author":[{"embeddable":true,"href":"https:\/\/ostrowskatv.pl\/index.php?rest_route=\/wp\/v2\/users\/1"}],"replies":[{"embeddable":true,"href":"https:\/\/ostrowskatv.pl\/index.php?rest_route=%2Fwp%2Fv2%2Fcomments&post=25306"}],"version-history":[{"count":0,"href":"https:\/\/ostrowskatv.pl\/index.php?rest_route=\/wp\/v2\/posts\/25306\/revisions"}],"wp:featuredmedia":[{"embeddable":true,"href":"https:\/\/ostrowskatv.pl\/index.php?rest_route=\/wp\/v2\/media\/25309"}],"wp:attachment":[{"href":"https:\/\/ostrowskatv.pl\/index.php?rest_route=%2Fwp%2Fv2%2Fmedia&parent=25306"}],"wp:term":[{"taxonomy":"category","embeddable":true,"href":"https:\/\/ostrowskatv.pl\/index.php?rest_route=%2Fwp%2Fv2%2Fcategories&post=25306"},{"taxonomy":"post_tag","embeddable":true,"href":"https:\/\/ostrowskatv.pl\/index.php?rest_route=%2Fwp%2Fv2%2Ftags&post=25306"}],"curies":[{"name":"wp","href":"https:\/\/api.w.org\/{rel}","templated":true}]}}