{"id":25304,"date":"2023-07-17T10:43:05","date_gmt":"2023-07-17T09:43:05","guid":{"rendered":"https:\/\/ostrowskatv.pl\/?p=25304"},"modified":"2023-07-17T11:01:27","modified_gmt":"2023-07-17T10:01:27","slug":"okradl-kosciol-wiemy-ile-bylo-pieniedzy-w-skarbonach","status":"publish","type":"post","link":"https:\/\/ostrowskatv.pl\/?p=25304","title":{"rendered":"Okrad\u0142 ko\u015bci\u00f3\u0142. Wiemy ile by\u0142o pieni\u0119dzy w skarbonach"},"content":{"rendered":"<p><strong>W spo\u0142ecze\u0144stwie nie ma \u017cadnego przyzwolenia na okradanie grob\u00f3w. Niekt\u00f3rzy z\u0142odzieje nic sobie nie robi\u0105 z ch\u0119ci obrabowania miejsc kultu religijnego. Tak te\u017c by\u0142o w ostatnich dniach na terenie parafii p.w. Bo\u017cego Cia\u0142a w Nowych Skalmierzycach.<\/strong><\/p>\n<p>Jeden z parafian dostrzeg\u0142 m\u0119\u017cczyzn\u0119, kt\u00f3ry m\u00f3g\u0142 mie\u0107 zwi\u0105zek z kradzie\u017c\u0105 zawarto\u015bci zawarto\u015bci dw\u00f3ch skarbon znajduj\u0105cych si\u0119 wewn\u0105trz ko\u015bcio\u0142a. 15 lipca policjanci zatrzymali sprawc\u0119, kt\u00f3remu przypisano kradzie\u017c pieni\u0119dzy w kwocie ponad tysi\u0105ca z\u0142otych. 29-latek z Kalisza przyzna\u0142 si\u0119 do kradzie\u017cy z w\u0142amaniem. Parafia informowa\u0142a po fakcie, \u017ce z powodu w\u0142amania i uszkodzenia drzwi Kaplica  Wieczystej Adoracji b\u0119dzie nieczynna do odwo\u0142ania.<\/p>\n","protected":false},"excerpt":{"rendered":"W spo\u0142ecze\u0144stwie nie ma \u017cadnego przyzwolenia na okradanie grob\u00f3w. Niekt\u00f3rzy z\u0142odzieje nic sobie nie robi\u0105 z ch\u0119ci obrabowania miejsc kultu religijnego. Tak te\u017c \n<a class=\"moretag\" href=\"https:\/\/ostrowskatv.pl\/?p=25304\"> [...]<\/a>","protected":false},"author":1,"featured_media":18202,"comment_status":"open","ping_status":"closed","sticky":false,"template":"","format":"standard","meta":{"footnotes":""},"categories":[1],"tags":[196],"class_list":["post-25304","post","type-post","status-publish","format-standard","has-post-thumbnail","hentry","category-news","tag-kosciol"],"_links":{"self":[{"href":"https:\/\/ostrowskatv.pl\/index.php?rest_route=\/wp\/v2\/posts\/25304","targetHints":{"allow":["GET"]}}],"collection":[{"href":"https:\/\/ostrowskatv.pl\/index.php?rest_route=\/wp\/v2\/posts"}],"about":[{"href":"https:\/\/ostrowskatv.pl\/index.php?rest_route=\/wp\/v2\/types\/post"}],"author":[{"embeddable":true,"href":"https:\/\/ostrowskatv.pl\/index.php?rest_route=\/wp\/v2\/users\/1"}],"replies":[{"embeddable":true,"href":"https:\/\/ostrowskatv.pl\/index.php?rest_route=%2Fwp%2Fv2%2Fcomments&post=25304"}],"version-history":[{"count":0,"href":"https:\/\/ostrowskatv.pl\/index.php?rest_route=\/wp\/v2\/posts\/25304\/revisions"}],"wp:featuredmedia":[{"embeddable":true,"href":"https:\/\/ostrowskatv.pl\/index.php?rest_route=\/wp\/v2\/media\/18202"}],"wp:attachment":[{"href":"https:\/\/ostrowskatv.pl\/index.php?rest_route=%2Fwp%2Fv2%2Fmedia&parent=25304"}],"wp:term":[{"taxonomy":"category","embeddable":true,"href":"https:\/\/ostrowskatv.pl\/index.php?rest_route=%2Fwp%2Fv2%2Fcategories&post=25304"},{"taxonomy":"post_tag","embeddable":true,"href":"https:\/\/ostrowskatv.pl\/index.php?rest_route=%2Fwp%2Fv2%2Ftags&post=25304"}],"curies":[{"name":"wp","href":"https:\/\/api.w.org\/{rel}","templated":true}]}}