{"id":25294,"date":"2023-07-16T22:45:48","date_gmt":"2023-07-16T21:45:48","guid":{"rendered":"https:\/\/ostrowskatv.pl\/?p=25294"},"modified":"2023-07-16T22:45:48","modified_gmt":"2023-07-16T21:45:48","slug":"mlodzieniec-rozbil-sie-na-obwodnicy-zdjecia","status":"publish","type":"post","link":"https:\/\/ostrowskatv.pl\/?p=25294","title":{"rendered":"M\u0142odzieniec rozbi\u0142 si\u0119 na obwodnicy (ZDJ\u0118CIA)"},"content":{"rendered":"<p><strong>Na obwodnicy Ostrowa Wielkopolskiego pomi\u0119dzy galeri\u0105 a wiaduktem nad ulic\u0105 Grabowsk\u0105 dosz\u0142o do kolizji drogowej.<\/strong><\/p>\n<p>M\u0142ody kierowca peugeota (na POS) na \u0142uku drogi straci\u0142 panowanie nad autem i uderzy\u0142 w barier\u0119 energoch\u0142onn\u0105. M\u0119\u017cczyzna do czasu przyjazdu karetki przebywa\u0142 wewn\u0105trz pojazdu.<\/p>\n<p>Nast\u0119pnie o w\u0142asnych si\u0142ach przeszed\u0142 do karetki, gdzie zosta\u0142 po\u0142o\u017cony na noszach. M\u0119\u017cczyzna by\u0142 trze\u017awy. Za spowodowanie kolizji zosta\u0142 ukarany mandatem karnym.<\/p>\n<p><img loading=\"lazy\" decoding=\"async\" src=\"https:\/\/ostrowskatv.pl\/wp-content\/uploads\/2023\/07\/20230716_231831-01-230x300.jpeg\" alt=\"\" width=\"230\" height=\"300\" class=\"alignnone size-medium wp-image-25295\" srcset=\"https:\/\/ostrowskatv.pl\/wp-content\/uploads\/2023\/07\/20230716_231831-01-230x300.jpeg 230w, https:\/\/ostrowskatv.pl\/wp-content\/uploads\/2023\/07\/20230716_231831-01-1022x1333.jpeg 1022w, https:\/\/ostrowskatv.pl\/wp-content\/uploads\/2023\/07\/20230716_231831-01.jpeg 1047w\" sizes=\"auto, (max-width: 230px) 100vw, 230px\" \/><\/p>\n<p><img loading=\"lazy\" decoding=\"async\" src=\"https:\/\/ostrowskatv.pl\/wp-content\/uploads\/2023\/07\/20230716_231828-01-169x300.jpeg\" alt=\"\" width=\"169\" height=\"300\" class=\"alignnone size-medium wp-image-25296\" srcset=\"https:\/\/ostrowskatv.pl\/wp-content\/uploads\/2023\/07\/20230716_231828-01-169x300.jpeg 169w, https:\/\/ostrowskatv.pl\/wp-content\/uploads\/2023\/07\/20230716_231828-01-750x1333.jpeg 750w, https:\/\/ostrowskatv.pl\/wp-content\/uploads\/2023\/07\/20230716_231828-01.jpeg 769w\" sizes=\"auto, (max-width: 169px) 100vw, 169px\" \/><\/p>\n<p><img loading=\"lazy\" decoding=\"async\" src=\"https:\/\/ostrowskatv.pl\/wp-content\/uploads\/2023\/07\/20230716_231655-01-300x200.jpeg\" alt=\"\" width=\"300\" height=\"200\" class=\"alignnone size-medium wp-image-25297\" srcset=\"https:\/\/ostrowskatv.pl\/wp-content\/uploads\/2023\/07\/20230716_231655-01-300x200.jpeg 300w, https:\/\/ostrowskatv.pl\/wp-content\/uploads\/2023\/07\/20230716_231655-01-1333x888.jpeg 1333w, https:\/\/ostrowskatv.pl\/wp-content\/uploads\/2023\/07\/20230716_231655-01.jpeg 1365w\" sizes=\"auto, (max-width: 300px) 100vw, 300px\" \/><\/p>\n<p><img loading=\"lazy\" decoding=\"async\" src=\"https:\/\/ostrowskatv.pl\/wp-content\/uploads\/2023\/07\/20230716_231625-01-300x169.jpeg\" alt=\"\" width=\"300\" height=\"169\" class=\"alignnone size-medium wp-image-25298\" srcset=\"https:\/\/ostrowskatv.pl\/wp-content\/uploads\/2023\/07\/20230716_231625-01-300x169.jpeg 300w, https:\/\/ostrowskatv.pl\/wp-content\/uploads\/2023\/07\/20230716_231625-01-1333x750.jpeg 1333w, https:\/\/ostrowskatv.pl\/wp-content\/uploads\/2023\/07\/20230716_231625-01-388x220.jpeg 388w, https:\/\/ostrowskatv.pl\/wp-content\/uploads\/2023\/07\/20230716_231625-01.jpeg 1366w\" sizes=\"auto, (max-width: 300px) 100vw, 300px\" \/><\/p>\n<p><img loading=\"lazy\" decoding=\"async\" src=\"https:\/\/ostrowskatv.pl\/wp-content\/uploads\/2023\/07\/20230716_231139-01-300x169.jpeg\" alt=\"\" width=\"300\" height=\"169\" class=\"alignnone size-medium wp-image-25299\" srcset=\"https:\/\/ostrowskatv.pl\/wp-content\/uploads\/2023\/07\/20230716_231139-01-300x169.jpeg 300w, https:\/\/ostrowskatv.pl\/wp-content\/uploads\/2023\/07\/20230716_231139-01-1333x750.jpeg 1333w, https:\/\/ostrowskatv.pl\/wp-content\/uploads\/2023\/07\/20230716_231139-01-388x220.jpeg 388w, https:\/\/ostrowskatv.pl\/wp-content\/uploads\/2023\/07\/20230716_231139-01.jpeg 1366w\" sizes=\"auto, (max-width: 300px) 100vw, 300px\" \/><\/p>\n<p><img loading=\"lazy\" decoding=\"async\" src=\"https:\/\/ostrowskatv.pl\/wp-content\/uploads\/2023\/07\/20230716_231125-01-300x169.jpeg\" alt=\"\" width=\"300\" height=\"169\" class=\"alignnone size-medium wp-image-25300\" srcset=\"https:\/\/ostrowskatv.pl\/wp-content\/uploads\/2023\/07\/20230716_231125-01-300x169.jpeg 300w, https:\/\/ostrowskatv.pl\/wp-content\/uploads\/2023\/07\/20230716_231125-01-1333x750.jpeg 1333w, https:\/\/ostrowskatv.pl\/wp-content\/uploads\/2023\/07\/20230716_231125-01-388x220.jpeg 388w, https:\/\/ostrowskatv.pl\/wp-content\/uploads\/2023\/07\/20230716_231125-01.jpeg 1366w\" sizes=\"auto, (max-width: 300px) 100vw, 300px\" \/><\/p>\n<p><img loading=\"lazy\" decoding=\"async\" src=\"https:\/\/ostrowskatv.pl\/wp-content\/uploads\/2023\/07\/20230716_231118-01-300x169.jpeg\" alt=\"\" width=\"300\" height=\"169\" class=\"alignnone size-medium wp-image-25301\" srcset=\"https:\/\/ostrowskatv.pl\/wp-content\/uploads\/2023\/07\/20230716_231118-01-300x169.jpeg 300w, https:\/\/ostrowskatv.pl\/wp-content\/uploads\/2023\/07\/20230716_231118-01-1333x750.jpeg 1333w, https:\/\/ostrowskatv.pl\/wp-content\/uploads\/2023\/07\/20230716_231118-01-388x220.jpeg 388w, https:\/\/ostrowskatv.pl\/wp-content\/uploads\/2023\/07\/20230716_231118-01.jpeg 1366w\" sizes=\"auto, (max-width: 300px) 100vw, 300px\" \/><\/p>\n<p><img loading=\"lazy\" decoding=\"async\" src=\"https:\/\/ostrowskatv.pl\/wp-content\/uploads\/2023\/07\/20230716_230902-01-300x163.jpeg\" alt=\"\" width=\"300\" height=\"163\" class=\"alignnone size-medium wp-image-25302\" srcset=\"https:\/\/ostrowskatv.pl\/wp-content\/uploads\/2023\/07\/20230716_230902-01-300x163.jpeg 300w, https:\/\/ostrowskatv.pl\/wp-content\/uploads\/2023\/07\/20230716_230902-01-1333x725.jpeg 1333w, https:\/\/ostrowskatv.pl\/wp-content\/uploads\/2023\/07\/20230716_230902-01.jpeg 1366w\" sizes=\"auto, (max-width: 300px) 100vw, 300px\" \/><\/p>\n<p>Do zdarzenia zadysponowano tak\u017ce ostrowskich stra\u017cak\u00f3w.<\/p>\n","protected":false},"excerpt":{"rendered":"Na obwodnicy Ostrowa Wielkopolskiego pomi\u0119dzy galeri\u0105 a wiaduktem nad ulic\u0105 Grabowsk\u0105 dosz\u0142o do kolizji drogowej. M\u0142ody kierowca peugeota (na POS) na \u0142uku drogi \n<a class=\"moretag\" href=\"https:\/\/ostrowskatv.pl\/?p=25294\"> [...]<\/a>","protected":false},"author":1,"featured_media":25297,"comment_status":"open","ping_status":"closed","sticky":false,"template":"","format":"standard","meta":{"footnotes":""},"categories":[1],"tags":[48],"class_list":["post-25294","post","type-post","status-publish","format-standard","has-post-thumbnail","hentry","category-news","tag-kolizja"],"_links":{"self":[{"href":"https:\/\/ostrowskatv.pl\/index.php?rest_route=\/wp\/v2\/posts\/25294","targetHints":{"allow":["GET"]}}],"collection":[{"href":"https:\/\/ostrowskatv.pl\/index.php?rest_route=\/wp\/v2\/posts"}],"about":[{"href":"https:\/\/ostrowskatv.pl\/index.php?rest_route=\/wp\/v2\/types\/post"}],"author":[{"embeddable":true,"href":"https:\/\/ostrowskatv.pl\/index.php?rest_route=\/wp\/v2\/users\/1"}],"replies":[{"embeddable":true,"href":"https:\/\/ostrowskatv.pl\/index.php?rest_route=%2Fwp%2Fv2%2Fcomments&post=25294"}],"version-history":[{"count":0,"href":"https:\/\/ostrowskatv.pl\/index.php?rest_route=\/wp\/v2\/posts\/25294\/revisions"}],"wp:featuredmedia":[{"embeddable":true,"href":"https:\/\/ostrowskatv.pl\/index.php?rest_route=\/wp\/v2\/media\/25297"}],"wp:attachment":[{"href":"https:\/\/ostrowskatv.pl\/index.php?rest_route=%2Fwp%2Fv2%2Fmedia&parent=25294"}],"wp:term":[{"taxonomy":"category","embeddable":true,"href":"https:\/\/ostrowskatv.pl\/index.php?rest_route=%2Fwp%2Fv2%2Fcategories&post=25294"},{"taxonomy":"post_tag","embeddable":true,"href":"https:\/\/ostrowskatv.pl\/index.php?rest_route=%2Fwp%2Fv2%2Ftags&post=25294"}],"curies":[{"name":"wp","href":"https:\/\/api.w.org\/{rel}","templated":true}]}}