{"id":25284,"date":"2023-07-16T01:41:17","date_gmt":"2023-07-16T00:41:17","guid":{"rendered":"https:\/\/ostrowskatv.pl\/?p=25284"},"modified":"2023-07-16T01:41:17","modified_gmt":"2023-07-16T00:41:17","slug":"dachowanie-volkswagena-zdjecia","status":"publish","type":"post","link":"https:\/\/ostrowskatv.pl\/?p=25284","title":{"rendered":"Dachowanie volkswagena (ZDJ\u0118CIA)"},"content":{"rendered":"<p><strong>Oko\u0142o godziny 1.30 w miejscowo\u015bci Szczury dosz\u0142o do dachowania samochodu osobowego. Dwie osoby nim podr\u00f3\u017cowa\u0142y.<\/strong><\/p>\n<p>Na \u0142uku drogi kierowca volkswagena golfa straci\u0142 panowanie nad pojazdem, zjecha\u0142 na przeciwny pas ruchu i wypad\u0142 z drogi.<\/p>\n<p>Zatrzyma\u0142 si\u0119 kilkadziesi\u0105t metr\u00f3w dalej w zbo\u017cu. Samoch\u00f3d by\u0142 na dachu. Na miejsce wys\u0142ano stra\u017c po\u017carn\u0105 Ostrowa Wielkopolskiego i z Sob\u00f3tki, karetk\u0119 pogotowia ratunkowego oraz policj\u0119.<\/p>\n<p>Ratownicy medyczni przebadali kobiet\u0119 i m\u0119\u017cczyzn\u0119 (wiek oko\u0142o 35-40 lat) i po zaopatrzeniu pozostawili na miejscu.<\/p>\n<p><img loading=\"lazy\" decoding=\"async\" src=\"https:\/\/ostrowskatv.pl\/wp-content\/uploads\/2023\/07\/20230716_015956-01-300x131.jpeg\" alt=\"\" width=\"300\" height=\"131\" class=\"alignnone size-medium wp-image-25285\" srcset=\"https:\/\/ostrowskatv.pl\/wp-content\/uploads\/2023\/07\/20230716_015956-01-300x131.jpeg 300w, https:\/\/ostrowskatv.pl\/wp-content\/uploads\/2023\/07\/20230716_015956-01-1333x584.jpeg 1333w, https:\/\/ostrowskatv.pl\/wp-content\/uploads\/2023\/07\/20230716_015956-01.jpeg 1366w\" sizes=\"auto, (max-width: 300px) 100vw, 300px\" \/><\/p>\n<p><img loading=\"lazy\" decoding=\"async\" src=\"https:\/\/ostrowskatv.pl\/wp-content\/uploads\/2023\/07\/20230716_020016-01-300x143.jpeg\" alt=\"\" width=\"300\" height=\"143\" class=\"alignnone size-medium wp-image-25286\" srcset=\"https:\/\/ostrowskatv.pl\/wp-content\/uploads\/2023\/07\/20230716_020016-01-300x143.jpeg 300w, https:\/\/ostrowskatv.pl\/wp-content\/uploads\/2023\/07\/20230716_020016-01-1333x635.jpeg 1333w, https:\/\/ostrowskatv.pl\/wp-content\/uploads\/2023\/07\/20230716_020016-01.jpeg 1366w\" sizes=\"auto, (max-width: 300px) 100vw, 300px\" \/><\/p>\n<p><img loading=\"lazy\" decoding=\"async\" src=\"https:\/\/ostrowskatv.pl\/wp-content\/uploads\/2023\/07\/20230716_020039-01-300x169.jpeg\" alt=\"\" width=\"300\" height=\"169\" class=\"alignnone size-medium wp-image-25287\" srcset=\"https:\/\/ostrowskatv.pl\/wp-content\/uploads\/2023\/07\/20230716_020039-01-300x169.jpeg 300w, https:\/\/ostrowskatv.pl\/wp-content\/uploads\/2023\/07\/20230716_020039-01-1333x750.jpeg 1333w, https:\/\/ostrowskatv.pl\/wp-content\/uploads\/2023\/07\/20230716_020039-01-388x220.jpeg 388w, https:\/\/ostrowskatv.pl\/wp-content\/uploads\/2023\/07\/20230716_020039-01.jpeg 1366w\" sizes=\"auto, (max-width: 300px) 100vw, 300px\" \/><\/p>\n<p><img loading=\"lazy\" decoding=\"async\" src=\"https:\/\/ostrowskatv.pl\/wp-content\/uploads\/2023\/07\/20230716_020046-01-300x183.jpeg\" alt=\"\" width=\"300\" height=\"183\" class=\"alignnone size-medium wp-image-25288\" srcset=\"https:\/\/ostrowskatv.pl\/wp-content\/uploads\/2023\/07\/20230716_020046-01-300x183.jpeg 300w, https:\/\/ostrowskatv.pl\/wp-content\/uploads\/2023\/07\/20230716_020046-01-1333x814.jpeg 1333w, https:\/\/ostrowskatv.pl\/wp-content\/uploads\/2023\/07\/20230716_020046-01.jpeg 1366w\" sizes=\"auto, (max-width: 300px) 100vw, 300px\" \/><\/p>\n<p><img loading=\"lazy\" decoding=\"async\" src=\"https:\/\/ostrowskatv.pl\/wp-content\/uploads\/2023\/07\/20230716_020111-01-300x174.jpeg\" alt=\"\" width=\"300\" height=\"174\" class=\"alignnone size-medium wp-image-25289\" srcset=\"https:\/\/ostrowskatv.pl\/wp-content\/uploads\/2023\/07\/20230716_020111-01-300x174.jpeg 300w, https:\/\/ostrowskatv.pl\/wp-content\/uploads\/2023\/07\/20230716_020111-01-1333x773.jpeg 1333w, https:\/\/ostrowskatv.pl\/wp-content\/uploads\/2023\/07\/20230716_020111-01.jpeg 1366w\" sizes=\"auto, (max-width: 300px) 100vw, 300px\" \/><\/p>\n<p><img loading=\"lazy\" decoding=\"async\" src=\"https:\/\/ostrowskatv.pl\/wp-content\/uploads\/2023\/07\/20230716_020200-01-300x169.jpeg\" alt=\"\" width=\"300\" height=\"169\" class=\"alignnone size-medium wp-image-25290\" srcset=\"https:\/\/ostrowskatv.pl\/wp-content\/uploads\/2023\/07\/20230716_020200-01-300x169.jpeg 300w, https:\/\/ostrowskatv.pl\/wp-content\/uploads\/2023\/07\/20230716_020200-01-1333x750.jpeg 1333w, https:\/\/ostrowskatv.pl\/wp-content\/uploads\/2023\/07\/20230716_020200-01-388x220.jpeg 388w, https:\/\/ostrowskatv.pl\/wp-content\/uploads\/2023\/07\/20230716_020200-01.jpeg 1366w\" sizes=\"auto, (max-width: 300px) 100vw, 300px\" \/><\/p>\n<p><img loading=\"lazy\" decoding=\"async\" src=\"https:\/\/ostrowskatv.pl\/wp-content\/uploads\/2023\/07\/20230716_020207-01-300x144.jpeg\" alt=\"\" width=\"300\" height=\"144\" class=\"alignnone size-medium wp-image-25291\" srcset=\"https:\/\/ostrowskatv.pl\/wp-content\/uploads\/2023\/07\/20230716_020207-01-300x144.jpeg 300w, https:\/\/ostrowskatv.pl\/wp-content\/uploads\/2023\/07\/20230716_020207-01-1333x638.jpeg 1333w, https:\/\/ostrowskatv.pl\/wp-content\/uploads\/2023\/07\/20230716_020207-01.jpeg 1366w\" sizes=\"auto, (max-width: 300px) 100vw, 300px\" \/><\/p>\n<p><img loading=\"lazy\" decoding=\"async\" src=\"https:\/\/ostrowskatv.pl\/wp-content\/uploads\/2023\/07\/20230716_020248-01-300x143.jpeg\" alt=\"\" width=\"300\" height=\"143\" class=\"alignnone size-medium wp-image-25292\" srcset=\"https:\/\/ostrowskatv.pl\/wp-content\/uploads\/2023\/07\/20230716_020248-01-300x143.jpeg 300w, https:\/\/ostrowskatv.pl\/wp-content\/uploads\/2023\/07\/20230716_020248-01-1333x633.jpeg 1333w, https:\/\/ostrowskatv.pl\/wp-content\/uploads\/2023\/07\/20230716_020248-01.jpeg 1366w\" sizes=\"auto, (max-width: 300px) 100vw, 300px\" \/><\/p>\n","protected":false},"excerpt":{"rendered":"Oko\u0142o godziny 1.30 w miejscowo\u015bci Szczury dosz\u0142o do dachowania samochodu osobowego. Dwie osoby nim podr\u00f3\u017cowa\u0142y. Na \u0142uku drogi kierowca volkswagena golfa straci\u0142 panowanie \n<a class=\"moretag\" href=\"https:\/\/ostrowskatv.pl\/?p=25284\"> [...]<\/a>","protected":false},"author":1,"featured_media":25292,"comment_status":"open","ping_status":"closed","sticky":false,"template":"","format":"standard","meta":{"footnotes":""},"categories":[1],"tags":[2],"class_list":["post-25284","post","type-post","status-publish","format-standard","has-post-thumbnail","hentry","category-news","tag-ostrow-wielkopolski"],"_links":{"self":[{"href":"https:\/\/ostrowskatv.pl\/index.php?rest_route=\/wp\/v2\/posts\/25284","targetHints":{"allow":["GET"]}}],"collection":[{"href":"https:\/\/ostrowskatv.pl\/index.php?rest_route=\/wp\/v2\/posts"}],"about":[{"href":"https:\/\/ostrowskatv.pl\/index.php?rest_route=\/wp\/v2\/types\/post"}],"author":[{"embeddable":true,"href":"https:\/\/ostrowskatv.pl\/index.php?rest_route=\/wp\/v2\/users\/1"}],"replies":[{"embeddable":true,"href":"https:\/\/ostrowskatv.pl\/index.php?rest_route=%2Fwp%2Fv2%2Fcomments&post=25284"}],"version-history":[{"count":0,"href":"https:\/\/ostrowskatv.pl\/index.php?rest_route=\/wp\/v2\/posts\/25284\/revisions"}],"wp:featuredmedia":[{"embeddable":true,"href":"https:\/\/ostrowskatv.pl\/index.php?rest_route=\/wp\/v2\/media\/25292"}],"wp:attachment":[{"href":"https:\/\/ostrowskatv.pl\/index.php?rest_route=%2Fwp%2Fv2%2Fmedia&parent=25284"}],"wp:term":[{"taxonomy":"category","embeddable":true,"href":"https:\/\/ostrowskatv.pl\/index.php?rest_route=%2Fwp%2Fv2%2Fcategories&post=25284"},{"taxonomy":"post_tag","embeddable":true,"href":"https:\/\/ostrowskatv.pl\/index.php?rest_route=%2Fwp%2Fv2%2Ftags&post=25284"}],"curies":[{"name":"wp","href":"https:\/\/api.w.org\/{rel}","templated":true}]}}