{"id":25240,"date":"2023-07-13T14:29:02","date_gmt":"2023-07-13T13:29:02","guid":{"rendered":"https:\/\/ostrowskatv.pl\/?p=25240"},"modified":"2023-07-13T14:29:02","modified_gmt":"2023-07-13T13:29:02","slug":"ciezarowka-wjechal-w-tyl-utrudnienia-w-czekanowie","status":"publish","type":"post","link":"https:\/\/ostrowskatv.pl\/?p=25240","title":{"rendered":"Ci\u0119\u017car\u00f3wk\u0105 wjecha\u0142 w ty\u0142. Utrudnienia w Czekanowie"},"content":{"rendered":"<p><strong>Przed godzin\u0105 14 na drodze krajowej nr 25 dosz\u0142o do kolizji z udzia\u0142em samochodu ci\u0119\u017carowego mercedes z osobowym fordem. Nikt nie zosta\u0142 ranny.<\/strong><\/p>\n<p>Osobowy ford z powiatu krotoszy\u0144skiego zwolni\u0142 z powodu tworz\u0105cego si\u0119 korku przed Czekanowem. Jad\u0105cy za nim obywatel Ukrainy w ci\u0119\u017carowym mercedesie nie zachowa\u0142 odst\u0119pu i wjecha\u0142 w ty\u0142 osob\u00f3wki.<\/p>\n<p>Na miejscu wyst\u0119powa\u0142y utrudnienia z powodu niezjechania pojazd\u00f3w na wysepk\u0119. Na miejsce wezwano policj\u0119.<\/p>\n<p><img loading=\"lazy\" decoding=\"async\" src=\"https:\/\/ostrowskatv.pl\/wp-content\/uploads\/2023\/07\/20230713_135617-01-300x172.jpeg\" alt=\"\" width=\"300\" height=\"172\" class=\"alignnone size-medium wp-image-25241\" srcset=\"https:\/\/ostrowskatv.pl\/wp-content\/uploads\/2023\/07\/20230713_135617-01-300x172.jpeg 300w, https:\/\/ostrowskatv.pl\/wp-content\/uploads\/2023\/07\/20230713_135617-01-1333x763.jpeg 1333w, https:\/\/ostrowskatv.pl\/wp-content\/uploads\/2023\/07\/20230713_135617-01.jpeg 1366w\" sizes=\"auto, (max-width: 300px) 100vw, 300px\" \/><\/p>\n<p><img loading=\"lazy\" decoding=\"async\" src=\"https:\/\/ostrowskatv.pl\/wp-content\/uploads\/2023\/07\/20230713_135614-01-300x169.jpeg\" alt=\"\" width=\"300\" height=\"169\" class=\"alignnone size-medium wp-image-25242\" srcset=\"https:\/\/ostrowskatv.pl\/wp-content\/uploads\/2023\/07\/20230713_135614-01-300x169.jpeg 300w, https:\/\/ostrowskatv.pl\/wp-content\/uploads\/2023\/07\/20230713_135614-01-1333x750.jpeg 1333w, https:\/\/ostrowskatv.pl\/wp-content\/uploads\/2023\/07\/20230713_135614-01-388x220.jpeg 388w, https:\/\/ostrowskatv.pl\/wp-content\/uploads\/2023\/07\/20230713_135614-01.jpeg 1366w\" sizes=\"auto, (max-width: 300px) 100vw, 300px\" \/><\/p>\n<p><img loading=\"lazy\" decoding=\"async\" src=\"https:\/\/ostrowskatv.pl\/wp-content\/uploads\/2023\/07\/20230713_135945-01-300x173.jpeg\" alt=\"\" width=\"300\" height=\"173\" class=\"alignnone size-medium wp-image-25243\" srcset=\"https:\/\/ostrowskatv.pl\/wp-content\/uploads\/2023\/07\/20230713_135945-01-300x173.jpeg 300w, https:\/\/ostrowskatv.pl\/wp-content\/uploads\/2023\/07\/20230713_135945-01-1333x770.jpeg 1333w, https:\/\/ostrowskatv.pl\/wp-content\/uploads\/2023\/07\/20230713_135945-01.jpeg 1366w\" sizes=\"auto, (max-width: 300px) 100vw, 300px\" \/><\/p>\n","protected":false},"excerpt":{"rendered":"Przed godzin\u0105 14 na drodze krajowej nr 25 dosz\u0142o do kolizji z udzia\u0142em samochodu ci\u0119\u017carowego mercedes z osobowym fordem. Nikt nie zosta\u0142 ranny. \n<a class=\"moretag\" href=\"https:\/\/ostrowskatv.pl\/?p=25240\"> [...]<\/a>","protected":false},"author":1,"featured_media":25243,"comment_status":"open","ping_status":"closed","sticky":false,"template":"","format":"standard","meta":{"footnotes":""},"categories":[1],"tags":[271],"class_list":["post-25240","post","type-post","status-publish","format-standard","has-post-thumbnail","hentry","category-news","tag-dk25"],"_links":{"self":[{"href":"https:\/\/ostrowskatv.pl\/index.php?rest_route=\/wp\/v2\/posts\/25240","targetHints":{"allow":["GET"]}}],"collection":[{"href":"https:\/\/ostrowskatv.pl\/index.php?rest_route=\/wp\/v2\/posts"}],"about":[{"href":"https:\/\/ostrowskatv.pl\/index.php?rest_route=\/wp\/v2\/types\/post"}],"author":[{"embeddable":true,"href":"https:\/\/ostrowskatv.pl\/index.php?rest_route=\/wp\/v2\/users\/1"}],"replies":[{"embeddable":true,"href":"https:\/\/ostrowskatv.pl\/index.php?rest_route=%2Fwp%2Fv2%2Fcomments&post=25240"}],"version-history":[{"count":0,"href":"https:\/\/ostrowskatv.pl\/index.php?rest_route=\/wp\/v2\/posts\/25240\/revisions"}],"wp:featuredmedia":[{"embeddable":true,"href":"https:\/\/ostrowskatv.pl\/index.php?rest_route=\/wp\/v2\/media\/25243"}],"wp:attachment":[{"href":"https:\/\/ostrowskatv.pl\/index.php?rest_route=%2Fwp%2Fv2%2Fmedia&parent=25240"}],"wp:term":[{"taxonomy":"category","embeddable":true,"href":"https:\/\/ostrowskatv.pl\/index.php?rest_route=%2Fwp%2Fv2%2Fcategories&post=25240"},{"taxonomy":"post_tag","embeddable":true,"href":"https:\/\/ostrowskatv.pl\/index.php?rest_route=%2Fwp%2Fv2%2Ftags&post=25240"}],"curies":[{"name":"wp","href":"https:\/\/api.w.org\/{rel}","templated":true}]}}