{"id":25231,"date":"2023-07-13T08:34:16","date_gmt":"2023-07-13T07:34:16","guid":{"rendered":"https:\/\/ostrowskatv.pl\/?p=25231"},"modified":"2023-07-13T08:34:16","modified_gmt":"2023-07-13T07:34:16","slug":"skradziono-auto-w-nietypowych-okolicznosciach","status":"publish","type":"post","link":"https:\/\/ostrowskatv.pl\/?p=25231","title":{"rendered":"Skradziono auto w nietypowych okoliczno\u015bciach"},"content":{"rendered":"<p><strong>We wtorek przed \u015bwitem dosz\u0142o do nietypowego zdarzenia na terenie Czekanowa. Z nieoficjalnych informacji wynika, \u017ce najpierw dosz\u0142o do wypadni\u0119cia z drogi auta, a p\u00f3\u017aniej do kradzie\u017cy.<\/strong><\/p>\n<p>Jak uda\u0142o nam si\u0119 nieoficjalnie ustali\u0107 kilku m\u0119\u017cczyzn mia\u0142o jecha\u0107 samochodem, kt\u00f3ry wypad\u0142 z drogi. M\u0119\u017cczy\u017ani id\u0105c przez wiosk\u0119 zauwa\u017cyli stoj\u0105cy renault Scenic z w\u0142o\u017conym kluczykiem.<\/p>\n<p>Skorzysta\u0142 i\u017c okazji i odjechali osob\u00f3wk\u0105. Policja weryfikuje pozyskane informacje i ustala wszelkie okoliczno\u015bci w tej sprawie.<\/p>\n","protected":false},"excerpt":{"rendered":"We wtorek przed \u015bwitem dosz\u0142o do nietypowego zdarzenia na terenie Czekanowa. Z nieoficjalnych informacji wynika, \u017ce najpierw dosz\u0142o do wypadni\u0119cia z drogi auta, \n<a class=\"moretag\" href=\"https:\/\/ostrowskatv.pl\/?p=25231\"> [...]<\/a>","protected":false},"author":1,"featured_media":18202,"comment_status":"open","ping_status":"closed","sticky":false,"template":"","format":"standard","meta":{"footnotes":""},"categories":[1],"tags":[98,268,72],"class_list":["post-25231","post","type-post","status-publish","format-standard","has-post-thumbnail","hentry","category-news","tag-czekanow","tag-kradziez","tag-samochod"],"_links":{"self":[{"href":"https:\/\/ostrowskatv.pl\/index.php?rest_route=\/wp\/v2\/posts\/25231","targetHints":{"allow":["GET"]}}],"collection":[{"href":"https:\/\/ostrowskatv.pl\/index.php?rest_route=\/wp\/v2\/posts"}],"about":[{"href":"https:\/\/ostrowskatv.pl\/index.php?rest_route=\/wp\/v2\/types\/post"}],"author":[{"embeddable":true,"href":"https:\/\/ostrowskatv.pl\/index.php?rest_route=\/wp\/v2\/users\/1"}],"replies":[{"embeddable":true,"href":"https:\/\/ostrowskatv.pl\/index.php?rest_route=%2Fwp%2Fv2%2Fcomments&post=25231"}],"version-history":[{"count":0,"href":"https:\/\/ostrowskatv.pl\/index.php?rest_route=\/wp\/v2\/posts\/25231\/revisions"}],"wp:featuredmedia":[{"embeddable":true,"href":"https:\/\/ostrowskatv.pl\/index.php?rest_route=\/wp\/v2\/media\/18202"}],"wp:attachment":[{"href":"https:\/\/ostrowskatv.pl\/index.php?rest_route=%2Fwp%2Fv2%2Fmedia&parent=25231"}],"wp:term":[{"taxonomy":"category","embeddable":true,"href":"https:\/\/ostrowskatv.pl\/index.php?rest_route=%2Fwp%2Fv2%2Fcategories&post=25231"},{"taxonomy":"post_tag","embeddable":true,"href":"https:\/\/ostrowskatv.pl\/index.php?rest_route=%2Fwp%2Fv2%2Ftags&post=25231"}],"curies":[{"name":"wp","href":"https:\/\/api.w.org\/{rel}","templated":true}]}}