{"id":25215,"date":"2023-07-12T10:03:38","date_gmt":"2023-07-12T09:03:38","guid":{"rendered":"https:\/\/ostrowskatv.pl\/?p=25215"},"modified":"2023-07-12T10:03:48","modified_gmt":"2023-07-12T09:03:48","slug":"napis-na-proukrainskim-muralu","status":"publish","type":"post","link":"https:\/\/ostrowskatv.pl\/?p=25215","title":{"rendered":"Napis na proukrai\u0144skim muralu"},"content":{"rendered":"<p><strong>Proukrai\u0144ski mural zosta\u0142 zmodyfikowany poprzez dodanie napisu odwo\u0142uj\u0105cego si\u0119 do &#8222;rzezi wo\u0142y\u0144skiej&#8221;. Nacjonali\u015bci ukrai\u0144scy w bestialski spos\u00f3b pozbawiali \u017cycia Polak\u00f3w w 1943 roku. W 80. rocznic\u0119 nieznany sprawca doda\u0142 napis \u017c\u0105daj\u0105cy przeprosin ze stron narodu ukrai\u0144skiego.<\/strong><\/p>\n<p><img loading=\"lazy\" decoding=\"async\" src=\"https:\/\/ostrowskatv.pl\/wp-content\/uploads\/2023\/07\/20230712_094645-01.jpeg\" alt=\"\" width=\"1366\" height=\"890\" class=\"alignnone size-full wp-image-25222\" srcset=\"https:\/\/ostrowskatv.pl\/wp-content\/uploads\/2023\/07\/20230712_094645-01.jpeg 1366w, https:\/\/ostrowskatv.pl\/wp-content\/uploads\/2023\/07\/20230712_094645-01-300x195.jpeg 300w, https:\/\/ostrowskatv.pl\/wp-content\/uploads\/2023\/07\/20230712_094645-01-1333x868.jpeg 1333w\" sizes=\"auto, (max-width: 1366px) 100vw, 1366px\" \/><\/p>\n<p><img loading=\"lazy\" decoding=\"async\" src=\"https:\/\/ostrowskatv.pl\/wp-content\/uploads\/2023\/07\/20230712_094606-01.jpeg\" alt=\"\" width=\"1366\" height=\"1180\" class=\"alignnone size-full wp-image-25223\" srcset=\"https:\/\/ostrowskatv.pl\/wp-content\/uploads\/2023\/07\/20230712_094606-01.jpeg 1366w, https:\/\/ostrowskatv.pl\/wp-content\/uploads\/2023\/07\/20230712_094606-01-300x259.jpeg 300w, https:\/\/ostrowskatv.pl\/wp-content\/uploads\/2023\/07\/20230712_094606-01-1333x1151.jpeg 1333w\" sizes=\"auto, (max-width: 1366px) 100vw, 1366px\" \/><\/p>\n<p><img loading=\"lazy\" decoding=\"async\" src=\"https:\/\/ostrowskatv.pl\/wp-content\/uploads\/2023\/07\/20230712_094603-01.jpeg\" alt=\"\" width=\"1366\" height=\"769\" class=\"alignnone size-full wp-image-25224\" srcset=\"https:\/\/ostrowskatv.pl\/wp-content\/uploads\/2023\/07\/20230712_094603-01.jpeg 1366w, https:\/\/ostrowskatv.pl\/wp-content\/uploads\/2023\/07\/20230712_094603-01-300x169.jpeg 300w, https:\/\/ostrowskatv.pl\/wp-content\/uploads\/2023\/07\/20230712_094603-01-1333x750.jpeg 1333w\" sizes=\"auto, (max-width: 1366px) 100vw, 1366px\" \/><\/p>\n<p><img loading=\"lazy\" decoding=\"async\" src=\"https:\/\/ostrowskatv.pl\/wp-content\/uploads\/2023\/07\/20230712_094556-01.jpeg\" alt=\"\" width=\"846\" height=\"1366\" class=\"alignnone size-full wp-image-25225\" srcset=\"https:\/\/ostrowskatv.pl\/wp-content\/uploads\/2023\/07\/20230712_094556-01.jpeg 846w, https:\/\/ostrowskatv.pl\/wp-content\/uploads\/2023\/07\/20230712_094556-01-186x300.jpeg 186w, https:\/\/ostrowskatv.pl\/wp-content\/uploads\/2023\/07\/20230712_094556-01-826x1333.jpeg 826w\" sizes=\"auto, (max-width: 846px) 100vw, 846px\" \/><\/p>\n<p><img loading=\"lazy\" decoding=\"async\" src=\"https:\/\/ostrowskatv.pl\/wp-content\/uploads\/2023\/07\/20230712_094536-01.jpeg\" alt=\"\" width=\"769\" height=\"1366\" class=\"alignnone size-full wp-image-25226\" srcset=\"https:\/\/ostrowskatv.pl\/wp-content\/uploads\/2023\/07\/20230712_094536-01.jpeg 769w, https:\/\/ostrowskatv.pl\/wp-content\/uploads\/2023\/07\/20230712_094536-01-169x300.jpeg 169w, https:\/\/ostrowskatv.pl\/wp-content\/uploads\/2023\/07\/20230712_094536-01-750x1333.jpeg 750w\" sizes=\"auto, (max-width: 769px) 100vw, 769px\" \/><\/p>\n<p>Jedna z lokalnych dzia\u0142aczek Konfederacji napisa\u0142a wczoraj: <\/p>\n<blockquote><p>80 lat temu, 11 lipca 1943 roku, mia\u0142a miejsce na Wo\u0142yniu tzw. Krwawa Niedziela, czyli kulminacja ludob\u00f3jstwa przeprowadzanego przez ukrai\u0144skich szowinist\u00f3w z OUN i UPA na Polakach. Tego dnia zaatakowano i zniszczono 99 polskich miejscowo\u015bci. Ludob\u00f3jstwo obj\u0119\u0142o swym zasi\u0119giem przede wszystkim Wo\u0142y\u0144 i Ma\u0142opolsk\u0119 Wschodni\u0105, ale tak\u017ce Lubelszczyzn\u0119 i Polesie. Zamordowano nawet 200 tysi\u0119cy niewinnych ofiar \u2212 m\u0119\u017cczyzn, kobiet i dzieci. Ludob\u00f3jstwo wo\u0142y\u0144sko-ma\u0142opolskie okre\u015bla si\u0119 mianem genocidium atrox, czyli ludob\u00f3jstwa ze szczeg\u00f3lnym okrucie\u0144stwem. Ludob\u00f3jstwo wo\u0142y\u0144sko-ma\u0142opolskie zosta\u0142o poprzedzone antypolskim terroryzmem w II Rzeczypospolitej i systemowymi prze\u015bladowaniami Polak\u00f3w przez Zachodnioukrai\u0144sk\u0105 Republik\u0119 Ludow\u0105.<\/p>\n<p>W zwi\u0105zku z potrzeb\u0105 sta\u0142ej pami\u0119ci o wydarzeniach na Wo\u0142yniu i w Ma\u0142opolsce Wschodniej ju\u017c w 2021 roku powsta\u0142a og\u00f3lnopolska akcja spo\u0142eczna \u201eKwiaty Wo\u0142ynia\u201d. Celem akcji jest przypominanie o jasnych i ciemnych kartach kresowej historii oraz podkre\u015blanie dawnej polsko\u015bci tych ziem. Z utraconych po 1945 roku teren\u00f3w wywodzili si\u0119 wielcy Polacy, kr\u00f3lowie, wodzowie, arty\u015bci, naukowcy, liderzy spo\u0142eczno\u015bci. Akcja \u201eKwiaty Wo\u0142ynia\u201d to prowadzone przez ca\u0142y rok profile w mediach spo\u0142eczno\u015bciowych przypominaj\u0105ce o rocznicach kresowych i wa\u017cnych dla tematyki kresowej sprawach. K<\/p>\n<p>Kulminacj\u0105 inicjatywy jest og\u00f3lnopolska akcj\u0105 rozdawania symbolicznych kwiat\u00f3w lnu wyra\u017caj\u0105cych pami\u0119\u0107 o Wo\u0142yniu i Ma\u0142opolsce Wschodniej. Nasze kwiaty i ulotki b\u0119d\u0105 rozdawane w wielu miejscowo\u015bciach. W tym roku Klubu Konfederacji rozdadz\u0105 w Polsce a\u017c 40 000 kwiat\u00f3w lnu! &#8211; napisa\u0142a Dorota Spalona z Konfederacji.<\/p><\/blockquote>\n<p><img loading=\"lazy\" decoding=\"async\" src=\"https:\/\/ostrowskatv.pl\/wp-content\/uploads\/2023\/07\/konfederacja-dorota.jpg\" alt=\"\" width=\"1354\" height=\"2048\" class=\"alignnone size-full wp-image-25216\" srcset=\"https:\/\/ostrowskatv.pl\/wp-content\/uploads\/2023\/07\/konfederacja-dorota.jpg 1354w, https:\/\/ostrowskatv.pl\/wp-content\/uploads\/2023\/07\/konfederacja-dorota-198x300.jpg 198w, https:\/\/ostrowskatv.pl\/wp-content\/uploads\/2023\/07\/konfederacja-dorota-881x1333.jpg 881w, https:\/\/ostrowskatv.pl\/wp-content\/uploads\/2023\/07\/konfederacja-dorota-1016x1536.jpg 1016w\" sizes=\"auto, (max-width: 1354px) 100vw, 1354px\" \/><\/p>\n<p><img loading=\"lazy\" decoding=\"async\" src=\"https:\/\/ostrowskatv.pl\/wp-content\/uploads\/2023\/07\/konfederacja-dorota2.jpg\" alt=\"\" width=\"2048\" height=\"1126\" class=\"alignnone size-full wp-image-25217\" srcset=\"https:\/\/ostrowskatv.pl\/wp-content\/uploads\/2023\/07\/konfederacja-dorota2.jpg 2048w, https:\/\/ostrowskatv.pl\/wp-content\/uploads\/2023\/07\/konfederacja-dorota2-300x165.jpg 300w, https:\/\/ostrowskatv.pl\/wp-content\/uploads\/2023\/07\/konfederacja-dorota2-1333x733.jpg 1333w, https:\/\/ostrowskatv.pl\/wp-content\/uploads\/2023\/07\/konfederacja-dorota2-1536x845.jpg 1536w\" sizes=\"auto, (max-width: 2048px) 100vw, 2048px\" \/><\/p>\n<p><img loading=\"lazy\" decoding=\"async\" src=\"https:\/\/ostrowskatv.pl\/wp-content\/uploads\/2023\/07\/konfederacja-dorota3.jpg\" alt=\"\" width=\"1540\" height=\"2048\" class=\"alignnone size-full wp-image-25218\" srcset=\"https:\/\/ostrowskatv.pl\/wp-content\/uploads\/2023\/07\/konfederacja-dorota3.jpg 1540w, https:\/\/ostrowskatv.pl\/wp-content\/uploads\/2023\/07\/konfederacja-dorota3-226x300.jpg 226w, https:\/\/ostrowskatv.pl\/wp-content\/uploads\/2023\/07\/konfederacja-dorota3-1002x1333.jpg 1002w, https:\/\/ostrowskatv.pl\/wp-content\/uploads\/2023\/07\/konfederacja-dorota3-1155x1536.jpg 1155w\" sizes=\"auto, (max-width: 1540px) 100vw, 1540px\" \/><\/p>\n<p><img loading=\"lazy\" decoding=\"async\" src=\"https:\/\/ostrowskatv.pl\/wp-content\/uploads\/2023\/07\/konfederacja-dorota4.jpg\" alt=\"\" width=\"1528\" height=\"2048\" class=\"alignnone size-full wp-image-25219\" srcset=\"https:\/\/ostrowskatv.pl\/wp-content\/uploads\/2023\/07\/konfederacja-dorota4.jpg 1528w, https:\/\/ostrowskatv.pl\/wp-content\/uploads\/2023\/07\/konfederacja-dorota4-224x300.jpg 224w, https:\/\/ostrowskatv.pl\/wp-content\/uploads\/2023\/07\/konfederacja-dorota4-995x1333.jpg 995w, https:\/\/ostrowskatv.pl\/wp-content\/uploads\/2023\/07\/konfederacja-dorota4-1146x1536.jpg 1146w\" sizes=\"auto, (max-width: 1528px) 100vw, 1528px\" \/><\/p>\n<p><img loading=\"lazy\" decoding=\"async\" src=\"https:\/\/ostrowskatv.pl\/wp-content\/uploads\/2023\/07\/konfederacja-dorota5.jpg\" alt=\"\" width=\"640\" height=\"800\" class=\"alignnone size-full wp-image-25220\" srcset=\"https:\/\/ostrowskatv.pl\/wp-content\/uploads\/2023\/07\/konfederacja-dorota5.jpg 640w, https:\/\/ostrowskatv.pl\/wp-content\/uploads\/2023\/07\/konfederacja-dorota5-240x300.jpg 240w\" sizes=\"auto, (max-width: 640px) 100vw, 640px\" \/><\/p>\n","protected":false},"excerpt":{"rendered":"Proukrai\u0144ski mural zosta\u0142 zmodyfikowany poprzez dodanie napisu odwo\u0142uj\u0105cego si\u0119 do &#8222;rzezi wo\u0142y\u0144skiej&#8221;. Nacjonali\u015bci ukrai\u0144scy w bestialski spos\u00f3b pozbawiali \u017cycia Polak\u00f3w w 1943 roku. \n<a class=\"moretag\" href=\"https:\/\/ostrowskatv.pl\/?p=25215\"> [...]<\/a>","protected":false},"author":1,"featured_media":25222,"comment_status":"open","ping_status":"closed","sticky":false,"template":"","format":"standard","meta":{"footnotes":""},"categories":[1],"tags":[2],"class_list":["post-25215","post","type-post","status-publish","format-standard","has-post-thumbnail","hentry","category-news","tag-ostrow-wielkopolski"],"_links":{"self":[{"href":"https:\/\/ostrowskatv.pl\/index.php?rest_route=\/wp\/v2\/posts\/25215","targetHints":{"allow":["GET"]}}],"collection":[{"href":"https:\/\/ostrowskatv.pl\/index.php?rest_route=\/wp\/v2\/posts"}],"about":[{"href":"https:\/\/ostrowskatv.pl\/index.php?rest_route=\/wp\/v2\/types\/post"}],"author":[{"embeddable":true,"href":"https:\/\/ostrowskatv.pl\/index.php?rest_route=\/wp\/v2\/users\/1"}],"replies":[{"embeddable":true,"href":"https:\/\/ostrowskatv.pl\/index.php?rest_route=%2Fwp%2Fv2%2Fcomments&post=25215"}],"version-history":[{"count":0,"href":"https:\/\/ostrowskatv.pl\/index.php?rest_route=\/wp\/v2\/posts\/25215\/revisions"}],"wp:featuredmedia":[{"embeddable":true,"href":"https:\/\/ostrowskatv.pl\/index.php?rest_route=\/wp\/v2\/media\/25222"}],"wp:attachment":[{"href":"https:\/\/ostrowskatv.pl\/index.php?rest_route=%2Fwp%2Fv2%2Fmedia&parent=25215"}],"wp:term":[{"taxonomy":"category","embeddable":true,"href":"https:\/\/ostrowskatv.pl\/index.php?rest_route=%2Fwp%2Fv2%2Fcategories&post=25215"},{"taxonomy":"post_tag","embeddable":true,"href":"https:\/\/ostrowskatv.pl\/index.php?rest_route=%2Fwp%2Fv2%2Ftags&post=25215"}],"curies":[{"name":"wp","href":"https:\/\/api.w.org\/{rel}","templated":true}]}}