{"id":25203,"date":"2023-07-11T15:42:12","date_gmt":"2023-07-11T14:42:12","guid":{"rendered":"https:\/\/ostrowskatv.pl\/?p=25203"},"modified":"2023-07-11T15:42:12","modified_gmt":"2023-07-11T14:42:12","slug":"myslal-o-i-wjechal-w-mercedesa","status":"publish","type":"post","link":"https:\/\/ostrowskatv.pl\/?p=25203","title":{"rendered":"My\u015bla\u0142 o&#8230; i wjecha\u0142 w mercedesa"},"content":{"rendered":"<p><strong>Na ulicy Rad\u0142owskiej w rejonie skrzy\u017cowania z ulic\u0105 Dojazdow\u0105 w Ostrowie Wielkopolskim dosz\u0142o do kolizji dw\u00f3ch pojazd\u00f3w. <\/strong><\/p>\n<p>Z relacji uczestnik\u00f3w wynika, \u017ce kierowca busa z Pleszewa my\u015bla\u0142 o pracy i nie zauwa\u017cy\u0142, \u017ce przed nim zatrzyma\u0142 si\u0119 mercedes, kt\u00f3rego kierowca przepuszcza\u0142 na przej\u015bciu starsz\u0105 wiekiem kobiet\u0119.<\/p>\n<p>Uszkodzeniu uleg\u0142y oba pojazdy. Z busa wyciek\u0142 p\u0142yn, kt\u00f3ry na rozgrzanym asfalcie by\u0142 bardzo \u015bliski. Wezwano stra\u017c po\u017carn\u0105 do neutralizacji zagro\u017cenia. Drugi patrol policji zabezpiecza\u0142 plam\u0119, \u017ceby inne pojazdy w ni\u0105 nie wje\u017cd\u017ca\u0142y.<\/p>\n<p><img loading=\"lazy\" decoding=\"async\" src=\"https:\/\/ostrowskatv.pl\/wp-content\/uploads\/2023\/07\/20230711_101531-01.jpeg\" alt=\"\" width=\"1366\" height=\"694\" class=\"alignnone size-full wp-image-25204\" srcset=\"https:\/\/ostrowskatv.pl\/wp-content\/uploads\/2023\/07\/20230711_101531-01.jpeg 1366w, https:\/\/ostrowskatv.pl\/wp-content\/uploads\/2023\/07\/20230711_101531-01-300x152.jpeg 300w, https:\/\/ostrowskatv.pl\/wp-content\/uploads\/2023\/07\/20230711_101531-01-1333x677.jpeg 1333w\" sizes=\"auto, (max-width: 1366px) 100vw, 1366px\" \/><\/p>\n<p><img loading=\"lazy\" decoding=\"async\" src=\"https:\/\/ostrowskatv.pl\/wp-content\/uploads\/2023\/07\/20230711_101226-01.jpeg\" alt=\"\" width=\"704\" height=\"1366\" class=\"alignnone size-full wp-image-25205\" srcset=\"https:\/\/ostrowskatv.pl\/wp-content\/uploads\/2023\/07\/20230711_101226-01.jpeg 704w, https:\/\/ostrowskatv.pl\/wp-content\/uploads\/2023\/07\/20230711_101226-01-155x300.jpeg 155w, https:\/\/ostrowskatv.pl\/wp-content\/uploads\/2023\/07\/20230711_101226-01-687x1333.jpeg 687w\" sizes=\"auto, (max-width: 704px) 100vw, 704px\" \/><\/p>\n<p><img loading=\"lazy\" decoding=\"async\" src=\"https:\/\/ostrowskatv.pl\/wp-content\/uploads\/2023\/07\/20230711_100958-01.jpeg\" alt=\"\" width=\"1365\" height=\"684\" class=\"alignnone size-full wp-image-25206\" srcset=\"https:\/\/ostrowskatv.pl\/wp-content\/uploads\/2023\/07\/20230711_100958-01.jpeg 1365w, https:\/\/ostrowskatv.pl\/wp-content\/uploads\/2023\/07\/20230711_100958-01-300x150.jpeg 300w, https:\/\/ostrowskatv.pl\/wp-content\/uploads\/2023\/07\/20230711_100958-01-1333x668.jpeg 1333w\" sizes=\"auto, (max-width: 1365px) 100vw, 1365px\" \/><\/p>\n<p><img loading=\"lazy\" decoding=\"async\" src=\"https:\/\/ostrowskatv.pl\/wp-content\/uploads\/2023\/07\/20230711_100449-01.jpeg\" alt=\"\" width=\"1366\" height=\"720\" class=\"alignnone size-full wp-image-25207\" srcset=\"https:\/\/ostrowskatv.pl\/wp-content\/uploads\/2023\/07\/20230711_100449-01.jpeg 1366w, https:\/\/ostrowskatv.pl\/wp-content\/uploads\/2023\/07\/20230711_100449-01-300x158.jpeg 300w, https:\/\/ostrowskatv.pl\/wp-content\/uploads\/2023\/07\/20230711_100449-01-1333x703.jpeg 1333w\" sizes=\"auto, (max-width: 1366px) 100vw, 1366px\" \/><\/p>\n<p><img loading=\"lazy\" decoding=\"async\" src=\"https:\/\/ostrowskatv.pl\/wp-content\/uploads\/2023\/07\/20230711_100412-01.jpeg\" alt=\"\" width=\"1366\" height=\"807\" class=\"alignnone size-full wp-image-25208\" srcset=\"https:\/\/ostrowskatv.pl\/wp-content\/uploads\/2023\/07\/20230711_100412-01.jpeg 1366w, https:\/\/ostrowskatv.pl\/wp-content\/uploads\/2023\/07\/20230711_100412-01-300x177.jpeg 300w, https:\/\/ostrowskatv.pl\/wp-content\/uploads\/2023\/07\/20230711_100412-01-1333x788.jpeg 1333w\" sizes=\"auto, (max-width: 1366px) 100vw, 1366px\" \/><\/p>\n<p><img loading=\"lazy\" decoding=\"async\" src=\"https:\/\/ostrowskatv.pl\/wp-content\/uploads\/2023\/07\/20230711_100406-01.jpeg\" alt=\"\" width=\"1366\" height=\"750\" class=\"alignnone size-full wp-image-25209\" srcset=\"https:\/\/ostrowskatv.pl\/wp-content\/uploads\/2023\/07\/20230711_100406-01.jpeg 1366w, https:\/\/ostrowskatv.pl\/wp-content\/uploads\/2023\/07\/20230711_100406-01-300x165.jpeg 300w, https:\/\/ostrowskatv.pl\/wp-content\/uploads\/2023\/07\/20230711_100406-01-1333x732.jpeg 1333w\" sizes=\"auto, (max-width: 1366px) 100vw, 1366px\" \/><\/p>\n","protected":false},"excerpt":{"rendered":"Na ulicy Rad\u0142owskiej w rejonie skrzy\u017cowania z ulic\u0105 Dojazdow\u0105 w Ostrowie Wielkopolskim dosz\u0142o do kolizji dw\u00f3ch pojazd\u00f3w. Z relacji uczestnik\u00f3w wynika, \u017ce kierowca \n<a class=\"moretag\" href=\"https:\/\/ostrowskatv.pl\/?p=25203\"> [...]<\/a>","protected":false},"author":1,"featured_media":25204,"comment_status":"open","ping_status":"closed","sticky":false,"template":"","format":"standard","meta":{"footnotes":""},"categories":[1],"tags":[2],"class_list":["post-25203","post","type-post","status-publish","format-standard","has-post-thumbnail","hentry","category-news","tag-ostrow-wielkopolski"],"_links":{"self":[{"href":"https:\/\/ostrowskatv.pl\/index.php?rest_route=\/wp\/v2\/posts\/25203","targetHints":{"allow":["GET"]}}],"collection":[{"href":"https:\/\/ostrowskatv.pl\/index.php?rest_route=\/wp\/v2\/posts"}],"about":[{"href":"https:\/\/ostrowskatv.pl\/index.php?rest_route=\/wp\/v2\/types\/post"}],"author":[{"embeddable":true,"href":"https:\/\/ostrowskatv.pl\/index.php?rest_route=\/wp\/v2\/users\/1"}],"replies":[{"embeddable":true,"href":"https:\/\/ostrowskatv.pl\/index.php?rest_route=%2Fwp%2Fv2%2Fcomments&post=25203"}],"version-history":[{"count":0,"href":"https:\/\/ostrowskatv.pl\/index.php?rest_route=\/wp\/v2\/posts\/25203\/revisions"}],"wp:featuredmedia":[{"embeddable":true,"href":"https:\/\/ostrowskatv.pl\/index.php?rest_route=\/wp\/v2\/media\/25204"}],"wp:attachment":[{"href":"https:\/\/ostrowskatv.pl\/index.php?rest_route=%2Fwp%2Fv2%2Fmedia&parent=25203"}],"wp:term":[{"taxonomy":"category","embeddable":true,"href":"https:\/\/ostrowskatv.pl\/index.php?rest_route=%2Fwp%2Fv2%2Fcategories&post=25203"},{"taxonomy":"post_tag","embeddable":true,"href":"https:\/\/ostrowskatv.pl\/index.php?rest_route=%2Fwp%2Fv2%2Ftags&post=25203"}],"curies":[{"name":"wp","href":"https:\/\/api.w.org\/{rel}","templated":true}]}}