{"id":25160,"date":"2023-07-07T20:55:50","date_gmt":"2023-07-07T19:55:50","guid":{"rendered":"https:\/\/ostrowskatv.pl\/?p=25160"},"modified":"2023-07-07T20:55:50","modified_gmt":"2023-07-07T19:55:50","slug":"wiemy-co-dalej-z-komeda","status":"publish","type":"post","link":"https:\/\/ostrowskatv.pl\/?p=25160","title":{"rendered":"Wiemy co dalej z &#8222;Komed\u0105&#8221;"},"content":{"rendered":"<p><strong>Po roku sprawdzili\u015bmy jak potoczy\u0142y si\u0119 losy Restauracji i Hotelu Komeda. Okaza\u0142o si\u0119, \u017ce oferta sprzeda\u017cy obiektu nie jest aktualna, poniewa\u017c jak wyja\u015bnia w\u0142a\u015bcicielka pani Anna Walczak \u201ehotel i restauracja zostaj\u0105 w rodzinie\u201d.<\/strong><\/p>\n<p>&#8211; Kiedy w przestrzeni publicznej pojawi\u0142a si\u0119 informacja o rozwa\u017caniu sprzeda\u017cy obiektu, otrzyma\u0142am szereg telefon\u00f3w od zatroskanych, sta\u0142ych klient\u00f3w. Przekonywali mnie oni, \u017ce nie wyobra\u017caj\u0105 sobie, \u017ceby ktokolwiek inny m\u00f3g\u0142 zarz\u0105dza\u0107 tym obiektem. U\u015bwiadomi\u0142o mi to, \u017ce ta wieloletnia tradycja prowadzenia Restauracji i Hotelu Komeda jest znacz\u0105c\u0105 cz\u0119\u015bci\u0105 mojego \u017cycia. Ponadto nadal chc\u0119 by\u0107 gwarantem \u015bwiadczenia wysokiej jako\u015bci us\u0142ug, do czego przyzwyczaili si\u0119 nasi klienci &#8211; m\u00f3wi pani Anna Walczak.<\/p>\n<p><strong>Przy okazji zapytali\u015bmy czy mi\u0119dzynarodowy kryzys wp\u0142yn\u0105\u0142 na klient\u00f3w.<\/strong><\/p>\n<p>&#8211; Zauwa\u017cyli\u015bmy, \u017ce pojawi\u0142 si\u0119 trend ograniczania liczby go\u015bci zapraszanych na uroczysto\u015bci. Bywa\u0142o, \u017ce w latach poprzednich by\u0142o to 50-100 os\u00f3b. W tym roku s\u0105 zapotrzebowania na oko\u0142o 30-50 os\u00f3b. W\u00f3wczas proponujemy go\u015bciom mo\u017cliwo\u015b\u0107 wydzielenia cz\u0119\u015bci restauracji, co bezpo\u015brednio wynika z uk\u0142adu sali i zapewnia kameralno\u015b\u0107 spotkania bliskich. Ta sytuacja spowodowa\u0142a, \u017ce mamy jeszcze wolne terminy na imprezy. Poza imprezami okoliczno\u015bciowymi zapraszamy na obiady zar\u00f3wno w tygodniu jak i w weekendy, kiedy dla klient\u00f3w podajemy deski staropolskich przek\u0105sek jako startery. &#8211; podkre\u015bla pani Anna Walczak &#8211; w\u0142a\u015bcicielka Restauracji i Hotelu Komeda.<\/p>\n<p><img loading=\"lazy\" decoding=\"async\" src=\"https:\/\/ostrowskatv.pl\/wp-content\/uploads\/2023\/07\/20230707_1339592-01.jpeg\" alt=\"\" width=\"1366\" height=\"769\" class=\"alignnone size-full wp-image-25159\" srcset=\"https:\/\/ostrowskatv.pl\/wp-content\/uploads\/2023\/07\/20230707_1339592-01.jpeg 1366w, https:\/\/ostrowskatv.pl\/wp-content\/uploads\/2023\/07\/20230707_1339592-01-300x169.jpeg 300w, https:\/\/ostrowskatv.pl\/wp-content\/uploads\/2023\/07\/20230707_1339592-01-1333x750.jpeg 1333w\" sizes=\"auto, (max-width: 1366px) 100vw, 1366px\" \/><\/p>\n<p><img loading=\"lazy\" decoding=\"async\" src=\"https:\/\/ostrowskatv.pl\/wp-content\/uploads\/2023\/07\/20230707_1341212-02.jpeg\" alt=\"\" width=\"1366\" height=\"769\" class=\"alignnone size-full wp-image-25158\" srcset=\"https:\/\/ostrowskatv.pl\/wp-content\/uploads\/2023\/07\/20230707_1341212-02.jpeg 1366w, https:\/\/ostrowskatv.pl\/wp-content\/uploads\/2023\/07\/20230707_1341212-02-300x169.jpeg 300w, https:\/\/ostrowskatv.pl\/wp-content\/uploads\/2023\/07\/20230707_1341212-02-1333x750.jpeg 1333w\" sizes=\"auto, (max-width: 1366px) 100vw, 1366px\" \/><\/p>\n","protected":false},"excerpt":{"rendered":"Po roku sprawdzili\u015bmy jak potoczy\u0142y si\u0119 losy Restauracji i Hotelu Komeda. Okaza\u0142o si\u0119, \u017ce oferta sprzeda\u017cy obiektu nie jest aktualna, poniewa\u017c jak wyja\u015bnia \n<a class=\"moretag\" href=\"https:\/\/ostrowskatv.pl\/?p=25160\"> [...]<\/a>","protected":false},"author":1,"featured_media":25159,"comment_status":"open","ping_status":"closed","sticky":false,"template":"","format":"standard","meta":{"footnotes":""},"categories":[1],"tags":[],"class_list":["post-25160","post","type-post","status-publish","format-standard","has-post-thumbnail","hentry","category-news"],"_links":{"self":[{"href":"https:\/\/ostrowskatv.pl\/index.php?rest_route=\/wp\/v2\/posts\/25160","targetHints":{"allow":["GET"]}}],"collection":[{"href":"https:\/\/ostrowskatv.pl\/index.php?rest_route=\/wp\/v2\/posts"}],"about":[{"href":"https:\/\/ostrowskatv.pl\/index.php?rest_route=\/wp\/v2\/types\/post"}],"author":[{"embeddable":true,"href":"https:\/\/ostrowskatv.pl\/index.php?rest_route=\/wp\/v2\/users\/1"}],"replies":[{"embeddable":true,"href":"https:\/\/ostrowskatv.pl\/index.php?rest_route=%2Fwp%2Fv2%2Fcomments&post=25160"}],"version-history":[{"count":0,"href":"https:\/\/ostrowskatv.pl\/index.php?rest_route=\/wp\/v2\/posts\/25160\/revisions"}],"wp:featuredmedia":[{"embeddable":true,"href":"https:\/\/ostrowskatv.pl\/index.php?rest_route=\/wp\/v2\/media\/25159"}],"wp:attachment":[{"href":"https:\/\/ostrowskatv.pl\/index.php?rest_route=%2Fwp%2Fv2%2Fmedia&parent=25160"}],"wp:term":[{"taxonomy":"category","embeddable":true,"href":"https:\/\/ostrowskatv.pl\/index.php?rest_route=%2Fwp%2Fv2%2Fcategories&post=25160"},{"taxonomy":"post_tag","embeddable":true,"href":"https:\/\/ostrowskatv.pl\/index.php?rest_route=%2Fwp%2Fv2%2Ftags&post=25160"}],"curies":[{"name":"wp","href":"https:\/\/api.w.org\/{rel}","templated":true}]}}