{"id":25134,"date":"2023-07-06T19:01:43","date_gmt":"2023-07-06T18:01:43","guid":{"rendered":"https:\/\/ostrowskatv.pl\/?p=25134"},"modified":"2023-07-06T19:26:12","modified_gmt":"2023-07-06T18:26:12","slug":"motocyklista-zginal-na-wylotowej","status":"publish","type":"post","link":"https:\/\/ostrowskatv.pl\/?p=25134","title":{"rendered":"Motocyklista zgin\u0105\u0142 na Wylotowej"},"content":{"rendered":"<p><strong>Po godzinie 19.30 na ulicy Wylotowej w Ostrowie Wielkopolskim dosz\u0142o do powa\u017cnego wypadku z udzia\u0142em BMW i motocykla. Motocyklista nie prze\u017cy\u0142.<\/strong><\/p>\n<p>Ze wst\u0119pnych \u015blad\u00f3w wynika, \u017ce BMW skr\u0119ca\u0142o w lewo, a motocykl uderzy\u0142 w lewy bok osob\u00f3wki.<\/p>\n<p>Pocz\u0105tkowo poszkodowanego reanimowa\u0142 inny m\u0142ody m\u0119\u017cczyzna, ale chwil\u0119 po przybyciu s\u0142u\u017cb stwierdzono zbyt powa\u017cne obra\u017cenia w obr\u0119bie g\u0142owy, przez co stwierdzono zgon. <\/p>\n<p>Pocz\u0105tkowo poszkodowanego reanimowa\u0142 inny m\u0142ody m\u0119\u017cczyzna, ale chwil\u0119 po przybyciu s\u0142u\u017cb stwierdzono zbyt powa\u017cne obra\u017cenia w obr\u0119bie g\u0142owy, przez co stwierdzono zgon. M\u0119\u017cczyzna w wieku oko\u0142o 20 lat. W chwili zdarzenia spad\u0142 mu kask. <\/p>\n<p>Samochodem osobowym jecha\u0142y 3 osoby, ma\u0142\u017ce\u0144stwo z dzieckiem ale nie odnie\u015bli obra\u017ce\u0144 cia\u0142a. <\/p>\n<p><img loading=\"lazy\" decoding=\"async\" src=\"https:\/\/ostrowskatv.pl\/wp-content\/uploads\/2023\/07\/20230706_195326-01.jpeg\" alt=\"\" width=\"1366\" height=\"769\" class=\"alignnone size-full wp-image-25135\" srcset=\"https:\/\/ostrowskatv.pl\/wp-content\/uploads\/2023\/07\/20230706_195326-01.jpeg 1366w, https:\/\/ostrowskatv.pl\/wp-content\/uploads\/2023\/07\/20230706_195326-01-300x169.jpeg 300w, https:\/\/ostrowskatv.pl\/wp-content\/uploads\/2023\/07\/20230706_195326-01-1333x750.jpeg 1333w\" sizes=\"auto, (max-width: 1366px) 100vw, 1366px\" \/><\/p>\n<p><img loading=\"lazy\" decoding=\"async\" src=\"https:\/\/ostrowskatv.pl\/wp-content\/uploads\/2023\/07\/20230706_195336-01.jpeg\" alt=\"\" width=\"1366\" height=\"769\" class=\"alignnone size-full wp-image-25136\" srcset=\"https:\/\/ostrowskatv.pl\/wp-content\/uploads\/2023\/07\/20230706_195336-01.jpeg 1366w, https:\/\/ostrowskatv.pl\/wp-content\/uploads\/2023\/07\/20230706_195336-01-300x169.jpeg 300w, https:\/\/ostrowskatv.pl\/wp-content\/uploads\/2023\/07\/20230706_195336-01-1333x750.jpeg 1333w\" sizes=\"auto, (max-width: 1366px) 100vw, 1366px\" \/><\/p>\n<p><img loading=\"lazy\" decoding=\"async\" src=\"https:\/\/ostrowskatv.pl\/wp-content\/uploads\/2023\/07\/20230706_195338-01.jpeg\" alt=\"\" width=\"1366\" height=\"686\" class=\"alignnone size-full wp-image-25137\" srcset=\"https:\/\/ostrowskatv.pl\/wp-content\/uploads\/2023\/07\/20230706_195338-01.jpeg 1366w, https:\/\/ostrowskatv.pl\/wp-content\/uploads\/2023\/07\/20230706_195338-01-300x151.jpeg 300w, https:\/\/ostrowskatv.pl\/wp-content\/uploads\/2023\/07\/20230706_195338-01-1333x669.jpeg 1333w\" sizes=\"auto, (max-width: 1366px) 100vw, 1366px\" \/><\/p>\n<p><img loading=\"lazy\" decoding=\"async\" src=\"https:\/\/ostrowskatv.pl\/wp-content\/uploads\/2023\/07\/20230706_195339-01.jpeg\" alt=\"\" width=\"1366\" height=\"769\" class=\"alignnone size-full wp-image-25138\" srcset=\"https:\/\/ostrowskatv.pl\/wp-content\/uploads\/2023\/07\/20230706_195339-01.jpeg 1366w, https:\/\/ostrowskatv.pl\/wp-content\/uploads\/2023\/07\/20230706_195339-01-300x169.jpeg 300w, https:\/\/ostrowskatv.pl\/wp-content\/uploads\/2023\/07\/20230706_195339-01-1333x750.jpeg 1333w\" sizes=\"auto, (max-width: 1366px) 100vw, 1366px\" \/><\/p>\n<p><img loading=\"lazy\" decoding=\"async\" src=\"https:\/\/ostrowskatv.pl\/wp-content\/uploads\/2023\/07\/20230706_195412-01.jpeg\" alt=\"\" width=\"1366\" height=\"769\" class=\"alignnone size-full wp-image-25139\" srcset=\"https:\/\/ostrowskatv.pl\/wp-content\/uploads\/2023\/07\/20230706_195412-01.jpeg 1366w, https:\/\/ostrowskatv.pl\/wp-content\/uploads\/2023\/07\/20230706_195412-01-300x169.jpeg 300w, https:\/\/ostrowskatv.pl\/wp-content\/uploads\/2023\/07\/20230706_195412-01-1333x750.jpeg 1333w\" sizes=\"auto, (max-width: 1366px) 100vw, 1366px\" \/><\/p>\n<p><img loading=\"lazy\" decoding=\"async\" src=\"https:\/\/ostrowskatv.pl\/wp-content\/uploads\/2023\/07\/20230706_195422-01.jpeg\" alt=\"\" width=\"977\" height=\"1366\" class=\"alignnone size-full wp-image-25140\" srcset=\"https:\/\/ostrowskatv.pl\/wp-content\/uploads\/2023\/07\/20230706_195422-01.jpeg 977w, https:\/\/ostrowskatv.pl\/wp-content\/uploads\/2023\/07\/20230706_195422-01-215x300.jpeg 215w, https:\/\/ostrowskatv.pl\/wp-content\/uploads\/2023\/07\/20230706_195422-01-953x1333.jpeg 953w\" sizes=\"auto, (max-width: 977px) 100vw, 977px\" \/><\/p>\n<p><img loading=\"lazy\" decoding=\"async\" src=\"https:\/\/ostrowskatv.pl\/wp-content\/uploads\/2023\/07\/20230706_195436-01.jpeg\" alt=\"\" width=\"1365\" height=\"710\" class=\"alignnone size-full wp-image-25141\" srcset=\"https:\/\/ostrowskatv.pl\/wp-content\/uploads\/2023\/07\/20230706_195436-01.jpeg 1365w, https:\/\/ostrowskatv.pl\/wp-content\/uploads\/2023\/07\/20230706_195436-01-300x156.jpeg 300w, https:\/\/ostrowskatv.pl\/wp-content\/uploads\/2023\/07\/20230706_195436-01-1333x693.jpeg 1333w\" sizes=\"auto, (max-width: 1365px) 100vw, 1365px\" \/><\/p>\n<p><img loading=\"lazy\" decoding=\"async\" src=\"https:\/\/ostrowskatv.pl\/wp-content\/uploads\/2023\/07\/20230706_195453-01.jpeg\" alt=\"\" width=\"1366\" height=\"743\" class=\"alignnone size-full wp-image-25142\" srcset=\"https:\/\/ostrowskatv.pl\/wp-content\/uploads\/2023\/07\/20230706_195453-01.jpeg 1366w, https:\/\/ostrowskatv.pl\/wp-content\/uploads\/2023\/07\/20230706_195453-01-300x163.jpeg 300w, https:\/\/ostrowskatv.pl\/wp-content\/uploads\/2023\/07\/20230706_195453-01-1333x725.jpeg 1333w\" sizes=\"auto, (max-width: 1366px) 100vw, 1366px\" \/><\/p>\n","protected":false},"excerpt":{"rendered":"Po godzinie 19.30 na ulicy Wylotowej w Ostrowie Wielkopolskim dosz\u0142o do powa\u017cnego wypadku z udzia\u0142em BMW i motocykla. Motocyklista nie prze\u017cy\u0142. Ze wst\u0119pnych \n<a class=\"moretag\" href=\"https:\/\/ostrowskatv.pl\/?p=25134\"> [...]<\/a>","protected":false},"author":1,"featured_media":25142,"comment_status":"open","ping_status":"closed","sticky":false,"template":"","format":"standard","meta":{"footnotes":""},"categories":[1],"tags":[2],"class_list":["post-25134","post","type-post","status-publish","format-standard","has-post-thumbnail","hentry","category-news","tag-ostrow-wielkopolski"],"_links":{"self":[{"href":"https:\/\/ostrowskatv.pl\/index.php?rest_route=\/wp\/v2\/posts\/25134","targetHints":{"allow":["GET"]}}],"collection":[{"href":"https:\/\/ostrowskatv.pl\/index.php?rest_route=\/wp\/v2\/posts"}],"about":[{"href":"https:\/\/ostrowskatv.pl\/index.php?rest_route=\/wp\/v2\/types\/post"}],"author":[{"embeddable":true,"href":"https:\/\/ostrowskatv.pl\/index.php?rest_route=\/wp\/v2\/users\/1"}],"replies":[{"embeddable":true,"href":"https:\/\/ostrowskatv.pl\/index.php?rest_route=%2Fwp%2Fv2%2Fcomments&post=25134"}],"version-history":[{"count":0,"href":"https:\/\/ostrowskatv.pl\/index.php?rest_route=\/wp\/v2\/posts\/25134\/revisions"}],"wp:featuredmedia":[{"embeddable":true,"href":"https:\/\/ostrowskatv.pl\/index.php?rest_route=\/wp\/v2\/media\/25142"}],"wp:attachment":[{"href":"https:\/\/ostrowskatv.pl\/index.php?rest_route=%2Fwp%2Fv2%2Fmedia&parent=25134"}],"wp:term":[{"taxonomy":"category","embeddable":true,"href":"https:\/\/ostrowskatv.pl\/index.php?rest_route=%2Fwp%2Fv2%2Fcategories&post=25134"},{"taxonomy":"post_tag","embeddable":true,"href":"https:\/\/ostrowskatv.pl\/index.php?rest_route=%2Fwp%2Fv2%2Ftags&post=25134"}],"curies":[{"name":"wp","href":"https:\/\/api.w.org\/{rel}","templated":true}]}}