{"id":25127,"date":"2023-07-05T11:55:39","date_gmt":"2023-07-05T10:55:39","guid":{"rendered":"https:\/\/ostrowskatv.pl\/?p=25127"},"modified":"2023-07-05T11:55:39","modified_gmt":"2023-07-05T10:55:39","slug":"motocykl-wjechal-w-auto-powazne-obrazenia-mlodych-mezczyzn","status":"publish","type":"post","link":"https:\/\/ostrowskatv.pl\/?p=25127","title":{"rendered":"Motocykl wjecha\u0142 w auto. Powa\u017cne obra\u017cenia m\u0142odych m\u0119\u017cczyzn"},"content":{"rendered":"<p>We wtorek oko\u0142o 21:00 w Tarcha\u0142ach Wielkie na ulicy Raszkowskiej dosz\u0142o do zderzenia motocykla z samochodem osobowym. Dw\u00f3ch m\u0142odych m\u0119\u017cczyzn zosta\u0142o rannych. <\/p>\n<p>Ze wst\u0119pnych ustale\u0144 wynika, \u017ce 20-latek kieruj\u0105c motocyklem WSK nie ust\u0105pi\u0142 pierwsze\u0144stwa Volkswagenowi tiguana, kierowanemu przez 28-latka. W wyniku zderzenia 20-latek i r\u00f3wnie m\u0142ody pasa\u017cer trafili do szpitala. <\/p>\n<p>20 i 22-latek doznali powa\u017cnych obra\u017ce\u0144 cia\u0142a. Przebywaj\u0105 na oddziale chirurgii og\u00f3lnej z intensywnym nadzorem. Doznali obra\u017ce\u0144 wielonarz\u0105dowych i konieczne by\u0142o wykonanie wczoraj operacji ratuj\u0105cej \u017cycie. <\/p>\n<p>Kieruj\u0105cy samochodem trze\u017awy. Od motocyklisty pobrano krew do bada\u0144. <\/p>\n","protected":false},"excerpt":{"rendered":"We wtorek oko\u0142o 21:00 w Tarcha\u0142ach Wielkie na ulicy Raszkowskiej dosz\u0142o do zderzenia motocykla z samochodem osobowym. Dw\u00f3ch m\u0142odych m\u0119\u017cczyzn zosta\u0142o rannych. Ze \n<a class=\"moretag\" href=\"https:\/\/ostrowskatv.pl\/?p=25127\"> [...]<\/a>","protected":false},"author":1,"featured_media":24374,"comment_status":"open","ping_status":"closed","sticky":false,"template":"","format":"standard","meta":{"footnotes":""},"categories":[1],"tags":[11],"class_list":["post-25127","post","type-post","status-publish","format-standard","has-post-thumbnail","hentry","category-news","tag-wypadek"],"_links":{"self":[{"href":"https:\/\/ostrowskatv.pl\/index.php?rest_route=\/wp\/v2\/posts\/25127","targetHints":{"allow":["GET"]}}],"collection":[{"href":"https:\/\/ostrowskatv.pl\/index.php?rest_route=\/wp\/v2\/posts"}],"about":[{"href":"https:\/\/ostrowskatv.pl\/index.php?rest_route=\/wp\/v2\/types\/post"}],"author":[{"embeddable":true,"href":"https:\/\/ostrowskatv.pl\/index.php?rest_route=\/wp\/v2\/users\/1"}],"replies":[{"embeddable":true,"href":"https:\/\/ostrowskatv.pl\/index.php?rest_route=%2Fwp%2Fv2%2Fcomments&post=25127"}],"version-history":[{"count":0,"href":"https:\/\/ostrowskatv.pl\/index.php?rest_route=\/wp\/v2\/posts\/25127\/revisions"}],"wp:featuredmedia":[{"embeddable":true,"href":"https:\/\/ostrowskatv.pl\/index.php?rest_route=\/wp\/v2\/media\/24374"}],"wp:attachment":[{"href":"https:\/\/ostrowskatv.pl\/index.php?rest_route=%2Fwp%2Fv2%2Fmedia&parent=25127"}],"wp:term":[{"taxonomy":"category","embeddable":true,"href":"https:\/\/ostrowskatv.pl\/index.php?rest_route=%2Fwp%2Fv2%2Fcategories&post=25127"},{"taxonomy":"post_tag","embeddable":true,"href":"https:\/\/ostrowskatv.pl\/index.php?rest_route=%2Fwp%2Fv2%2Ftags&post=25127"}],"curies":[{"name":"wp","href":"https:\/\/api.w.org\/{rel}","templated":true}]}}