{"id":25121,"date":"2023-07-05T06:48:31","date_gmt":"2023-07-05T05:48:31","guid":{"rendered":"https:\/\/ostrowskatv.pl\/?p=25121"},"modified":"2023-07-05T07:08:40","modified_gmt":"2023-07-05T06:08:40","slug":"rozboli-grupe-przestepcza-byly-naloty-cbs","status":"publish","type":"post","link":"https:\/\/ostrowskatv.pl\/?p=25121","title":{"rendered":"Rozbili grup\u0119 przest\u0119pcz\u0105. By\u0142y naloty CB\u015a"},"content":{"rendered":"<p>Tymczasowe aresztowania dla podejrzanych o udzia\u0142 w zorganizowanej grupie przest\u0119pczej maj\u0105cej na celu falszowanie faktur, pranie pieni\u0119dzy i wy\u0142udzenia leasing\u00f3w na zakup luksusowych pojazd\u00f3w.<\/p>\n<p>W ramach prowadzonego przez I Wydzia\u0142 \u015aledczy Prokuratury Okr\u0119gowej w Ostrowie Wlkp. od 2021 r. \u015bledztwa na polecenie prokuratora ponad 100 funkcjonariuszy Centralnego Biura \u015aledczego Policji, Centralnego Biura do Spraw Zwalczania Cyberprzest\u0119pczo\u015bci, Krajowej Administracji Skarbowej przeprowadzi\u0142o jednoczesne przeszukania i zatrzymania 12 os\u00f3b podejrzanych o udzia\u0142 w zorganizowanej grupie przest\u0119pczej zajmuj\u0105cej si\u0119 wystawianiem fikcyjnych faktur VAT w celu udzielenia podmiotom gospodarczym z ca\u0142ego kraju pomocnictwa do wy\u0142udzenia podatku VAT lub nara\u017cenia podatku VAT.<\/p>\n<p>Skoordynowane czynno\u015bci prowadzone zosta\u0142y na terenie wojew\u00f3dztwa, dolno\u015bl\u0105skiego, \u0142\u00f3dzkiego, kujawsko pomorskiego, lubuskiego i Wielkopolskiego. Z naszych informacji wynika, \u017ce zatrzymano m. in. mieszka\u0144ca podostrowskiego Smardowa. <\/p>\n<p>Zatrzymani zostali przewiezieni do Prokuratury Okr\u0119gowej w Ostrowie Wlkp. gdzie us\u0142yszeli zarzuty udzia\u0142u w zorganizowanej grupie przest\u0119pczej kwalifikowane z art. 258 par. 1 kk, pope\u0142nienia tzw. zbrodni vatowskiej, jak r\u00f3wnie\u017c pranie pieni\u0119dzy i wy\u0142udzanie leasing\u00f3w na zakup samochod\u00f3w luksusowych marek jak Porsche, Audi, Mercedes i BMW. Trzem zatrzymanym prokurator przedstawi\u0142 zarzut kierowania grup\u0105 przest\u0119pcz\u0105, \u0142\u0105cznie 5 os\u00f3b us\u0142ysza\u0142o zarzuty zbrodni fakturowej&#8221; za co grozi do 25 lat pozbawienia wolno\u015bci. Pozosta\u0142e zarzuty dotyczy\u0142y oszustw, prania pieni\u0119dzy i przest\u0119pstw karno-skarbowych.<\/p>\n<p>W trakcie przeszuka\u0144 \u0142\u0105cznie 24 miejsc zamieszkania podejrzanych, siedzib sp\u00f3\u0142ek i biur rachunkowych policjanci zabezpieczyli telefony kom\u00f3rkowe, sprz\u0119t komputerowy, no\u015bniki danych informatycznych, kilkaset segregator\u00f3w dokumentacji, \u015brodki pieni\u0119\u017cne w wysoko\u015bci kilkudziesi\u0119ciu tysi\u0119cy z\u0142otych, kilka tysi\u0119cy Euro oraz kilka tysi\u0119cy USD, a tak\u017ce samochody oraz dwie jednostki broni.<\/p>\n<p>Z dotychczasowych ustale\u0144 wielow\u0105tkowego i rozwojowego post\u0119powania wynika, \u017ce cz\u0142onkowie grupy wystawiali i pos\u0142ugiwali si\u0119 pustymi&#8221; fakturami, kt\u00f3re nie odzwierciedla\u0142y rzeczywistych zdarze\u0144 gospodarczych. Pozwala\u0142o to w nieuprawniony spos\u00f3b podmiotom gospodarczym z ca\u0142ego kraju kt\u00f3re u\u017cywa\u0142y tych\u017ce faktur zani\u017ca\u0107 nale\u017cne do zap\u0142acenia podatki. Aktualnie ustalona warto\u015b\u0107 faktur wystawionych przez podejrzanych to blisko 90 mln z\u0142 przy czym ustalone straty Skarbu Pa\u0144stwa mog\u0105 wynosi\u0107 ponad 10 mln z\u0142. Ponadto \u015bledczy ustalili, \u017ce grupa mog\u0142a wypra\u0107 oko\u0142o 15 mln z\u0142.<\/p>\n<p><img loading=\"lazy\" decoding=\"async\" src=\"https:\/\/ostrowskatv.pl\/wp-content\/uploads\/2023\/07\/1.jpg\" alt=\"\" width=\"900\" height=\"600\" class=\"alignnone size-full wp-image-25122\" srcset=\"https:\/\/ostrowskatv.pl\/wp-content\/uploads\/2023\/07\/1.jpg 900w, https:\/\/ostrowskatv.pl\/wp-content\/uploads\/2023\/07\/1-300x200.jpg 300w\" sizes=\"auto, (max-width: 900px) 100vw, 900px\" \/><\/p>\n<p><img loading=\"lazy\" decoding=\"async\" src=\"https:\/\/ostrowskatv.pl\/wp-content\/uploads\/2023\/07\/2-scaled.jpg\" alt=\"\" width=\"1440\" height=\"2560\" class=\"alignnone size-full wp-image-25123\" srcset=\"https:\/\/ostrowskatv.pl\/wp-content\/uploads\/2023\/07\/2-scaled.jpg 1440w, https:\/\/ostrowskatv.pl\/wp-content\/uploads\/2023\/07\/2-169x300.jpg 169w, https:\/\/ostrowskatv.pl\/wp-content\/uploads\/2023\/07\/2-750x1333.jpg 750w, https:\/\/ostrowskatv.pl\/wp-content\/uploads\/2023\/07\/2-864x1536.jpg 864w, https:\/\/ostrowskatv.pl\/wp-content\/uploads\/2023\/07\/2-1152x2048.jpg 1152w\" sizes=\"auto, (max-width: 1440px) 100vw, 1440px\" \/><\/p>\n<p>Na poczet przysz\u0142ych kar i grzywien prokurator wyda\u0142 postanowienia o zabezpieczeniu mienie nale\u017c\u0105cego do podejrzanych o warto\u015bci ponad 1 miliona z\u0142otych w postaci dzia\u0142ek, mieszka\u0144, samochod\u00f3w, udzia\u0142\u00f3w w sp\u00f3\u0142kach, pieni\u0119dzy.<\/p>\n<p><iframe loading=\"lazy\" title=\"akcja policji - mafia VAT\" width=\"747\" height=\"420\" src=\"https:\/\/www.youtube.com\/embed\/NpIKgHazDSQ?feature=oembed\" frameborder=\"0\" allow=\"accelerometer; autoplay; clipboard-write; encrypted-media; gyroscope; picture-in-picture; web-share\" referrerpolicy=\"strict-origin-when-cross-origin\" allowfullscreen><\/iframe><\/p>\n","protected":false},"excerpt":{"rendered":"Tymczasowe aresztowania dla podejrzanych o udzia\u0142 w zorganizowanej grupie przest\u0119pczej maj\u0105cej na celu falszowanie faktur, pranie pieni\u0119dzy i wy\u0142udzenia leasing\u00f3w na zakup luksusowych \n<a class=\"moretag\" href=\"https:\/\/ostrowskatv.pl\/?p=25121\"> [...]<\/a>","protected":false},"author":1,"featured_media":25122,"comment_status":"open","ping_status":"closed","sticky":false,"template":"","format":"standard","meta":{"footnotes":""},"categories":[1],"tags":[34],"class_list":["post-25121","post","type-post","status-publish","format-standard","has-post-thumbnail","hentry","category-news","tag-policja"],"_links":{"self":[{"href":"https:\/\/ostrowskatv.pl\/index.php?rest_route=\/wp\/v2\/posts\/25121","targetHints":{"allow":["GET"]}}],"collection":[{"href":"https:\/\/ostrowskatv.pl\/index.php?rest_route=\/wp\/v2\/posts"}],"about":[{"href":"https:\/\/ostrowskatv.pl\/index.php?rest_route=\/wp\/v2\/types\/post"}],"author":[{"embeddable":true,"href":"https:\/\/ostrowskatv.pl\/index.php?rest_route=\/wp\/v2\/users\/1"}],"replies":[{"embeddable":true,"href":"https:\/\/ostrowskatv.pl\/index.php?rest_route=%2Fwp%2Fv2%2Fcomments&post=25121"}],"version-history":[{"count":0,"href":"https:\/\/ostrowskatv.pl\/index.php?rest_route=\/wp\/v2\/posts\/25121\/revisions"}],"wp:featuredmedia":[{"embeddable":true,"href":"https:\/\/ostrowskatv.pl\/index.php?rest_route=\/wp\/v2\/media\/25122"}],"wp:attachment":[{"href":"https:\/\/ostrowskatv.pl\/index.php?rest_route=%2Fwp%2Fv2%2Fmedia&parent=25121"}],"wp:term":[{"taxonomy":"category","embeddable":true,"href":"https:\/\/ostrowskatv.pl\/index.php?rest_route=%2Fwp%2Fv2%2Fcategories&post=25121"},{"taxonomy":"post_tag","embeddable":true,"href":"https:\/\/ostrowskatv.pl\/index.php?rest_route=%2Fwp%2Fv2%2Ftags&post=25121"}],"curies":[{"name":"wp","href":"https:\/\/api.w.org\/{rel}","templated":true}]}}