{"id":25118,"date":"2023-07-04T06:37:26","date_gmt":"2023-07-04T05:37:26","guid":{"rendered":"https:\/\/ostrowskatv.pl\/?p=25118"},"modified":"2023-07-04T06:37:55","modified_gmt":"2023-07-04T05:37:55","slug":"zrobiono-to-niepelnosprawnemu-bedzie-sie-smazyc-w-piekle","status":"publish","type":"post","link":"https:\/\/ostrowskatv.pl\/?p=25118","title":{"rendered":"Zrobiono TO niepe\u0142nosprawnemu. B\u0119dzie si\u0119 sma\u017cy\u0107 w piekle?"},"content":{"rendered":"<p><strong>Do karygodnego zdarzenia dosz\u0142o minionej nocy w jednym z budynk\u00f3w wielorodzinnych. G\u0142\u00f3wn\u0105 ofiar\u0105 sta\u0142a si\u0119 osoba niepe\u0142nosprawna, kt\u00f3rej nieznany sprawca podpali\u0142 w\u00f3zek inwalidzki.<\/strong><\/p>\n<p>Przed p\u00f3\u0142noc\u0105 w budynku wielorodzinnym zauwa\u017cono du\u017ce zadymienie. Natychmiast do Cieszyna w gm. So\u015bnie zadysponowano stra\u017c po\u017carn\u0105 oraz policj\u0119. Okaza\u0142o si\u0119, \u017ce najgorzej jest na II pi\u0119trze w &#8222;pa\u0142acu&#8221;, gdzie ludzie nie mogli wydosta\u0107 si\u0119 z mieszka\u0144. <\/p>\n<p>Ewakuowano 13 mieszka\u0144c\u00f3w, w tym czworo dzieci. Na szcz\u0119\u015bcie \u017cadna z os\u00f3b nie odnios\u0142a obra\u017ce\u0144 cia\u0142a. Spaleniu uleg\u0142 w\u00f3zek i wst\u0119pne okoliczno\u015bci wskazuj\u0105 na podpalenie pojazdu. Jak mo\u017cna by\u0142o zniszczy\u0107 pojazd umo\u017cliwiaj\u0105cy poruszanie si\u0119 osobie niepe\u0142nosprawnej?<\/p>\n<p>Akcja stra\u017cak\u00f3w trwa\u0142a do godziny 2:26.<\/p>\n","protected":false},"excerpt":{"rendered":"Do karygodnego zdarzenia dosz\u0142o minionej nocy w jednym z budynk\u00f3w wielorodzinnych. G\u0142\u00f3wn\u0105 ofiar\u0105 sta\u0142a si\u0119 osoba niepe\u0142nosprawna, kt\u00f3rej nieznany sprawca podpali\u0142 w\u00f3zek inwalidzki. \n<a class=\"moretag\" href=\"https:\/\/ostrowskatv.pl\/?p=25118\"> [...]<\/a>","protected":false},"author":1,"featured_media":16101,"comment_status":"open","ping_status":"closed","sticky":false,"template":"","format":"standard","meta":{"footnotes":""},"categories":[1],"tags":[7],"class_list":["post-25118","post","type-post","status-publish","format-standard","has-post-thumbnail","hentry","category-news","tag-pozar"],"_links":{"self":[{"href":"https:\/\/ostrowskatv.pl\/index.php?rest_route=\/wp\/v2\/posts\/25118","targetHints":{"allow":["GET"]}}],"collection":[{"href":"https:\/\/ostrowskatv.pl\/index.php?rest_route=\/wp\/v2\/posts"}],"about":[{"href":"https:\/\/ostrowskatv.pl\/index.php?rest_route=\/wp\/v2\/types\/post"}],"author":[{"embeddable":true,"href":"https:\/\/ostrowskatv.pl\/index.php?rest_route=\/wp\/v2\/users\/1"}],"replies":[{"embeddable":true,"href":"https:\/\/ostrowskatv.pl\/index.php?rest_route=%2Fwp%2Fv2%2Fcomments&post=25118"}],"version-history":[{"count":0,"href":"https:\/\/ostrowskatv.pl\/index.php?rest_route=\/wp\/v2\/posts\/25118\/revisions"}],"wp:featuredmedia":[{"embeddable":true,"href":"https:\/\/ostrowskatv.pl\/index.php?rest_route=\/wp\/v2\/media\/16101"}],"wp:attachment":[{"href":"https:\/\/ostrowskatv.pl\/index.php?rest_route=%2Fwp%2Fv2%2Fmedia&parent=25118"}],"wp:term":[{"taxonomy":"category","embeddable":true,"href":"https:\/\/ostrowskatv.pl\/index.php?rest_route=%2Fwp%2Fv2%2Fcategories&post=25118"},{"taxonomy":"post_tag","embeddable":true,"href":"https:\/\/ostrowskatv.pl\/index.php?rest_route=%2Fwp%2Fv2%2Ftags&post=25118"}],"curies":[{"name":"wp","href":"https:\/\/api.w.org\/{rel}","templated":true}]}}