{"id":25111,"date":"2023-07-02T21:24:06","date_gmt":"2023-07-02T20:24:06","guid":{"rendered":"https:\/\/ostrowskatv.pl\/?p=25111"},"modified":"2023-07-02T21:24:06","modified_gmt":"2023-07-02T20:24:06","slug":"niezwykla-postawa-sprawcy-kolizji-wjechal-na-czerwonym","status":"publish","type":"post","link":"https:\/\/ostrowskatv.pl\/?p=25111","title":{"rendered":"Niezwyk\u0142a postawa sprawcy kolizji. Wjecha\u0142 na czerwonym"},"content":{"rendered":"<p><strong>Niezwyk\u0142\u0105 postaw\u0105 wykaza\u0142 si\u0119 oko\u0142o 30-letni m\u0119\u017cczyzna, kt\u00f3ry w niedzielne popo\u0142udnie spowodowa\u0142, kolizj\u0119 na skrzy\u017cowaniu ulic Bema i Kordeckiego w Ostrowie Wielkopolskim.<\/strong><\/p>\n<p>Kieruj\u0105c mercedesem jecha\u0142 ulic\u0105 Bema od strony Krotoszy\u0144skiej. Nie zauwa\u017cy\u0142 w por\u0119 czerwonego \u015bwiat\u0142a i zderzy\u0142 si\u0119 z peugeotem, kt\u00f3rym podr\u00f3\u017cowa\u0142a c\u00f3rka z matk\u0105. <\/p>\n<p>W kolizji nikt na szcz\u0119\u015bcie nie odni\u00f3s\u0142 obra\u017ce\u0144 cia\u0142a. Sprawca kolizji nie wymy\u015bla\u0142 historyjek, \u017ce te\u017c mia\u0142 zielone \u015bwiat\u0142o, tylko przyj\u0105\u0142 win\u0119 &#8222;na klat\u0119&#8221;. Przez d\u0142ugi czas na miejscu nie m\u00f3g\u0142 poj\u0105\u0107 jak do tego dosz\u0142o i mocno si\u0119 obwinia\u0142. Do tego stopnia, \u017ce kiedy otrzyma\u0142 mandat w wysoko\u015bci 1500 z\u0142otych, uwa\u017ca\u0142 ze tacy jak on powinni dosta\u0107 5 tysi\u0119cy, bo m\u00f3g\u0142 wyrz\u0105dzi\u0107 komu\u015b krzywd\u0119. <\/p>\n<p>Jeszcze niedawno gdy by\u0142y na tym skrzy\u017cowaniu pulsuj\u0105ce \u017c\u00f3\u0142te \u015bwiat\u0142a zastanawia\u0142 si\u0119 kim trzeba by\u0107, \u017ceby komu\u015b nie ust\u0105pi\u0107 pierwsze\u0144stwa. \u017bycie pokaza\u0142o, \u017ce wystarczy gorszy dzie\u0144 i chwila roztargnienia. <\/p>\n<p><img loading=\"lazy\" decoding=\"async\" src=\"https:\/\/ostrowskatv.pl\/wp-content\/uploads\/2023\/07\/20230702_200742-01.jpeg\" alt=\"\" width=\"1004\" height=\"1366\" class=\"alignnone size-full wp-image-25112\" srcset=\"https:\/\/ostrowskatv.pl\/wp-content\/uploads\/2023\/07\/20230702_200742-01.jpeg 1004w, https:\/\/ostrowskatv.pl\/wp-content\/uploads\/2023\/07\/20230702_200742-01-220x300.jpeg 220w, https:\/\/ostrowskatv.pl\/wp-content\/uploads\/2023\/07\/20230702_200742-01-980x1333.jpeg 980w\" sizes=\"auto, (max-width: 1004px) 100vw, 1004px\" \/><\/p>\n<p><img loading=\"lazy\" decoding=\"async\" src=\"https:\/\/ostrowskatv.pl\/wp-content\/uploads\/2023\/07\/20230702_200703-01.jpeg\" alt=\"\" width=\"1366\" height=\"742\" class=\"alignnone size-full wp-image-25113\" srcset=\"https:\/\/ostrowskatv.pl\/wp-content\/uploads\/2023\/07\/20230702_200703-01.jpeg 1366w, https:\/\/ostrowskatv.pl\/wp-content\/uploads\/2023\/07\/20230702_200703-01-300x163.jpeg 300w, https:\/\/ostrowskatv.pl\/wp-content\/uploads\/2023\/07\/20230702_200703-01-1333x724.jpeg 1333w\" sizes=\"auto, (max-width: 1366px) 100vw, 1366px\" \/><\/p>\n<p><img loading=\"lazy\" decoding=\"async\" src=\"https:\/\/ostrowskatv.pl\/wp-content\/uploads\/2023\/07\/20230702_195513-01.jpeg\" alt=\"\" width=\"1366\" height=\"995\" class=\"alignnone size-full wp-image-25114\" srcset=\"https:\/\/ostrowskatv.pl\/wp-content\/uploads\/2023\/07\/20230702_195513-01.jpeg 1366w, https:\/\/ostrowskatv.pl\/wp-content\/uploads\/2023\/07\/20230702_195513-01-300x219.jpeg 300w, https:\/\/ostrowskatv.pl\/wp-content\/uploads\/2023\/07\/20230702_195513-01-1333x971.jpeg 1333w\" sizes=\"auto, (max-width: 1366px) 100vw, 1366px\" \/><\/p>\n<p><img loading=\"lazy\" decoding=\"async\" src=\"https:\/\/ostrowskatv.pl\/wp-content\/uploads\/2023\/07\/20230702_195219-01.jpeg\" alt=\"\" width=\"1366\" height=\"686\" class=\"alignnone size-full wp-image-25115\" srcset=\"https:\/\/ostrowskatv.pl\/wp-content\/uploads\/2023\/07\/20230702_195219-01.jpeg 1366w, https:\/\/ostrowskatv.pl\/wp-content\/uploads\/2023\/07\/20230702_195219-01-300x151.jpeg 300w, https:\/\/ostrowskatv.pl\/wp-content\/uploads\/2023\/07\/20230702_195219-01-1333x669.jpeg 1333w\" sizes=\"auto, (max-width: 1366px) 100vw, 1366px\" \/><\/p>\n<p><img loading=\"lazy\" decoding=\"async\" src=\"https:\/\/ostrowskatv.pl\/wp-content\/uploads\/2023\/07\/20230702_202620-01.jpeg\" alt=\"\" width=\"1366\" height=\"769\" class=\"alignnone size-full wp-image-25116\" srcset=\"https:\/\/ostrowskatv.pl\/wp-content\/uploads\/2023\/07\/20230702_202620-01.jpeg 1366w, https:\/\/ostrowskatv.pl\/wp-content\/uploads\/2023\/07\/20230702_202620-01-300x169.jpeg 300w, https:\/\/ostrowskatv.pl\/wp-content\/uploads\/2023\/07\/20230702_202620-01-1333x750.jpeg 1333w\" sizes=\"auto, (max-width: 1366px) 100vw, 1366px\" \/><\/p>\n","protected":false},"excerpt":{"rendered":"Niezwyk\u0142\u0105 postaw\u0105 wykaza\u0142 si\u0119 oko\u0142o 30-letni m\u0119\u017cczyzna, kt\u00f3ry w niedzielne popo\u0142udnie spowodowa\u0142, kolizj\u0119 na skrzy\u017cowaniu ulic Bema i Kordeckiego w Ostrowie Wielkopolskim. Kieruj\u0105c \n<a class=\"moretag\" href=\"https:\/\/ostrowskatv.pl\/?p=25111\"> [...]<\/a>","protected":false},"author":1,"featured_media":25115,"comment_status":"open","ping_status":"closed","sticky":false,"template":"","format":"standard","meta":{"footnotes":""},"categories":[1],"tags":[2],"class_list":["post-25111","post","type-post","status-publish","format-standard","has-post-thumbnail","hentry","category-news","tag-ostrow-wielkopolski"],"_links":{"self":[{"href":"https:\/\/ostrowskatv.pl\/index.php?rest_route=\/wp\/v2\/posts\/25111","targetHints":{"allow":["GET"]}}],"collection":[{"href":"https:\/\/ostrowskatv.pl\/index.php?rest_route=\/wp\/v2\/posts"}],"about":[{"href":"https:\/\/ostrowskatv.pl\/index.php?rest_route=\/wp\/v2\/types\/post"}],"author":[{"embeddable":true,"href":"https:\/\/ostrowskatv.pl\/index.php?rest_route=\/wp\/v2\/users\/1"}],"replies":[{"embeddable":true,"href":"https:\/\/ostrowskatv.pl\/index.php?rest_route=%2Fwp%2Fv2%2Fcomments&post=25111"}],"version-history":[{"count":0,"href":"https:\/\/ostrowskatv.pl\/index.php?rest_route=\/wp\/v2\/posts\/25111\/revisions"}],"wp:featuredmedia":[{"embeddable":true,"href":"https:\/\/ostrowskatv.pl\/index.php?rest_route=\/wp\/v2\/media\/25115"}],"wp:attachment":[{"href":"https:\/\/ostrowskatv.pl\/index.php?rest_route=%2Fwp%2Fv2%2Fmedia&parent=25111"}],"wp:term":[{"taxonomy":"category","embeddable":true,"href":"https:\/\/ostrowskatv.pl\/index.php?rest_route=%2Fwp%2Fv2%2Fcategories&post=25111"},{"taxonomy":"post_tag","embeddable":true,"href":"https:\/\/ostrowskatv.pl\/index.php?rest_route=%2Fwp%2Fv2%2Ftags&post=25111"}],"curies":[{"name":"wp","href":"https:\/\/api.w.org\/{rel}","templated":true}]}}