{"id":251,"date":"2016-01-27T17:20:22","date_gmt":"2016-01-27T16:20:22","guid":{"rendered":"http:\/\/ostrowska.tv\/?p=251"},"modified":"2016-01-27T17:20:22","modified_gmt":"2016-01-27T16:20:22","slug":"radny-ostro-krytykuje-prezydent-za-pr","status":"publish","type":"post","link":"https:\/\/ostrowskatv.pl\/?p=251","title":{"rendered":"Radny ostro krytykuje prezydent za PR"},"content":{"rendered":"<p><strong><span class=\"_5yl5\">Marian Herwich mia\u0142 zastrze\u017cenia dotycz\u0105ce sposobu, w jakim Beata Klimek prowadzi dzia\u0142ania &#8222;PR&#8221;.\u00a0 Zapraszamy do obejrzenia jego wyst\u0105pienia i odpowiedzi pani prezydent.<\/span><\/strong><\/p>\n<div style=\"width: 640px;\" class=\"wp-video\"><video class=\"wp-video-shortcode\" id=\"video-251-1\" width=\"640\" height=\"360\" preload=\"metadata\" controls=\"controls\"><source type=\"video\/mp4\" src=\"http:\/\/ostrowska.tv\/wp-content\/uploads\/2016\/01\/herwich-klimek.mp4?_=1\" \/><a href=\"http:\/\/ostrowska.tv\/wp-content\/uploads\/2016\/01\/herwich-klimek.mp4\">http:\/\/ostrowska.tv\/wp-content\/uploads\/2016\/01\/herwich-klimek.mp4<\/a><\/video><\/div>\n","protected":false},"excerpt":{"rendered":"Marian Herwich mia\u0142 zastrze\u017cenia dotycz\u0105ce sposobu, w jakim Beata Klimek prowadzi dzia\u0142ania &#8222;PR&#8221;.\u00a0 Zapraszamy do obejrzenia jego wyst\u0105pienia i odpowiedzi pani prezydent.\n<a class=\"moretag\" href=\"https:\/\/ostrowskatv.pl\/?p=251\"> [...]<\/a>","protected":false},"author":1,"featured_media":252,"comment_status":"open","ping_status":"open","sticky":false,"template":"","format":"standard","meta":{"footnotes":""},"categories":[1],"tags":[2,16],"class_list":["post-251","post","type-post","status-publish","format-standard","has-post-thumbnail","hentry","category-news","tag-ostrow-wielkopolski","tag-radni"],"_links":{"self":[{"href":"https:\/\/ostrowskatv.pl\/index.php?rest_route=\/wp\/v2\/posts\/251","targetHints":{"allow":["GET"]}}],"collection":[{"href":"https:\/\/ostrowskatv.pl\/index.php?rest_route=\/wp\/v2\/posts"}],"about":[{"href":"https:\/\/ostrowskatv.pl\/index.php?rest_route=\/wp\/v2\/types\/post"}],"author":[{"embeddable":true,"href":"https:\/\/ostrowskatv.pl\/index.php?rest_route=\/wp\/v2\/users\/1"}],"replies":[{"embeddable":true,"href":"https:\/\/ostrowskatv.pl\/index.php?rest_route=%2Fwp%2Fv2%2Fcomments&post=251"}],"version-history":[{"count":0,"href":"https:\/\/ostrowskatv.pl\/index.php?rest_route=\/wp\/v2\/posts\/251\/revisions"}],"wp:featuredmedia":[{"embeddable":true,"href":"https:\/\/ostrowskatv.pl\/index.php?rest_route=\/wp\/v2\/media\/252"}],"wp:attachment":[{"href":"https:\/\/ostrowskatv.pl\/index.php?rest_route=%2Fwp%2Fv2%2Fmedia&parent=251"}],"wp:term":[{"taxonomy":"category","embeddable":true,"href":"https:\/\/ostrowskatv.pl\/index.php?rest_route=%2Fwp%2Fv2%2Fcategories&post=251"},{"taxonomy":"post_tag","embeddable":true,"href":"https:\/\/ostrowskatv.pl\/index.php?rest_route=%2Fwp%2Fv2%2Ftags&post=251"}],"curies":[{"name":"wp","href":"https:\/\/api.w.org\/{rel}","templated":true}]}}