{"id":25076,"date":"2023-06-30T13:24:11","date_gmt":"2023-06-30T12:24:11","guid":{"rendered":"https:\/\/ostrowskatv.pl\/?p=25076"},"modified":"2023-06-30T13:24:20","modified_gmt":"2023-06-30T12:24:20","slug":"z-wiaduktu-rzucali-kamieni-byl-poscig","status":"publish","type":"post","link":"https:\/\/ostrowskatv.pl\/?p=25076","title":{"rendered":"Z wiaduktu rzucali kamieniami. By\u0142 po\u015bcig"},"content":{"rendered":"<p><strong>Wakacje to czas odpoczynku od obowi\u0105zku nauki. Cz\u0119\u015b\u0107 m\u0142odych ludzi chyba nie bardzo wie co ze sob\u0105 zrobi\u0107. Udowodnili to 15-latek oraz 18-latka, kt\u00f3rzy w czwartkowy wiecz\u00f3r udali si\u0119 na wiadukt krotoszy\u0144ski. Tam postanowili urozmaici\u0107 czas poprzez rzucanie kamieniami w samochody i poci\u0105gi.<\/strong><\/p>\n<p>Sytuacj\u0119 zg\u0142osili \u015bwiadkowie i na miejsce skierowano radiow\u00f3z policji oraz funkcjonariuszy S\u0142u\u017cby Ochrony Kolei. \u015awiadek wskaza\u0142 osoby, kt\u00f3re przed chwil\u0105 mog\u0142y doprowadzi\u0107 do tragedii.<\/p>\n<p>Policjanci po kr\u00f3tkim po\u015bcigu pieszym zatrzymali 15-latka i 18-latk\u0119. Doros\u0142\u0105 dziewczyn\u0119 ukarali mandatem karnym, poniewa\u017c swoim zachowaniem wype\u0142ni\u0142a znamiona z artyku\u0142u 76 kodeksu wykrocze\u0144<\/p>\n<blockquote><p>Rzucanie przedmiotami w pojazd mechaniczny b\u0119d\u0105cy w ruchu. Kto rzuca kamieniami lub innymi przedmiotami w pojazd mechaniczny b\u0119d\u0105cy w ruchu, podlega karze aresztu, ograniczenia wolno\u015bci albo grzywny.<\/p><\/blockquote>\n<p>Ma\u0142oletni zosta\u0142 przekazany osobie pe\u0142noletniej. Jego spraw\u0105 zajmie si\u0119 S\u0105d Rodzinny.<\/p>\n<p>Youtuberka przychodzi z list\u0105 55 pomys\u0142\u00f3w na wakacje<\/p>\n<p><iframe loading=\"lazy\" title=\"\ud83c\udfd6 55 RZECZY DO ZROBIENIA W WAKACJE \u2600\ufe0f *summer bucket list 2022* \u2600\ufe0f\" width=\"747\" height=\"420\" src=\"https:\/\/www.youtube.com\/embed\/1WXqHEOnLow?feature=oembed\" frameborder=\"0\" allow=\"accelerometer; autoplay; clipboard-write; encrypted-media; gyroscope; picture-in-picture; web-share\" referrerpolicy=\"strict-origin-when-cross-origin\" allowfullscreen><\/iframe><\/p>\n","protected":false},"excerpt":{"rendered":"Wakacje to czas odpoczynku od obowi\u0105zku nauki. Cz\u0119\u015b\u0107 m\u0142odych ludzi chyba nie bardzo wie co ze sob\u0105 zrobi\u0107. Udowodnili to 15-latek oraz 18-latka, \n<a class=\"moretag\" href=\"https:\/\/ostrowskatv.pl\/?p=25076\"> [...]<\/a>","protected":false},"author":1,"featured_media":25077,"comment_status":"open","ping_status":"closed","sticky":false,"template":"","format":"standard","meta":{"footnotes":""},"categories":[1],"tags":[],"class_list":["post-25076","post","type-post","status-publish","format-standard","has-post-thumbnail","hentry","category-news"],"_links":{"self":[{"href":"https:\/\/ostrowskatv.pl\/index.php?rest_route=\/wp\/v2\/posts\/25076","targetHints":{"allow":["GET"]}}],"collection":[{"href":"https:\/\/ostrowskatv.pl\/index.php?rest_route=\/wp\/v2\/posts"}],"about":[{"href":"https:\/\/ostrowskatv.pl\/index.php?rest_route=\/wp\/v2\/types\/post"}],"author":[{"embeddable":true,"href":"https:\/\/ostrowskatv.pl\/index.php?rest_route=\/wp\/v2\/users\/1"}],"replies":[{"embeddable":true,"href":"https:\/\/ostrowskatv.pl\/index.php?rest_route=%2Fwp%2Fv2%2Fcomments&post=25076"}],"version-history":[{"count":0,"href":"https:\/\/ostrowskatv.pl\/index.php?rest_route=\/wp\/v2\/posts\/25076\/revisions"}],"wp:featuredmedia":[{"embeddable":true,"href":"https:\/\/ostrowskatv.pl\/index.php?rest_route=\/wp\/v2\/media\/25077"}],"wp:attachment":[{"href":"https:\/\/ostrowskatv.pl\/index.php?rest_route=%2Fwp%2Fv2%2Fmedia&parent=25076"}],"wp:term":[{"taxonomy":"category","embeddable":true,"href":"https:\/\/ostrowskatv.pl\/index.php?rest_route=%2Fwp%2Fv2%2Fcategories&post=25076"},{"taxonomy":"post_tag","embeddable":true,"href":"https:\/\/ostrowskatv.pl\/index.php?rest_route=%2Fwp%2Fv2%2Ftags&post=25076"}],"curies":[{"name":"wp","href":"https:\/\/api.w.org\/{rel}","templated":true}]}}