{"id":25070,"date":"2023-06-30T10:00:12","date_gmt":"2023-06-30T09:00:12","guid":{"rendered":"https:\/\/ostrowskatv.pl\/?p=25070"},"modified":"2023-06-30T10:00:12","modified_gmt":"2023-06-30T09:00:12","slug":"nastolatek-na-hulajnodze-wjechal-wprost-pod-auto","status":"publish","type":"post","link":"https:\/\/ostrowskatv.pl\/?p=25070","title":{"rendered":"Nastolatek na hulajnodze wjecha\u0142 wprost pod auto"},"content":{"rendered":"<p><strong>W pi\u0105tkowe przedpo\u0142udnie dosz\u0142o do zderzenia nastolatka na hulajnodze z samochodem osobowym. M\u0142odzieniec dozna\u0142 obra\u017ce\u0144 cia\u0142a.<br \/>\n<\/strong><\/p>\n<p>15-latek jecha\u0142 na elektrycznej hulajnodze ulic\u0105 Taczaka. Nie ust\u0105pi\u0142 pierwsze\u0144stwa i wjecha\u0142 w opla cors\u0119. M\u0142ody ostrowianin upad\u0142 i uskar\u017ca\u0142 si\u0119 na b\u00f3l nogi w kolanie. Po chwili doszed\u0142 b\u00f3l g\u0142owy.<\/p>\n<p>Na miejsce wezwano karetk\u0119 oraz policj\u0119.<\/p>\n<p><img loading=\"lazy\" decoding=\"async\" src=\"https:\/\/ostrowskatv.pl\/wp-content\/uploads\/2023\/06\/20230630_104211-01.jpeg\" alt=\"\" width=\"1366\" height=\"587\" class=\"alignnone size-full wp-image-25071\" srcset=\"https:\/\/ostrowskatv.pl\/wp-content\/uploads\/2023\/06\/20230630_104211-01.jpeg 1366w, https:\/\/ostrowskatv.pl\/wp-content\/uploads\/2023\/06\/20230630_104211-01-300x129.jpeg 300w, https:\/\/ostrowskatv.pl\/wp-content\/uploads\/2023\/06\/20230630_104211-01-1333x573.jpeg 1333w\" sizes=\"auto, (max-width: 1366px) 100vw, 1366px\" \/><\/p>\n<p><img loading=\"lazy\" decoding=\"async\" src=\"https:\/\/ostrowskatv.pl\/wp-content\/uploads\/2023\/06\/20230630_104154-01.jpeg\" alt=\"\" width=\"1366\" height=\"673\" class=\"alignnone size-full wp-image-25072\" srcset=\"https:\/\/ostrowskatv.pl\/wp-content\/uploads\/2023\/06\/20230630_104154-01.jpeg 1366w, https:\/\/ostrowskatv.pl\/wp-content\/uploads\/2023\/06\/20230630_104154-01-300x148.jpeg 300w, https:\/\/ostrowskatv.pl\/wp-content\/uploads\/2023\/06\/20230630_104154-01-1333x657.jpeg 1333w\" sizes=\"auto, (max-width: 1366px) 100vw, 1366px\" \/><\/p>\n<p><img loading=\"lazy\" decoding=\"async\" src=\"https:\/\/ostrowskatv.pl\/wp-content\/uploads\/2023\/06\/20230630_104131-01.jpeg\" alt=\"\" width=\"868\" height=\"1366\" class=\"alignnone size-full wp-image-25073\" srcset=\"https:\/\/ostrowskatv.pl\/wp-content\/uploads\/2023\/06\/20230630_104131-01.jpeg 868w, https:\/\/ostrowskatv.pl\/wp-content\/uploads\/2023\/06\/20230630_104131-01-191x300.jpeg 191w, https:\/\/ostrowskatv.pl\/wp-content\/uploads\/2023\/06\/20230630_104131-01-847x1333.jpeg 847w\" sizes=\"auto, (max-width: 868px) 100vw, 868px\" \/><\/p>\n<p><img loading=\"lazy\" decoding=\"async\" src=\"https:\/\/ostrowskatv.pl\/wp-content\/uploads\/2023\/06\/20230630_104059-01.jpeg\" alt=\"\" width=\"1365\" height=\"729\" class=\"alignnone size-full wp-image-25074\" srcset=\"https:\/\/ostrowskatv.pl\/wp-content\/uploads\/2023\/06\/20230630_104059-01.jpeg 1365w, https:\/\/ostrowskatv.pl\/wp-content\/uploads\/2023\/06\/20230630_104059-01-300x160.jpeg 300w, https:\/\/ostrowskatv.pl\/wp-content\/uploads\/2023\/06\/20230630_104059-01-1333x712.jpeg 1333w\" sizes=\"auto, (max-width: 1365px) 100vw, 1365px\" \/><\/p>\n","protected":false},"excerpt":{"rendered":"W pi\u0105tkowe przedpo\u0142udnie dosz\u0142o do zderzenia nastolatka na hulajnodze z samochodem osobowym. M\u0142odzieniec dozna\u0142 obra\u017ce\u0144 cia\u0142a. 15-latek jecha\u0142 na elektrycznej hulajnodze ulic\u0105 Taczaka. \n<a class=\"moretag\" href=\"https:\/\/ostrowskatv.pl\/?p=25070\"> [...]<\/a>","protected":false},"author":1,"featured_media":25074,"comment_status":"open","ping_status":"closed","sticky":false,"template":"","format":"standard","meta":{"footnotes":""},"categories":[1],"tags":[2],"class_list":["post-25070","post","type-post","status-publish","format-standard","has-post-thumbnail","hentry","category-news","tag-ostrow-wielkopolski"],"_links":{"self":[{"href":"https:\/\/ostrowskatv.pl\/index.php?rest_route=\/wp\/v2\/posts\/25070","targetHints":{"allow":["GET"]}}],"collection":[{"href":"https:\/\/ostrowskatv.pl\/index.php?rest_route=\/wp\/v2\/posts"}],"about":[{"href":"https:\/\/ostrowskatv.pl\/index.php?rest_route=\/wp\/v2\/types\/post"}],"author":[{"embeddable":true,"href":"https:\/\/ostrowskatv.pl\/index.php?rest_route=\/wp\/v2\/users\/1"}],"replies":[{"embeddable":true,"href":"https:\/\/ostrowskatv.pl\/index.php?rest_route=%2Fwp%2Fv2%2Fcomments&post=25070"}],"version-history":[{"count":0,"href":"https:\/\/ostrowskatv.pl\/index.php?rest_route=\/wp\/v2\/posts\/25070\/revisions"}],"wp:featuredmedia":[{"embeddable":true,"href":"https:\/\/ostrowskatv.pl\/index.php?rest_route=\/wp\/v2\/media\/25074"}],"wp:attachment":[{"href":"https:\/\/ostrowskatv.pl\/index.php?rest_route=%2Fwp%2Fv2%2Fmedia&parent=25070"}],"wp:term":[{"taxonomy":"category","embeddable":true,"href":"https:\/\/ostrowskatv.pl\/index.php?rest_route=%2Fwp%2Fv2%2Fcategories&post=25070"},{"taxonomy":"post_tag","embeddable":true,"href":"https:\/\/ostrowskatv.pl\/index.php?rest_route=%2Fwp%2Fv2%2Ftags&post=25070"}],"curies":[{"name":"wp","href":"https:\/\/api.w.org\/{rel}","templated":true}]}}