{"id":25059,"date":"2023-06-30T09:06:05","date_gmt":"2023-06-30T08:06:05","guid":{"rendered":"https:\/\/ostrowskatv.pl\/?p=25059"},"modified":"2023-06-30T09:06:56","modified_gmt":"2023-06-30T08:06:56","slug":"wypadek-na-limanowskiego-kobieta-byla-mocno-zakrwawiona","status":"publish","type":"post","link":"https:\/\/ostrowskatv.pl\/?p=25059","title":{"rendered":"Wypadek na Limanowskiego. Kobieta by\u0142a mocno zakrwawiona"},"content":{"rendered":"<p><strong>W pi\u0105tkowy poranek na skrzy\u017cowaniu ulic Limanowskiego oraz \u017beromskiego w Ostrowie Wielkopolskim dosz\u0142o do zderzenia dw\u00f3ch aut osobowych. Jedna osoba zosta\u0142a poszkodowana.<\/strong><\/p>\n<p>Citroen c3 jecha\u0142 ulic\u0105 Limanowskiego w stron\u0119 Piask\u00f3w. Od ulicy \u017beromskiego wyjecha\u0142 peugeot 508, kt\u00f3rego kierowca nie zorientowa\u0142 si\u0119, \u017ce jedzie drog\u0105 podporz\u0105dkowan\u0105.<\/p>\n<p>Peugeot uderzy\u0142 w bok citroena przez co zmieni\u0142 tor jego jazdy. Od wybitej bocznej szyby kobieta dozna\u0142a krwawi\u0105cej rany w okolicy oka. Zosta\u0142a zabrana do szpitala.<\/p>\n<p>Sprawca jest mieszka\u0144cem powiatu ostrzeszowskiego. <\/p>\n<p><img loading=\"lazy\" decoding=\"async\" src=\"https:\/\/ostrowskatv.pl\/wp-content\/uploads\/2023\/06\/20230630_093125-01.jpeg\" alt=\"\" width=\"1366\" height=\"849\" class=\"alignnone size-full wp-image-25060\" srcset=\"https:\/\/ostrowskatv.pl\/wp-content\/uploads\/2023\/06\/20230630_093125-01.jpeg 1366w, https:\/\/ostrowskatv.pl\/wp-content\/uploads\/2023\/06\/20230630_093125-01-300x186.jpeg 300w, https:\/\/ostrowskatv.pl\/wp-content\/uploads\/2023\/06\/20230630_093125-01-1333x828.jpeg 1333w\" sizes=\"auto, (max-width: 1366px) 100vw, 1366px\" \/><\/p>\n<p><img loading=\"lazy\" decoding=\"async\" src=\"https:\/\/ostrowskatv.pl\/wp-content\/uploads\/2023\/06\/20230630_093412-01.jpeg\" alt=\"\" width=\"1366\" height=\"803\" class=\"alignnone size-full wp-image-25061\" srcset=\"https:\/\/ostrowskatv.pl\/wp-content\/uploads\/2023\/06\/20230630_093412-01.jpeg 1366w, https:\/\/ostrowskatv.pl\/wp-content\/uploads\/2023\/06\/20230630_093412-01-300x176.jpeg 300w, https:\/\/ostrowskatv.pl\/wp-content\/uploads\/2023\/06\/20230630_093412-01-1333x784.jpeg 1333w\" sizes=\"auto, (max-width: 1366px) 100vw, 1366px\" \/><\/p>\n<p><img loading=\"lazy\" decoding=\"async\" src=\"https:\/\/ostrowskatv.pl\/wp-content\/uploads\/2023\/06\/20230630_093611-01.jpeg\" alt=\"\" width=\"1366\" height=\"853\" class=\"alignnone size-full wp-image-25062\" srcset=\"https:\/\/ostrowskatv.pl\/wp-content\/uploads\/2023\/06\/20230630_093611-01.jpeg 1366w, https:\/\/ostrowskatv.pl\/wp-content\/uploads\/2023\/06\/20230630_093611-01-300x187.jpeg 300w, https:\/\/ostrowskatv.pl\/wp-content\/uploads\/2023\/06\/20230630_093611-01-1333x832.jpeg 1333w\" sizes=\"auto, (max-width: 1366px) 100vw, 1366px\" \/><\/p>\n<p><img loading=\"lazy\" decoding=\"async\" src=\"https:\/\/ostrowskatv.pl\/wp-content\/uploads\/2023\/06\/20230630_093720-01.jpeg\" alt=\"\" width=\"1366\" height=\"689\" class=\"alignnone size-full wp-image-25063\" srcset=\"https:\/\/ostrowskatv.pl\/wp-content\/uploads\/2023\/06\/20230630_093720-01.jpeg 1366w, https:\/\/ostrowskatv.pl\/wp-content\/uploads\/2023\/06\/20230630_093720-01-300x151.jpeg 300w, https:\/\/ostrowskatv.pl\/wp-content\/uploads\/2023\/06\/20230630_093720-01-1333x672.jpeg 1333w\" sizes=\"auto, (max-width: 1366px) 100vw, 1366px\" \/><\/p>\n<p><img loading=\"lazy\" decoding=\"async\" src=\"https:\/\/ostrowskatv.pl\/wp-content\/uploads\/2023\/06\/20230630_093837-01.jpeg\" alt=\"\" width=\"769\" height=\"1366\" class=\"alignnone size-full wp-image-25064\" srcset=\"https:\/\/ostrowskatv.pl\/wp-content\/uploads\/2023\/06\/20230630_093837-01.jpeg 769w, https:\/\/ostrowskatv.pl\/wp-content\/uploads\/2023\/06\/20230630_093837-01-169x300.jpeg 169w, https:\/\/ostrowskatv.pl\/wp-content\/uploads\/2023\/06\/20230630_093837-01-750x1333.jpeg 750w\" sizes=\"auto, (max-width: 769px) 100vw, 769px\" \/><\/p>\n<p><img loading=\"lazy\" decoding=\"async\" src=\"https:\/\/ostrowskatv.pl\/wp-content\/uploads\/2023\/06\/20230630_093848-01.jpeg\" alt=\"\" width=\"1366\" height=\"769\" class=\"alignnone size-full wp-image-25065\" srcset=\"https:\/\/ostrowskatv.pl\/wp-content\/uploads\/2023\/06\/20230630_093848-01.jpeg 1366w, https:\/\/ostrowskatv.pl\/wp-content\/uploads\/2023\/06\/20230630_093848-01-300x169.jpeg 300w, https:\/\/ostrowskatv.pl\/wp-content\/uploads\/2023\/06\/20230630_093848-01-1333x750.jpeg 1333w\" sizes=\"auto, (max-width: 1366px) 100vw, 1366px\" \/><\/p>\n<p><img loading=\"lazy\" decoding=\"async\" src=\"https:\/\/ostrowskatv.pl\/wp-content\/uploads\/2023\/06\/20230630_093850-01.jpeg\" alt=\"\" width=\"1366\" height=\"769\" class=\"alignnone size-full wp-image-25066\" srcset=\"https:\/\/ostrowskatv.pl\/wp-content\/uploads\/2023\/06\/20230630_093850-01.jpeg 1366w, https:\/\/ostrowskatv.pl\/wp-content\/uploads\/2023\/06\/20230630_093850-01-300x169.jpeg 300w, https:\/\/ostrowskatv.pl\/wp-content\/uploads\/2023\/06\/20230630_093850-01-1333x750.jpeg 1333w\" sizes=\"auto, (max-width: 1366px) 100vw, 1366px\" \/><\/p>\n<p><img loading=\"lazy\" decoding=\"async\" src=\"https:\/\/ostrowskatv.pl\/wp-content\/uploads\/2023\/06\/20230630_093931-01.jpeg\" alt=\"\" width=\"1366\" height=\"769\" class=\"alignnone size-full wp-image-25067\" srcset=\"https:\/\/ostrowskatv.pl\/wp-content\/uploads\/2023\/06\/20230630_093931-01.jpeg 1366w, https:\/\/ostrowskatv.pl\/wp-content\/uploads\/2023\/06\/20230630_093931-01-300x169.jpeg 300w, https:\/\/ostrowskatv.pl\/wp-content\/uploads\/2023\/06\/20230630_093931-01-1333x750.jpeg 1333w\" sizes=\"auto, (max-width: 1366px) 100vw, 1366px\" \/><\/p>\n","protected":false},"excerpt":{"rendered":"W pi\u0105tkowy poranek na skrzy\u017cowaniu ulic Limanowskiego oraz \u017beromskiego w Ostrowie Wielkopolskim dosz\u0142o do zderzenia dw\u00f3ch aut osobowych. Jedna osoba zosta\u0142a poszkodowana. Citroen \n<a class=\"moretag\" href=\"https:\/\/ostrowskatv.pl\/?p=25059\"> [...]<\/a>","protected":false},"author":1,"featured_media":25063,"comment_status":"open","ping_status":"closed","sticky":false,"template":"","format":"standard","meta":{"footnotes":""},"categories":[1],"tags":[2,11],"class_list":["post-25059","post","type-post","status-publish","format-standard","has-post-thumbnail","hentry","category-news","tag-ostrow-wielkopolski","tag-wypadek"],"_links":{"self":[{"href":"https:\/\/ostrowskatv.pl\/index.php?rest_route=\/wp\/v2\/posts\/25059","targetHints":{"allow":["GET"]}}],"collection":[{"href":"https:\/\/ostrowskatv.pl\/index.php?rest_route=\/wp\/v2\/posts"}],"about":[{"href":"https:\/\/ostrowskatv.pl\/index.php?rest_route=\/wp\/v2\/types\/post"}],"author":[{"embeddable":true,"href":"https:\/\/ostrowskatv.pl\/index.php?rest_route=\/wp\/v2\/users\/1"}],"replies":[{"embeddable":true,"href":"https:\/\/ostrowskatv.pl\/index.php?rest_route=%2Fwp%2Fv2%2Fcomments&post=25059"}],"version-history":[{"count":0,"href":"https:\/\/ostrowskatv.pl\/index.php?rest_route=\/wp\/v2\/posts\/25059\/revisions"}],"wp:featuredmedia":[{"embeddable":true,"href":"https:\/\/ostrowskatv.pl\/index.php?rest_route=\/wp\/v2\/media\/25063"}],"wp:attachment":[{"href":"https:\/\/ostrowskatv.pl\/index.php?rest_route=%2Fwp%2Fv2%2Fmedia&parent=25059"}],"wp:term":[{"taxonomy":"category","embeddable":true,"href":"https:\/\/ostrowskatv.pl\/index.php?rest_route=%2Fwp%2Fv2%2Fcategories&post=25059"},{"taxonomy":"post_tag","embeddable":true,"href":"https:\/\/ostrowskatv.pl\/index.php?rest_route=%2Fwp%2Fv2%2Ftags&post=25059"}],"curies":[{"name":"wp","href":"https:\/\/api.w.org\/{rel}","templated":true}]}}