{"id":25054,"date":"2023-06-29T20:11:38","date_gmt":"2023-06-29T19:11:38","guid":{"rendered":"https:\/\/ostrowskatv.pl\/?p=25054"},"modified":"2023-06-29T20:11:38","modified_gmt":"2023-06-29T19:11:38","slug":"zderzenie-na-mickiewicza","status":"publish","type":"post","link":"https:\/\/ostrowskatv.pl\/?p=25054","title":{"rendered":"Zderzenie na Mickiewicza"},"content":{"rendered":"<p><strong>W rejonie skrzy\u017cowania Mickiewicza B\u0105ka w Ostrowie Wielkopolskim wyst\u0119puje utrudnienie widoczno\u015bci z powodu zaparkowanych aut. Jedna z kobiet jad\u0105c fordem nie ust\u0105pi\u0142a pierwsze\u0144stwa i doprowadzi\u0142a do zderzenia z fordem galaxy.<\/strong><\/p>\n<p>W kolizji nikt nie ucierpia\u0142. Na miejsce przyjecha\u0142a policja oraz stra\u017c po\u017carna do usuni\u0119cia p\u0142ynu.<\/p>\n<p><img loading=\"lazy\" decoding=\"async\" src=\"https:\/\/ostrowskatv.pl\/wp-content\/uploads\/2023\/06\/20230629_173315-01.jpeg\" alt=\"\" width=\"1366\" height=\"769\" class=\"alignnone size-full wp-image-25055\" srcset=\"https:\/\/ostrowskatv.pl\/wp-content\/uploads\/2023\/06\/20230629_173315-01.jpeg 1366w, https:\/\/ostrowskatv.pl\/wp-content\/uploads\/2023\/06\/20230629_173315-01-300x169.jpeg 300w, https:\/\/ostrowskatv.pl\/wp-content\/uploads\/2023\/06\/20230629_173315-01-1333x750.jpeg 1333w\" sizes=\"auto, (max-width: 1366px) 100vw, 1366px\" \/><\/p>\n<p><img loading=\"lazy\" decoding=\"async\" src=\"https:\/\/ostrowskatv.pl\/wp-content\/uploads\/2023\/06\/20230629_173244-01.jpeg\" alt=\"\" width=\"1366\" height=\"769\" class=\"alignnone size-full wp-image-25056\" srcset=\"https:\/\/ostrowskatv.pl\/wp-content\/uploads\/2023\/06\/20230629_173244-01.jpeg 1366w, https:\/\/ostrowskatv.pl\/wp-content\/uploads\/2023\/06\/20230629_173244-01-300x169.jpeg 300w, https:\/\/ostrowskatv.pl\/wp-content\/uploads\/2023\/06\/20230629_173244-01-1333x750.jpeg 1333w\" sizes=\"auto, (max-width: 1366px) 100vw, 1366px\" \/><\/p>\n<p><img loading=\"lazy\" decoding=\"async\" src=\"https:\/\/ostrowskatv.pl\/wp-content\/uploads\/2023\/06\/IMG-20230629-WA0059-01.jpeg\" alt=\"\" width=\"1366\" height=\"759\" class=\"alignnone size-full wp-image-25057\" srcset=\"https:\/\/ostrowskatv.pl\/wp-content\/uploads\/2023\/06\/IMG-20230629-WA0059-01.jpeg 1366w, https:\/\/ostrowskatv.pl\/wp-content\/uploads\/2023\/06\/IMG-20230629-WA0059-01-300x167.jpeg 300w, https:\/\/ostrowskatv.pl\/wp-content\/uploads\/2023\/06\/IMG-20230629-WA0059-01-1333x741.jpeg 1333w\" sizes=\"auto, (max-width: 1366px) 100vw, 1366px\" \/><\/p>\n","protected":false},"excerpt":{"rendered":"W rejonie skrzy\u017cowania Mickiewicza B\u0105ka w Ostrowie Wielkopolskim wyst\u0119puje utrudnienie widoczno\u015bci z powodu zaparkowanych aut. Jedna z kobiet jad\u0105c fordem nie ust\u0105pi\u0142a pierwsze\u0144stwa \n<a class=\"moretag\" href=\"https:\/\/ostrowskatv.pl\/?p=25054\"> [...]<\/a>","protected":false},"author":1,"featured_media":25057,"comment_status":"open","ping_status":"closed","sticky":false,"template":"","format":"standard","meta":{"footnotes":""},"categories":[1],"tags":[48],"class_list":["post-25054","post","type-post","status-publish","format-standard","has-post-thumbnail","hentry","category-news","tag-kolizja"],"_links":{"self":[{"href":"https:\/\/ostrowskatv.pl\/index.php?rest_route=\/wp\/v2\/posts\/25054","targetHints":{"allow":["GET"]}}],"collection":[{"href":"https:\/\/ostrowskatv.pl\/index.php?rest_route=\/wp\/v2\/posts"}],"about":[{"href":"https:\/\/ostrowskatv.pl\/index.php?rest_route=\/wp\/v2\/types\/post"}],"author":[{"embeddable":true,"href":"https:\/\/ostrowskatv.pl\/index.php?rest_route=\/wp\/v2\/users\/1"}],"replies":[{"embeddable":true,"href":"https:\/\/ostrowskatv.pl\/index.php?rest_route=%2Fwp%2Fv2%2Fcomments&post=25054"}],"version-history":[{"count":0,"href":"https:\/\/ostrowskatv.pl\/index.php?rest_route=\/wp\/v2\/posts\/25054\/revisions"}],"wp:featuredmedia":[{"embeddable":true,"href":"https:\/\/ostrowskatv.pl\/index.php?rest_route=\/wp\/v2\/media\/25057"}],"wp:attachment":[{"href":"https:\/\/ostrowskatv.pl\/index.php?rest_route=%2Fwp%2Fv2%2Fmedia&parent=25054"}],"wp:term":[{"taxonomy":"category","embeddable":true,"href":"https:\/\/ostrowskatv.pl\/index.php?rest_route=%2Fwp%2Fv2%2Fcategories&post=25054"},{"taxonomy":"post_tag","embeddable":true,"href":"https:\/\/ostrowskatv.pl\/index.php?rest_route=%2Fwp%2Fv2%2Ftags&post=25054"}],"curies":[{"name":"wp","href":"https:\/\/api.w.org\/{rel}","templated":true}]}}