{"id":25043,"date":"2023-06-29T15:23:33","date_gmt":"2023-06-29T14:23:33","guid":{"rendered":"https:\/\/ostrowskatv.pl\/?p=25043"},"modified":"2023-06-29T15:23:33","modified_gmt":"2023-06-29T14:23:33","slug":"kolejne-dwa-wypadku-na-traugutta-i-kordeckiego","status":"publish","type":"post","link":"https:\/\/ostrowskatv.pl\/?p=25043","title":{"rendered":"Kolejne dwa wypadku na Traugutta i Kordeckiego"},"content":{"rendered":"<p><strong>W \u015brod\u0119 i czwartek dosz\u0142o do dw\u00f3ch kolejnych zdarze\u0144 drogowych na skrzy\u017cowaniu ulic Kordeckiego i Traugutta w Ostrowie Wielkopolskim. Wszystko za spraw\u0105 wy\u0142\u0105czonych \u015bwiate\u0142 i ignorowaniu znaku STOP.<\/strong><\/p>\n<p>W \u015brod\u0119 zderzy\u0142y si\u0119 tam renault oraz jeep. Do obs\u0142ugi zdarzenia potrzebna by\u0142a tylko policja, poniewa\u017c nikt nie uskar\u017ca\u0142 si\u0119 na dolegliwo\u015bci b\u00f3lowe.<\/p>\n<p>Sprawc\u0105 okaza\u0142 si\u0119 kierowca jeepa. Renault jecha\u0142o w stron\u0119 Krotoszy\u0144skiej. <\/p>\n<p><img loading=\"lazy\" decoding=\"async\" src=\"https:\/\/ostrowskatv.pl\/wp-content\/uploads\/2023\/06\/Traug1.jpeg\" alt=\"\" width=\"1024\" height=\"632\" class=\"alignnone size-full wp-image-25044\" srcset=\"https:\/\/ostrowskatv.pl\/wp-content\/uploads\/2023\/06\/Traug1.jpeg 1024w, https:\/\/ostrowskatv.pl\/wp-content\/uploads\/2023\/06\/Traug1-300x185.jpeg 300w\" sizes=\"auto, (max-width: 1024px) 100vw, 1024px\" \/><\/p>\n<p><img loading=\"lazy\" decoding=\"async\" src=\"https:\/\/ostrowskatv.pl\/wp-content\/uploads\/2023\/06\/Traug2.jpeg\" alt=\"\" width=\"754\" height=\"547\" class=\"alignnone size-full wp-image-25045\" srcset=\"https:\/\/ostrowskatv.pl\/wp-content\/uploads\/2023\/06\/Traug2.jpeg 754w, https:\/\/ostrowskatv.pl\/wp-content\/uploads\/2023\/06\/Traug2-300x218.jpeg 300w\" sizes=\"auto, (max-width: 754px) 100vw, 754px\" \/><\/p>\n<p><img loading=\"lazy\" decoding=\"async\" src=\"https:\/\/ostrowskatv.pl\/wp-content\/uploads\/2023\/06\/Traug3.jpeg\" alt=\"\" width=\"1024\" height=\"768\" class=\"alignnone size-full wp-image-25046\" srcset=\"https:\/\/ostrowskatv.pl\/wp-content\/uploads\/2023\/06\/Traug3.jpeg 1024w, https:\/\/ostrowskatv.pl\/wp-content\/uploads\/2023\/06\/Traug3-300x225.jpeg 300w\" sizes=\"auto, (max-width: 1024px) 100vw, 1024px\" \/><\/p>\n<p><img loading=\"lazy\" decoding=\"async\" src=\"https:\/\/ostrowskatv.pl\/wp-content\/uploads\/2023\/06\/Traug4.jpeg\" alt=\"\" width=\"607\" height=\"544\" class=\"alignnone size-full wp-image-25047\" srcset=\"https:\/\/ostrowskatv.pl\/wp-content\/uploads\/2023\/06\/Traug4.jpeg 607w, https:\/\/ostrowskatv.pl\/wp-content\/uploads\/2023\/06\/Traug4-300x269.jpeg 300w\" sizes=\"auto, (max-width: 607px) 100vw, 607px\" \/><\/p>\n<p><img loading=\"lazy\" decoding=\"async\" src=\"https:\/\/ostrowskatv.pl\/wp-content\/uploads\/2023\/06\/Traug5.jpeg\" alt=\"\" width=\"1024\" height=\"577\" class=\"alignnone size-full wp-image-25048\" srcset=\"https:\/\/ostrowskatv.pl\/wp-content\/uploads\/2023\/06\/Traug5.jpeg 1024w, https:\/\/ostrowskatv.pl\/wp-content\/uploads\/2023\/06\/Traug5-300x169.jpeg 300w, https:\/\/ostrowskatv.pl\/wp-content\/uploads\/2023\/06\/Traug5-388x220.jpeg 388w\" sizes=\"auto, (max-width: 1024px) 100vw, 1024px\" \/><\/p>\n<p>Dzi\u015b o godzinie 15 kierowca mercedesa jad\u0105c od urz\u0119du skarbowego &#8222;jecha\u0142 wolno&#8221; i mimo to nie ust\u0105pi\u0142 pierwsze\u0144stwa renault, kt\u00f3rym podr\u00f3\u017cowa\u0142a kobieta. Poszkodowana poprosi\u0142a o karetk\u0119 z powodu b\u00f3lu spowodowanego uderzeniem poduszki powietrznej.<\/p>\n<p><img loading=\"lazy\" decoding=\"async\" src=\"https:\/\/ostrowskatv.pl\/wp-content\/uploads\/2023\/06\/20230629_150450-01.jpeg\" alt=\"\" width=\"1366\" height=\"803\" class=\"alignnone size-full wp-image-25049\" srcset=\"https:\/\/ostrowskatv.pl\/wp-content\/uploads\/2023\/06\/20230629_150450-01.jpeg 1366w, https:\/\/ostrowskatv.pl\/wp-content\/uploads\/2023\/06\/20230629_150450-01-300x176.jpeg 300w, https:\/\/ostrowskatv.pl\/wp-content\/uploads\/2023\/06\/20230629_150450-01-1333x784.jpeg 1333w\" sizes=\"auto, (max-width: 1366px) 100vw, 1366px\" \/><\/p>\n<p><img loading=\"lazy\" decoding=\"async\" src=\"https:\/\/ostrowskatv.pl\/wp-content\/uploads\/2023\/06\/20230629_150453-01.jpeg\" alt=\"\" width=\"1366\" height=\"769\" class=\"alignnone size-full wp-image-25050\" srcset=\"https:\/\/ostrowskatv.pl\/wp-content\/uploads\/2023\/06\/20230629_150453-01.jpeg 1366w, https:\/\/ostrowskatv.pl\/wp-content\/uploads\/2023\/06\/20230629_150453-01-300x169.jpeg 300w, https:\/\/ostrowskatv.pl\/wp-content\/uploads\/2023\/06\/20230629_150453-01-1333x750.jpeg 1333w\" sizes=\"auto, (max-width: 1366px) 100vw, 1366px\" \/><\/p>\n<p><img loading=\"lazy\" decoding=\"async\" src=\"https:\/\/ostrowskatv.pl\/wp-content\/uploads\/2023\/06\/20230629_150613-01.jpeg\" alt=\"\" width=\"952\" height=\"1365\" class=\"alignnone size-full wp-image-25051\" srcset=\"https:\/\/ostrowskatv.pl\/wp-content\/uploads\/2023\/06\/20230629_150613-01.jpeg 952w, https:\/\/ostrowskatv.pl\/wp-content\/uploads\/2023\/06\/20230629_150613-01-209x300.jpeg 209w, https:\/\/ostrowskatv.pl\/wp-content\/uploads\/2023\/06\/20230629_150613-01-930x1333.jpeg 930w\" sizes=\"auto, (max-width: 952px) 100vw, 952px\" \/><\/p>\n<p><img loading=\"lazy\" decoding=\"async\" src=\"https:\/\/ostrowskatv.pl\/wp-content\/uploads\/2023\/06\/20230629_150633-01.jpeg\" alt=\"\" width=\"1366\" height=\"593\" class=\"alignnone size-full wp-image-25052\" srcset=\"https:\/\/ostrowskatv.pl\/wp-content\/uploads\/2023\/06\/20230629_150633-01.jpeg 1366w, https:\/\/ostrowskatv.pl\/wp-content\/uploads\/2023\/06\/20230629_150633-01-300x130.jpeg 300w, https:\/\/ostrowskatv.pl\/wp-content\/uploads\/2023\/06\/20230629_150633-01-1333x579.jpeg 1333w\" sizes=\"auto, (max-width: 1366px) 100vw, 1366px\" \/><\/p>\n","protected":false},"excerpt":{"rendered":"W \u015brod\u0119 i czwartek dosz\u0142o do dw\u00f3ch kolejnych zdarze\u0144 drogowych na skrzy\u017cowaniu ulic Kordeckiego i Traugutta w Ostrowie Wielkopolskim. Wszystko za spraw\u0105 wy\u0142\u0105czonych \n<a class=\"moretag\" href=\"https:\/\/ostrowskatv.pl\/?p=25043\"> [...]<\/a>","protected":false},"author":1,"featured_media":25049,"comment_status":"open","ping_status":"closed","sticky":false,"template":"","format":"standard","meta":{"footnotes":""},"categories":[1],"tags":[11],"class_list":["post-25043","post","type-post","status-publish","format-standard","has-post-thumbnail","hentry","category-news","tag-wypadek"],"_links":{"self":[{"href":"https:\/\/ostrowskatv.pl\/index.php?rest_route=\/wp\/v2\/posts\/25043","targetHints":{"allow":["GET"]}}],"collection":[{"href":"https:\/\/ostrowskatv.pl\/index.php?rest_route=\/wp\/v2\/posts"}],"about":[{"href":"https:\/\/ostrowskatv.pl\/index.php?rest_route=\/wp\/v2\/types\/post"}],"author":[{"embeddable":true,"href":"https:\/\/ostrowskatv.pl\/index.php?rest_route=\/wp\/v2\/users\/1"}],"replies":[{"embeddable":true,"href":"https:\/\/ostrowskatv.pl\/index.php?rest_route=%2Fwp%2Fv2%2Fcomments&post=25043"}],"version-history":[{"count":0,"href":"https:\/\/ostrowskatv.pl\/index.php?rest_route=\/wp\/v2\/posts\/25043\/revisions"}],"wp:featuredmedia":[{"embeddable":true,"href":"https:\/\/ostrowskatv.pl\/index.php?rest_route=\/wp\/v2\/media\/25049"}],"wp:attachment":[{"href":"https:\/\/ostrowskatv.pl\/index.php?rest_route=%2Fwp%2Fv2%2Fmedia&parent=25043"}],"wp:term":[{"taxonomy":"category","embeddable":true,"href":"https:\/\/ostrowskatv.pl\/index.php?rest_route=%2Fwp%2Fv2%2Fcategories&post=25043"},{"taxonomy":"post_tag","embeddable":true,"href":"https:\/\/ostrowskatv.pl\/index.php?rest_route=%2Fwp%2Fv2%2Ftags&post=25043"}],"curies":[{"name":"wp","href":"https:\/\/api.w.org\/{rel}","templated":true}]}}