{"id":25023,"date":"2023-06-28T06:37:14","date_gmt":"2023-06-28T05:37:14","guid":{"rendered":"https:\/\/ostrowskatv.pl\/?p=25023"},"modified":"2023-06-28T06:37:14","modified_gmt":"2023-06-28T05:37:14","slug":"prawie-wbiegl-pod-pociag","status":"publish","type":"post","link":"https:\/\/ostrowskatv.pl\/?p=25023","title":{"rendered":"Prawie wbieg\u0142 pod poci\u0105g"},"content":{"rendered":"<p><strong>We wtorek chwil\u0119 po godzinie 23 na ostrowskim dworcu dosz\u0142o do niebezpiecznej sytuacji. Jeden z m\u0119\u017cczyzn (w wieku oko\u0142o 30 lat) by\u0142 mocno pobudzony. Zacz\u0105\u0142 biega\u0107 po peronie. <\/strong><\/p>\n<p>W pewnym momencie gdy jecha\u0142 poci\u0105g m\u0119\u017cczyzna wygl\u0105da\u0142 jakby chcia\u0142 si\u0119 rzuci\u0107 pod niego. Powstrzyma\u0142a go ochrona dworca. <\/p>\n<p>Na miejsce wys\u0142ano policj\u0119 bo obezw\u0142adnienia m\u0119\u017cczyzny i zabezpieczenia go do czasu przyjazdu karetki pogotowia ratunkowego. Po zbadaniu podj\u0119to decyzj\u0119, \u017ce noc sp\u0119dzi na policyjnym do\u0142ku. <\/p>\n<p>Jest prawdopodobne, \u017ce wcze\u015bniej za\u017cy\u0142 jakie\u015b substancje.<\/p>\n<p><img loading=\"lazy\" decoding=\"async\" src=\"https:\/\/ostrowskatv.pl\/wp-content\/uploads\/2023\/06\/20230627_232844-01.jpeg\" alt=\"\" width=\"1366\" height=\"780\" class=\"alignnone size-full wp-image-25024\" srcset=\"https:\/\/ostrowskatv.pl\/wp-content\/uploads\/2023\/06\/20230627_232844-01.jpeg 1366w, https:\/\/ostrowskatv.pl\/wp-content\/uploads\/2023\/06\/20230627_232844-01-300x171.jpeg 300w, https:\/\/ostrowskatv.pl\/wp-content\/uploads\/2023\/06\/20230627_232844-01-1333x761.jpeg 1333w\" sizes=\"auto, (max-width: 1366px) 100vw, 1366px\" \/><\/p>\n<p><img loading=\"lazy\" decoding=\"async\" src=\"https:\/\/ostrowskatv.pl\/wp-content\/uploads\/2023\/06\/20230627_232837-01.jpeg\" alt=\"\" width=\"1366\" height=\"607\" class=\"alignnone size-full wp-image-25025\" srcset=\"https:\/\/ostrowskatv.pl\/wp-content\/uploads\/2023\/06\/20230627_232837-01.jpeg 1366w, https:\/\/ostrowskatv.pl\/wp-content\/uploads\/2023\/06\/20230627_232837-01-300x133.jpeg 300w, https:\/\/ostrowskatv.pl\/wp-content\/uploads\/2023\/06\/20230627_232837-01-1333x592.jpeg 1333w\" sizes=\"auto, (max-width: 1366px) 100vw, 1366px\" \/><\/p>\n<p><img loading=\"lazy\" decoding=\"async\" src=\"https:\/\/ostrowskatv.pl\/wp-content\/uploads\/2023\/06\/20230627_232814-01.jpeg\" alt=\"\" width=\"1366\" height=\"672\" class=\"alignnone size-full wp-image-25026\" srcset=\"https:\/\/ostrowskatv.pl\/wp-content\/uploads\/2023\/06\/20230627_232814-01.jpeg 1366w, https:\/\/ostrowskatv.pl\/wp-content\/uploads\/2023\/06\/20230627_232814-01-300x148.jpeg 300w, https:\/\/ostrowskatv.pl\/wp-content\/uploads\/2023\/06\/20230627_232814-01-1333x656.jpeg 1333w\" sizes=\"auto, (max-width: 1366px) 100vw, 1366px\" \/><\/p>\n","protected":false},"excerpt":{"rendered":"We wtorek chwil\u0119 po godzinie 23 na ostrowskim dworcu dosz\u0142o do niebezpiecznej sytuacji. Jeden z m\u0119\u017cczyzn (w wieku oko\u0142o 30 lat) by\u0142 mocno \n<a class=\"moretag\" href=\"https:\/\/ostrowskatv.pl\/?p=25023\"> [...]<\/a>","protected":false},"author":1,"featured_media":25026,"comment_status":"open","ping_status":"closed","sticky":false,"template":"","format":"standard","meta":{"footnotes":""},"categories":[1],"tags":[2],"class_list":["post-25023","post","type-post","status-publish","format-standard","has-post-thumbnail","hentry","category-news","tag-ostrow-wielkopolski"],"_links":{"self":[{"href":"https:\/\/ostrowskatv.pl\/index.php?rest_route=\/wp\/v2\/posts\/25023","targetHints":{"allow":["GET"]}}],"collection":[{"href":"https:\/\/ostrowskatv.pl\/index.php?rest_route=\/wp\/v2\/posts"}],"about":[{"href":"https:\/\/ostrowskatv.pl\/index.php?rest_route=\/wp\/v2\/types\/post"}],"author":[{"embeddable":true,"href":"https:\/\/ostrowskatv.pl\/index.php?rest_route=\/wp\/v2\/users\/1"}],"replies":[{"embeddable":true,"href":"https:\/\/ostrowskatv.pl\/index.php?rest_route=%2Fwp%2Fv2%2Fcomments&post=25023"}],"version-history":[{"count":0,"href":"https:\/\/ostrowskatv.pl\/index.php?rest_route=\/wp\/v2\/posts\/25023\/revisions"}],"wp:featuredmedia":[{"embeddable":true,"href":"https:\/\/ostrowskatv.pl\/index.php?rest_route=\/wp\/v2\/media\/25026"}],"wp:attachment":[{"href":"https:\/\/ostrowskatv.pl\/index.php?rest_route=%2Fwp%2Fv2%2Fmedia&parent=25023"}],"wp:term":[{"taxonomy":"category","embeddable":true,"href":"https:\/\/ostrowskatv.pl\/index.php?rest_route=%2Fwp%2Fv2%2Fcategories&post=25023"},{"taxonomy":"post_tag","embeddable":true,"href":"https:\/\/ostrowskatv.pl\/index.php?rest_route=%2Fwp%2Fv2%2Ftags&post=25023"}],"curies":[{"name":"wp","href":"https:\/\/api.w.org\/{rel}","templated":true}]}}