{"id":25005,"date":"2023-06-27T18:13:46","date_gmt":"2023-06-27T17:13:46","guid":{"rendered":"https:\/\/ostrowskatv.pl\/?p=25005"},"modified":"2023-06-27T18:14:15","modified_gmt":"2023-06-27T17:14:15","slug":"matka-utoneli-ratujac-syna","status":"publish","type":"post","link":"https:\/\/ostrowskatv.pl\/?p=25005","title":{"rendered":"Matka uton\u0119\u0142a ratuj\u0105c syna"},"content":{"rendered":"<p><strong>Do olbrzymiej tragedii dosz\u0142o we wtorkowe popo\u0142udnie. W Pro\u015bnie uton\u0119\u0142a kobieta, kt\u00f3ra chwil\u0119 wcze\u015bniej ratowa\u0142a syna.<\/strong><\/p>\n<p>Oko\u0142o godziny 17 do rzeki Prosny na wysoko\u015bci kaliskiego Parku Miejskiego wszed\u0142 10-letni ch\u0142opiec. Jak si\u0119 p\u00f3\u017aniej okaza\u0142o, dziecko jest chore na autyzm. Jego matka natychmiast wskoczy\u0142a do wody i zacz\u0119\u0142a krzycze\u0107 prosz\u0105c o pomoc.<\/p>\n<p>Jej krzyki rozpaczy wspomog\u0142y matki, kt\u00f3re akurat by\u0142y na spacerze ze swoimi niemowl\u0119tami. W ko\u0144cu ich wo\u0142anie o pomoc us\u0142ysza\u0142 m\u0142ody m\u0119\u017cczyzna, kt\u00f3ry wskoczy\u0142 do wody. Brodz\u0105c po szyj\u0119 w wodzie pr\u00f3bowa\u0142 wyczu\u0107 nogami kobiet\u0119. Niestety nie uda\u0142o mu si\u0119. <\/p>\n<p>Nieoficjalnie wiadomo, \u017ce nurek z grupy wodno-nurkowej stra\u017cy po\u017carnej znalaz\u0142 cia\u0142o w zag\u0142\u0119bieniu. Dni by\u0142o pokryte mu\u0142em. <\/p>\n<p>Na brzegu zgromadzi\u0142o si\u0119 pe\u0142ni ludzi, ale poza jednym m\u0119\u017cczyzn\u0105 nikt nie podj\u0105\u0142 pr\u00f3by jej uratowania. <\/p>\n<p><img loading=\"lazy\" decoding=\"async\" src=\"https:\/\/ostrowskatv.pl\/wp-content\/uploads\/2023\/06\/20230627_183234-01.jpeg\" alt=\"\" width=\"1366\" height=\"769\" class=\"alignnone size-full wp-image-25006\" srcset=\"https:\/\/ostrowskatv.pl\/wp-content\/uploads\/2023\/06\/20230627_183234-01.jpeg 1366w, https:\/\/ostrowskatv.pl\/wp-content\/uploads\/2023\/06\/20230627_183234-01-300x169.jpeg 300w, https:\/\/ostrowskatv.pl\/wp-content\/uploads\/2023\/06\/20230627_183234-01-1333x750.jpeg 1333w\" sizes=\"auto, (max-width: 1366px) 100vw, 1366px\" \/><\/p>\n<p><img loading=\"lazy\" decoding=\"async\" src=\"https:\/\/ostrowskatv.pl\/wp-content\/uploads\/2023\/06\/20230627_183237-01.jpeg\" alt=\"\" width=\"1366\" height=\"769\" class=\"alignnone size-full wp-image-25007\" srcset=\"https:\/\/ostrowskatv.pl\/wp-content\/uploads\/2023\/06\/20230627_183237-01.jpeg 1366w, https:\/\/ostrowskatv.pl\/wp-content\/uploads\/2023\/06\/20230627_183237-01-300x169.jpeg 300w, https:\/\/ostrowskatv.pl\/wp-content\/uploads\/2023\/06\/20230627_183237-01-1333x750.jpeg 1333w\" sizes=\"auto, (max-width: 1366px) 100vw, 1366px\" \/><\/p>\n<p><img loading=\"lazy\" decoding=\"async\" src=\"https:\/\/ostrowskatv.pl\/wp-content\/uploads\/2023\/06\/20230627_183244-01.jpeg\" alt=\"\" width=\"1366\" height=\"690\" class=\"alignnone size-full wp-image-25008\" srcset=\"https:\/\/ostrowskatv.pl\/wp-content\/uploads\/2023\/06\/20230627_183244-01.jpeg 1366w, https:\/\/ostrowskatv.pl\/wp-content\/uploads\/2023\/06\/20230627_183244-01-300x152.jpeg 300w, https:\/\/ostrowskatv.pl\/wp-content\/uploads\/2023\/06\/20230627_183244-01-1333x673.jpeg 1333w\" sizes=\"auto, (max-width: 1366px) 100vw, 1366px\" \/><\/p>\n<p><img loading=\"lazy\" decoding=\"async\" src=\"https:\/\/ostrowskatv.pl\/wp-content\/uploads\/2023\/06\/20230627_183247-01.jpeg\" alt=\"\" width=\"1366\" height=\"590\" class=\"alignnone size-full wp-image-25009\" srcset=\"https:\/\/ostrowskatv.pl\/wp-content\/uploads\/2023\/06\/20230627_183247-01.jpeg 1366w, https:\/\/ostrowskatv.pl\/wp-content\/uploads\/2023\/06\/20230627_183247-01-300x130.jpeg 300w, https:\/\/ostrowskatv.pl\/wp-content\/uploads\/2023\/06\/20230627_183247-01-1333x576.jpeg 1333w\" sizes=\"auto, (max-width: 1366px) 100vw, 1366px\" \/><\/p>\n<p><img loading=\"lazy\" decoding=\"async\" src=\"https:\/\/ostrowskatv.pl\/wp-content\/uploads\/2023\/06\/20230627_183251-01.jpeg\" alt=\"\" width=\"1366\" height=\"769\" class=\"alignnone size-full wp-image-25010\" srcset=\"https:\/\/ostrowskatv.pl\/wp-content\/uploads\/2023\/06\/20230627_183251-01.jpeg 1366w, https:\/\/ostrowskatv.pl\/wp-content\/uploads\/2023\/06\/20230627_183251-01-300x169.jpeg 300w, https:\/\/ostrowskatv.pl\/wp-content\/uploads\/2023\/06\/20230627_183251-01-1333x750.jpeg 1333w\" sizes=\"auto, (max-width: 1366px) 100vw, 1366px\" \/><\/p>\n<p><img loading=\"lazy\" decoding=\"async\" src=\"https:\/\/ostrowskatv.pl\/wp-content\/uploads\/2023\/06\/20230627_183300-01.jpeg\" alt=\"\" width=\"1366\" height=\"769\" class=\"alignnone size-full wp-image-25011\" srcset=\"https:\/\/ostrowskatv.pl\/wp-content\/uploads\/2023\/06\/20230627_183300-01.jpeg 1366w, https:\/\/ostrowskatv.pl\/wp-content\/uploads\/2023\/06\/20230627_183300-01-300x169.jpeg 300w, https:\/\/ostrowskatv.pl\/wp-content\/uploads\/2023\/06\/20230627_183300-01-1333x750.jpeg 1333w\" sizes=\"auto, (max-width: 1366px) 100vw, 1366px\" \/><\/p>\n","protected":false},"excerpt":{"rendered":"Do olbrzymiej tragedii dosz\u0142o we wtorkowe popo\u0142udnie. W Pro\u015bnie uton\u0119\u0142a kobieta, kt\u00f3ra chwil\u0119 wcze\u015bniej ratowa\u0142a syna. Oko\u0142o godziny 17 do rzeki Prosny na \n<a class=\"moretag\" href=\"https:\/\/ostrowskatv.pl\/?p=25005\"> [...]<\/a>","protected":false},"author":1,"featured_media":25008,"comment_status":"open","ping_status":"closed","sticky":false,"template":"","format":"standard","meta":{"footnotes":""},"categories":[1],"tags":[80],"class_list":["post-25005","post","type-post","status-publish","format-standard","has-post-thumbnail","hentry","category-news","tag-kalisz"],"_links":{"self":[{"href":"https:\/\/ostrowskatv.pl\/index.php?rest_route=\/wp\/v2\/posts\/25005","targetHints":{"allow":["GET"]}}],"collection":[{"href":"https:\/\/ostrowskatv.pl\/index.php?rest_route=\/wp\/v2\/posts"}],"about":[{"href":"https:\/\/ostrowskatv.pl\/index.php?rest_route=\/wp\/v2\/types\/post"}],"author":[{"embeddable":true,"href":"https:\/\/ostrowskatv.pl\/index.php?rest_route=\/wp\/v2\/users\/1"}],"replies":[{"embeddable":true,"href":"https:\/\/ostrowskatv.pl\/index.php?rest_route=%2Fwp%2Fv2%2Fcomments&post=25005"}],"version-history":[{"count":0,"href":"https:\/\/ostrowskatv.pl\/index.php?rest_route=\/wp\/v2\/posts\/25005\/revisions"}],"wp:featuredmedia":[{"embeddable":true,"href":"https:\/\/ostrowskatv.pl\/index.php?rest_route=\/wp\/v2\/media\/25008"}],"wp:attachment":[{"href":"https:\/\/ostrowskatv.pl\/index.php?rest_route=%2Fwp%2Fv2%2Fmedia&parent=25005"}],"wp:term":[{"taxonomy":"category","embeddable":true,"href":"https:\/\/ostrowskatv.pl\/index.php?rest_route=%2Fwp%2Fv2%2Fcategories&post=25005"},{"taxonomy":"post_tag","embeddable":true,"href":"https:\/\/ostrowskatv.pl\/index.php?rest_route=%2Fwp%2Fv2%2Ftags&post=25005"}],"curies":[{"name":"wp","href":"https:\/\/api.w.org\/{rel}","templated":true}]}}