{"id":24994,"date":"2023-06-23T15:12:15","date_gmt":"2023-06-23T14:12:15","guid":{"rendered":"https:\/\/ostrowskatv.pl\/?p=24994"},"modified":"2023-06-23T15:12:15","modified_gmt":"2023-06-23T14:12:15","slug":"pelno-sluzb-do-takiego-zdarzenia","status":"publish","type":"post","link":"https:\/\/ostrowskatv.pl\/?p=24994","title":{"rendered":"Pe\u0142no s\u0142u\u017cb do TAKIEGO zdarzenia"},"content":{"rendered":"<p>Trudno w to uwierzy\u0107, ale do poni\u017cszego zdarzenia zadysponowano dwa wozy stra\u017cy po\u017carnej, karetk\u0119 pogotowia ratunkowego oraz dwa radiowozy policji. C\u00f3\u017c strasznego si\u0119 sta\u0142o? <\/p>\n<p>Na ulic\u0119 \u017bwirki z drogi dojazdowej do pobliskiej posesji wyjecha\u0142 12-letni rowerzysta. Uderzy\u0142 w prawe przednie nadkole samochodu osobowego. Po zdarzeniu pr\u00f3bowa\u0142 si\u0119 oddali\u0107.<\/p>\n<p>Kierowca samochodu osobowego racjonalnie opisa\u0142 sytuacj\u0119, nic nie ubarwiaj\u0105c. Mimo to dyspozytor numer alarmowego 112 postanowi\u0142 zadysponowa\u0107 wspomniane s\u0142u\u017cby. Stra\u017cak\u00f3w mo\u017cna by t\u0142umaczy\u0107 gdyby nie by\u0142o dost\u0119pnej karetki, ale ta dojecha\u0142a jako pierwsza.<\/p>\n<p>M\u0142odzieniec by\u0142 przytomny i mia\u0142 krwiaka na prawym policzku. Nie mia\u0142 kasku. <\/p>\n<p><img loading=\"lazy\" decoding=\"async\" src=\"https:\/\/ostrowskatv.pl\/wp-content\/uploads\/2023\/06\/20230623_152709-02.jpeg\" alt=\"\" width=\"1366\" height=\"1095\" class=\"alignnone size-full wp-image-24995\" srcset=\"https:\/\/ostrowskatv.pl\/wp-content\/uploads\/2023\/06\/20230623_152709-02.jpeg 1366w, https:\/\/ostrowskatv.pl\/wp-content\/uploads\/2023\/06\/20230623_152709-02-300x240.jpeg 300w, https:\/\/ostrowskatv.pl\/wp-content\/uploads\/2023\/06\/20230623_152709-02-1333x1069.jpeg 1333w\" sizes=\"auto, (max-width: 1366px) 100vw, 1366px\" \/><\/p>\n<p><img loading=\"lazy\" decoding=\"async\" src=\"https:\/\/ostrowskatv.pl\/wp-content\/uploads\/2023\/06\/20230623_152845-01.jpeg\" alt=\"\" width=\"1366\" height=\"693\" class=\"alignnone size-full wp-image-24996\" srcset=\"https:\/\/ostrowskatv.pl\/wp-content\/uploads\/2023\/06\/20230623_152845-01.jpeg 1366w, https:\/\/ostrowskatv.pl\/wp-content\/uploads\/2023\/06\/20230623_152845-01-300x152.jpeg 300w, https:\/\/ostrowskatv.pl\/wp-content\/uploads\/2023\/06\/20230623_152845-01-1333x676.jpeg 1333w\" sizes=\"auto, (max-width: 1366px) 100vw, 1366px\" \/><\/p>\n<p><img loading=\"lazy\" decoding=\"async\" src=\"https:\/\/ostrowskatv.pl\/wp-content\/uploads\/2023\/06\/20230623_153117-01.jpeg\" alt=\"\" width=\"1366\" height=\"838\" class=\"alignnone size-full wp-image-24997\" srcset=\"https:\/\/ostrowskatv.pl\/wp-content\/uploads\/2023\/06\/20230623_153117-01.jpeg 1366w, https:\/\/ostrowskatv.pl\/wp-content\/uploads\/2023\/06\/20230623_153117-01-300x184.jpeg 300w, https:\/\/ostrowskatv.pl\/wp-content\/uploads\/2023\/06\/20230623_153117-01-1333x818.jpeg 1333w\" sizes=\"auto, (max-width: 1366px) 100vw, 1366px\" \/><\/p>\n<p><img loading=\"lazy\" decoding=\"async\" src=\"https:\/\/ostrowskatv.pl\/wp-content\/uploads\/2023\/06\/20230623_153137-01.jpeg\" alt=\"\" width=\"1366\" height=\"769\" class=\"alignnone size-full wp-image-24998\" srcset=\"https:\/\/ostrowskatv.pl\/wp-content\/uploads\/2023\/06\/20230623_153137-01.jpeg 1366w, https:\/\/ostrowskatv.pl\/wp-content\/uploads\/2023\/06\/20230623_153137-01-300x169.jpeg 300w, https:\/\/ostrowskatv.pl\/wp-content\/uploads\/2023\/06\/20230623_153137-01-1333x750.jpeg 1333w\" sizes=\"auto, (max-width: 1366px) 100vw, 1366px\" \/><\/p>\n","protected":false},"excerpt":{"rendered":"Trudno w to uwierzy\u0107, ale do poni\u017cszego zdarzenia zadysponowano dwa wozy stra\u017cy po\u017carnej, karetk\u0119 pogotowia ratunkowego oraz dwa radiowozy policji. C\u00f3\u017c strasznego si\u0119 \n<a class=\"moretag\" href=\"https:\/\/ostrowskatv.pl\/?p=24994\"> [...]<\/a>","protected":false},"author":1,"featured_media":24996,"comment_status":"open","ping_status":"closed","sticky":false,"template":"","format":"standard","meta":{"footnotes":""},"categories":[1],"tags":[2],"class_list":["post-24994","post","type-post","status-publish","format-standard","has-post-thumbnail","hentry","category-news","tag-ostrow-wielkopolski"],"_links":{"self":[{"href":"https:\/\/ostrowskatv.pl\/index.php?rest_route=\/wp\/v2\/posts\/24994","targetHints":{"allow":["GET"]}}],"collection":[{"href":"https:\/\/ostrowskatv.pl\/index.php?rest_route=\/wp\/v2\/posts"}],"about":[{"href":"https:\/\/ostrowskatv.pl\/index.php?rest_route=\/wp\/v2\/types\/post"}],"author":[{"embeddable":true,"href":"https:\/\/ostrowskatv.pl\/index.php?rest_route=\/wp\/v2\/users\/1"}],"replies":[{"embeddable":true,"href":"https:\/\/ostrowskatv.pl\/index.php?rest_route=%2Fwp%2Fv2%2Fcomments&post=24994"}],"version-history":[{"count":0,"href":"https:\/\/ostrowskatv.pl\/index.php?rest_route=\/wp\/v2\/posts\/24994\/revisions"}],"wp:featuredmedia":[{"embeddable":true,"href":"https:\/\/ostrowskatv.pl\/index.php?rest_route=\/wp\/v2\/media\/24996"}],"wp:attachment":[{"href":"https:\/\/ostrowskatv.pl\/index.php?rest_route=%2Fwp%2Fv2%2Fmedia&parent=24994"}],"wp:term":[{"taxonomy":"category","embeddable":true,"href":"https:\/\/ostrowskatv.pl\/index.php?rest_route=%2Fwp%2Fv2%2Fcategories&post=24994"},{"taxonomy":"post_tag","embeddable":true,"href":"https:\/\/ostrowskatv.pl\/index.php?rest_route=%2Fwp%2Fv2%2Ftags&post=24994"}],"curies":[{"name":"wp","href":"https:\/\/api.w.org\/{rel}","templated":true}]}}