{"id":24972,"date":"2023-06-21T19:22:59","date_gmt":"2023-06-21T18:22:59","guid":{"rendered":"https:\/\/ostrowskatv.pl\/?p=24972"},"modified":"2023-06-21T19:51:42","modified_gmt":"2023-06-21T18:51:42","slug":"wichura-zerwala-dachy-z-remizy-osp-i-domu","status":"publish","type":"post","link":"https:\/\/ostrowskatv.pl\/?p=24972","title":{"rendered":"Wichura zerwa\u0142a dachy z remizy OSP i domu"},"content":{"rendered":"<p>Przez granic\u0119 powiat\u00f3w pleszewskiego i ostrowskiego przesz\u0142a gwa\u0142towna wichura. Najpierw w miejscowo\u015bci Sowina wiatr zerwa\u0142 ca\u0142\u0105 po\u0142a\u0107 dachu, a w Sob\u00f3tce odlecia\u0142a po\u0142owa powierzchni dachu.<\/p>\n<p>Wiatr z ulewnym deszczem pojawi\u0142 si\u0119 przez godzin\u0105 18. W\u0142a\u015bcicieli nie by\u0142o akurat w domu. Gdy wr\u00f3cili ujrzeli, \u017ce remontowany trzy lata temu dach odlecia\u0142. Spad\u0142 w pobli\u017cu niszcz\u0105c ogrodzenie. Szcz\u0119\u015bliwie nikt nie ucierpia\u0142.<\/p>\n<p><img loading=\"lazy\" decoding=\"async\" class=\"alignnone size-full wp-image-24973\" src=\"https:\/\/ostrowskatv.pl\/wp-content\/uploads\/2023\/06\/20230621_195514-01.jpeg\" alt=\"\" width=\"1366\" height=\"769\" srcset=\"https:\/\/ostrowskatv.pl\/wp-content\/uploads\/2023\/06\/20230621_195514-01.jpeg 1366w, https:\/\/ostrowskatv.pl\/wp-content\/uploads\/2023\/06\/20230621_195514-01-300x169.jpeg 300w, https:\/\/ostrowskatv.pl\/wp-content\/uploads\/2023\/06\/20230621_195514-01-1333x750.jpeg 1333w\" sizes=\"auto, (max-width: 1366px) 100vw, 1366px\" \/><\/p>\n<p><img loading=\"lazy\" decoding=\"async\" class=\"alignnone size-full wp-image-24974\" src=\"https:\/\/ostrowskatv.pl\/wp-content\/uploads\/2023\/06\/20230621_195316-01.jpeg\" alt=\"\" width=\"1366\" height=\"769\" srcset=\"https:\/\/ostrowskatv.pl\/wp-content\/uploads\/2023\/06\/20230621_195316-01.jpeg 1366w, https:\/\/ostrowskatv.pl\/wp-content\/uploads\/2023\/06\/20230621_195316-01-300x169.jpeg 300w, https:\/\/ostrowskatv.pl\/wp-content\/uploads\/2023\/06\/20230621_195316-01-1333x750.jpeg 1333w\" sizes=\"auto, (max-width: 1366px) 100vw, 1366px\" \/><\/p>\n<p><img loading=\"lazy\" decoding=\"async\" class=\"alignnone size-full wp-image-24975\" src=\"https:\/\/ostrowskatv.pl\/wp-content\/uploads\/2023\/06\/20230621_195313-01.jpeg\" alt=\"\" width=\"1365\" height=\"777\" srcset=\"https:\/\/ostrowskatv.pl\/wp-content\/uploads\/2023\/06\/20230621_195313-01.jpeg 1365w, https:\/\/ostrowskatv.pl\/wp-content\/uploads\/2023\/06\/20230621_195313-01-300x171.jpeg 300w, https:\/\/ostrowskatv.pl\/wp-content\/uploads\/2023\/06\/20230621_195313-01-1333x759.jpeg 1333w, https:\/\/ostrowskatv.pl\/wp-content\/uploads\/2023\/06\/20230621_195313-01-388x220.jpeg 388w\" sizes=\"auto, (max-width: 1365px) 100vw, 1365px\" \/><\/p>\n<p>&nbsp;<\/p>\n<p>Kilka minut po godzinie 18 jednostka OSP Sob\u00f3tka zosta\u0142a zadysponowana do usuni\u0119cia powalonego drzewa. Druhowie po doje\u017adzie do remizy zobaczyli, \u017ce po\u0142owa blachy odfrun\u0119\u0142a na pobliskie obiekty.<\/p>\n<p>Z nagrania z pobliskiej stacji wida\u0107, \u017ce armagedon trwa\u0142 minut\u0119. Na dworze zrobi\u0142o si\u0119 siwo, a wiatr wygl\u0105da\u0142 jak huragan w Ameryce. Stra\u017cacy za pomoc\u0105 plandeki zabezpieczaj\u0105 dora\u017anie swoje mienie. Remiza zosta\u0142a postawiona w 1999 roku.<\/p>\n<p><img loading=\"lazy\" decoding=\"async\" src=\"https:\/\/ostrowskatv.pl\/wp-content\/uploads\/2023\/06\/20230621_192436-01.jpeg\" alt=\"\" width=\"769\" height=\"1366\" class=\"alignnone size-full wp-image-24977\" srcset=\"https:\/\/ostrowskatv.pl\/wp-content\/uploads\/2023\/06\/20230621_192436-01.jpeg 769w, https:\/\/ostrowskatv.pl\/wp-content\/uploads\/2023\/06\/20230621_192436-01-169x300.jpeg 169w, https:\/\/ostrowskatv.pl\/wp-content\/uploads\/2023\/06\/20230621_192436-01-750x1333.jpeg 750w\" sizes=\"auto, (max-width: 769px) 100vw, 769px\" \/><\/p>\n<p><img loading=\"lazy\" decoding=\"async\" src=\"https:\/\/ostrowskatv.pl\/wp-content\/uploads\/2023\/06\/20230621_185852-01.jpeg\" alt=\"\" width=\"1366\" height=\"769\" class=\"alignnone size-full wp-image-24978\" srcset=\"https:\/\/ostrowskatv.pl\/wp-content\/uploads\/2023\/06\/20230621_185852-01.jpeg 1366w, https:\/\/ostrowskatv.pl\/wp-content\/uploads\/2023\/06\/20230621_185852-01-300x169.jpeg 300w, https:\/\/ostrowskatv.pl\/wp-content\/uploads\/2023\/06\/20230621_185852-01-1333x750.jpeg 1333w\" sizes=\"auto, (max-width: 1366px) 100vw, 1366px\" \/><\/p>\n<p><img loading=\"lazy\" decoding=\"async\" src=\"https:\/\/ostrowskatv.pl\/wp-content\/uploads\/2023\/06\/20230621_193122-01-1.jpeg\" alt=\"\" width=\"1366\" height=\"769\" class=\"alignnone size-full wp-image-24979\" srcset=\"https:\/\/ostrowskatv.pl\/wp-content\/uploads\/2023\/06\/20230621_193122-01-1.jpeg 1366w, https:\/\/ostrowskatv.pl\/wp-content\/uploads\/2023\/06\/20230621_193122-01-1-300x169.jpeg 300w, https:\/\/ostrowskatv.pl\/wp-content\/uploads\/2023\/06\/20230621_193122-01-1-1333x750.jpeg 1333w\" sizes=\"auto, (max-width: 1366px) 100vw, 1366px\" \/><\/p>\n<p><img loading=\"lazy\" decoding=\"async\" src=\"https:\/\/ostrowskatv.pl\/wp-content\/uploads\/2023\/06\/20230621_185846-01.jpeg\" alt=\"\" width=\"1366\" height=\"769\" class=\"alignnone size-full wp-image-24980\" srcset=\"https:\/\/ostrowskatv.pl\/wp-content\/uploads\/2023\/06\/20230621_185846-01.jpeg 1366w, https:\/\/ostrowskatv.pl\/wp-content\/uploads\/2023\/06\/20230621_185846-01-300x169.jpeg 300w, https:\/\/ostrowskatv.pl\/wp-content\/uploads\/2023\/06\/20230621_185846-01-1333x750.jpeg 1333w\" sizes=\"auto, (max-width: 1366px) 100vw, 1366px\" \/><\/p>\n<p><img loading=\"lazy\" decoding=\"async\" src=\"https:\/\/ostrowskatv.pl\/wp-content\/uploads\/2023\/06\/20230621_185551-01.jpeg\" alt=\"\" width=\"1366\" height=\"769\" class=\"alignnone size-full wp-image-24981\" srcset=\"https:\/\/ostrowskatv.pl\/wp-content\/uploads\/2023\/06\/20230621_185551-01.jpeg 1366w, https:\/\/ostrowskatv.pl\/wp-content\/uploads\/2023\/06\/20230621_185551-01-300x169.jpeg 300w, https:\/\/ostrowskatv.pl\/wp-content\/uploads\/2023\/06\/20230621_185551-01-1333x750.jpeg 1333w\" sizes=\"auto, (max-width: 1366px) 100vw, 1366px\" \/><\/p>\n<p><img loading=\"lazy\" decoding=\"async\" src=\"https:\/\/ostrowskatv.pl\/wp-content\/uploads\/2023\/06\/20230621_185540-01.jpeg\" alt=\"\" width=\"1366\" height=\"769\" class=\"alignnone size-full wp-image-24982\" srcset=\"https:\/\/ostrowskatv.pl\/wp-content\/uploads\/2023\/06\/20230621_185540-01.jpeg 1366w, https:\/\/ostrowskatv.pl\/wp-content\/uploads\/2023\/06\/20230621_185540-01-300x169.jpeg 300w, https:\/\/ostrowskatv.pl\/wp-content\/uploads\/2023\/06\/20230621_185540-01-1333x750.jpeg 1333w\" sizes=\"auto, (max-width: 1366px) 100vw, 1366px\" \/><\/p>\n<p><img loading=\"lazy\" decoding=\"async\" src=\"https:\/\/ostrowskatv.pl\/wp-content\/uploads\/2023\/06\/20230621_185324-01.jpeg\" alt=\"\" width=\"1366\" height=\"722\" class=\"alignnone size-full wp-image-24983\" srcset=\"https:\/\/ostrowskatv.pl\/wp-content\/uploads\/2023\/06\/20230621_185324-01.jpeg 1366w, https:\/\/ostrowskatv.pl\/wp-content\/uploads\/2023\/06\/20230621_185324-01-300x159.jpeg 300w, https:\/\/ostrowskatv.pl\/wp-content\/uploads\/2023\/06\/20230621_185324-01-1333x705.jpeg 1333w\" sizes=\"auto, (max-width: 1366px) 100vw, 1366px\" \/><\/p>\n<p><img loading=\"lazy\" decoding=\"async\" src=\"https:\/\/ostrowskatv.pl\/wp-content\/uploads\/2023\/06\/20230621_185319-01.jpeg\" alt=\"\" width=\"1366\" height=\"769\" class=\"alignnone size-full wp-image-24984\" srcset=\"https:\/\/ostrowskatv.pl\/wp-content\/uploads\/2023\/06\/20230621_185319-01.jpeg 1366w, https:\/\/ostrowskatv.pl\/wp-content\/uploads\/2023\/06\/20230621_185319-01-300x169.jpeg 300w, https:\/\/ostrowskatv.pl\/wp-content\/uploads\/2023\/06\/20230621_185319-01-1333x750.jpeg 1333w\" sizes=\"auto, (max-width: 1366px) 100vw, 1366px\" \/><\/p>\n<p><iframe loading=\"lazy\" title=\"Wichura w wielkopolskiej Sob\u00f3tce\" width=\"747\" height=\"420\" src=\"https:\/\/www.youtube.com\/embed\/nadH3QfLHys?feature=oembed\" frameborder=\"0\" allow=\"accelerometer; autoplay; clipboard-write; encrypted-media; gyroscope; picture-in-picture; web-share\" referrerpolicy=\"strict-origin-when-cross-origin\" allowfullscreen><\/iframe><\/p>\n","protected":false},"excerpt":{"rendered":"Przez granic\u0119 powiat\u00f3w pleszewskiego i ostrowskiego przesz\u0142a gwa\u0142towna wichura. Najpierw w miejscowo\u015bci Sowina wiatr zerwa\u0142 ca\u0142\u0105 po\u0142a\u0107 dachu, a w Sob\u00f3tce odlecia\u0142a po\u0142owa \n<a class=\"moretag\" href=\"https:\/\/ostrowskatv.pl\/?p=24972\"> [...]<\/a>","protected":false},"author":1,"featured_media":24981,"comment_status":"open","ping_status":"closed","sticky":false,"template":"","format":"standard","meta":{"footnotes":""},"categories":[1],"tags":[217],"class_list":["post-24972","post","type-post","status-publish","format-standard","has-post-thumbnail","hentry","category-news","tag-wichura"],"_links":{"self":[{"href":"https:\/\/ostrowskatv.pl\/index.php?rest_route=\/wp\/v2\/posts\/24972","targetHints":{"allow":["GET"]}}],"collection":[{"href":"https:\/\/ostrowskatv.pl\/index.php?rest_route=\/wp\/v2\/posts"}],"about":[{"href":"https:\/\/ostrowskatv.pl\/index.php?rest_route=\/wp\/v2\/types\/post"}],"author":[{"embeddable":true,"href":"https:\/\/ostrowskatv.pl\/index.php?rest_route=\/wp\/v2\/users\/1"}],"replies":[{"embeddable":true,"href":"https:\/\/ostrowskatv.pl\/index.php?rest_route=%2Fwp%2Fv2%2Fcomments&post=24972"}],"version-history":[{"count":0,"href":"https:\/\/ostrowskatv.pl\/index.php?rest_route=\/wp\/v2\/posts\/24972\/revisions"}],"wp:featuredmedia":[{"embeddable":true,"href":"https:\/\/ostrowskatv.pl\/index.php?rest_route=\/wp\/v2\/media\/24981"}],"wp:attachment":[{"href":"https:\/\/ostrowskatv.pl\/index.php?rest_route=%2Fwp%2Fv2%2Fmedia&parent=24972"}],"wp:term":[{"taxonomy":"category","embeddable":true,"href":"https:\/\/ostrowskatv.pl\/index.php?rest_route=%2Fwp%2Fv2%2Fcategories&post=24972"},{"taxonomy":"post_tag","embeddable":true,"href":"https:\/\/ostrowskatv.pl\/index.php?rest_route=%2Fwp%2Fv2%2Ftags&post=24972"}],"curies":[{"name":"wp","href":"https:\/\/api.w.org\/{rel}","templated":true}]}}