{"id":24967,"date":"2023-06-19T12:57:54","date_gmt":"2023-06-19T11:57:54","guid":{"rendered":"https:\/\/ostrowskatv.pl\/?p=24967"},"modified":"2023-06-19T12:57:54","modified_gmt":"2023-06-19T11:57:54","slug":"stop-drogowka-nagrywa","status":"publish","type":"post","link":"https:\/\/ostrowskatv.pl\/?p=24967","title":{"rendered":"Stop Drog\u00f3wka nagrywa"},"content":{"rendered":"<p><strong>Ponownie do powiatu ostrowskiego zawita\u0142a ekipa telewizyjna z programu Stop Drog\u00f3wka. Od dzi\u015b przez kilka kolejnych dni b\u0119d\u0105 towarzyszy\u0107 funkcjonariuszom z Wydzia\u0142u Ruchu Drogowego w Ostrowie Wielkopolskim.<\/strong><\/p>\n<p>Na dzie\u0144 dobry przytrafi\u0142a si\u0119 kolizyjka na skrzy\u017cowaniu ulic Pozna\u0144skiej i Uroczysko w Ostrowie Wielkopolskim. Uczestnicy zdarzenia zacz\u0119li si\u0119 k\u0142\u00f3ci\u0107 o to kto jest sprawc\u0105. M\u0119\u017cczyzna ze skody przekonywa\u0142, \u017ce w jego ty\u0142 wjecha\u0142a kieruj\u0105ca peugeotem. Ta natomiast uwa\u017ca\u0142a, \u017ce auto stoj\u0105ce przed ni\u0105 wjecha\u0142o w jej prz\u00f3d.<\/p>\n<p>I cho\u0107 szkody na pojazdach s\u0105 kosmetyczne i ma\u0142o atrakcyjne, to \u017cywio\u0142owo\u015b\u0107 wyra\u017cania zda\u0144 mo\u017ce by\u0107 ciekawa do ogl\u0105dania na ekranie telewizora.<\/p>\n<p><img loading=\"lazy\" decoding=\"async\" src=\"https:\/\/ostrowskatv.pl\/wp-content\/uploads\/2023\/06\/20230619_132020-01.jpeg\" alt=\"\" width=\"1365\" height=\"858\" class=\"alignnone size-full wp-image-24968\" srcset=\"https:\/\/ostrowskatv.pl\/wp-content\/uploads\/2023\/06\/20230619_132020-01.jpeg 1365w, https:\/\/ostrowskatv.pl\/wp-content\/uploads\/2023\/06\/20230619_132020-01-300x189.jpeg 300w, https:\/\/ostrowskatv.pl\/wp-content\/uploads\/2023\/06\/20230619_132020-01-1333x838.jpeg 1333w\" sizes=\"auto, (max-width: 1365px) 100vw, 1365px\" \/><\/p>\n<p><img loading=\"lazy\" decoding=\"async\" src=\"https:\/\/ostrowskatv.pl\/wp-content\/uploads\/2023\/06\/20230619_132015-01.jpeg\" alt=\"\" width=\"1366\" height=\"769\" class=\"alignnone size-full wp-image-24969\" srcset=\"https:\/\/ostrowskatv.pl\/wp-content\/uploads\/2023\/06\/20230619_132015-01.jpeg 1366w, https:\/\/ostrowskatv.pl\/wp-content\/uploads\/2023\/06\/20230619_132015-01-300x169.jpeg 300w, https:\/\/ostrowskatv.pl\/wp-content\/uploads\/2023\/06\/20230619_132015-01-1333x750.jpeg 1333w\" sizes=\"auto, (max-width: 1366px) 100vw, 1366px\" \/><\/p>\n<p><img loading=\"lazy\" decoding=\"async\" src=\"https:\/\/ostrowskatv.pl\/wp-content\/uploads\/2023\/06\/20230619_131949-01.jpeg\" alt=\"\" width=\"1366\" height=\"769\" class=\"alignnone size-full wp-image-24970\" srcset=\"https:\/\/ostrowskatv.pl\/wp-content\/uploads\/2023\/06\/20230619_131949-01.jpeg 1366w, https:\/\/ostrowskatv.pl\/wp-content\/uploads\/2023\/06\/20230619_131949-01-300x169.jpeg 300w, https:\/\/ostrowskatv.pl\/wp-content\/uploads\/2023\/06\/20230619_131949-01-1333x750.jpeg 1333w\" sizes=\"auto, (max-width: 1366px) 100vw, 1366px\" \/><\/p>\n","protected":false},"excerpt":{"rendered":"Ponownie do powiatu ostrowskiego zawita\u0142a ekipa telewizyjna z programu Stop Drog\u00f3wka. Od dzi\u015b przez kilka kolejnych dni b\u0119d\u0105 towarzyszy\u0107 funkcjonariuszom z Wydzia\u0142u Ruchu \n<a class=\"moretag\" href=\"https:\/\/ostrowskatv.pl\/?p=24967\"> [...]<\/a>","protected":false},"author":1,"featured_media":24968,"comment_status":"open","ping_status":"closed","sticky":false,"template":"","format":"standard","meta":{"footnotes":""},"categories":[1],"tags":[2],"class_list":["post-24967","post","type-post","status-publish","format-standard","has-post-thumbnail","hentry","category-news","tag-ostrow-wielkopolski"],"_links":{"self":[{"href":"https:\/\/ostrowskatv.pl\/index.php?rest_route=\/wp\/v2\/posts\/24967","targetHints":{"allow":["GET"]}}],"collection":[{"href":"https:\/\/ostrowskatv.pl\/index.php?rest_route=\/wp\/v2\/posts"}],"about":[{"href":"https:\/\/ostrowskatv.pl\/index.php?rest_route=\/wp\/v2\/types\/post"}],"author":[{"embeddable":true,"href":"https:\/\/ostrowskatv.pl\/index.php?rest_route=\/wp\/v2\/users\/1"}],"replies":[{"embeddable":true,"href":"https:\/\/ostrowskatv.pl\/index.php?rest_route=%2Fwp%2Fv2%2Fcomments&post=24967"}],"version-history":[{"count":0,"href":"https:\/\/ostrowskatv.pl\/index.php?rest_route=\/wp\/v2\/posts\/24967\/revisions"}],"wp:featuredmedia":[{"embeddable":true,"href":"https:\/\/ostrowskatv.pl\/index.php?rest_route=\/wp\/v2\/media\/24968"}],"wp:attachment":[{"href":"https:\/\/ostrowskatv.pl\/index.php?rest_route=%2Fwp%2Fv2%2Fmedia&parent=24967"}],"wp:term":[{"taxonomy":"category","embeddable":true,"href":"https:\/\/ostrowskatv.pl\/index.php?rest_route=%2Fwp%2Fv2%2Fcategories&post=24967"},{"taxonomy":"post_tag","embeddable":true,"href":"https:\/\/ostrowskatv.pl\/index.php?rest_route=%2Fwp%2Fv2%2Ftags&post=24967"}],"curies":[{"name":"wp","href":"https:\/\/api.w.org\/{rel}","templated":true}]}}