{"id":24949,"date":"2023-06-17T17:07:58","date_gmt":"2023-06-17T16:07:58","guid":{"rendered":"https:\/\/ostrowskatv.pl\/?p=24949"},"modified":"2023-06-17T17:07:58","modified_gmt":"2023-06-17T16:07:58","slug":"ostrowianie-pojechali-na-tuska","status":"publish","type":"post","link":"https:\/\/ostrowskatv.pl\/?p=24949","title":{"rendered":"Ostrowianie pojechali na Tuska"},"content":{"rendered":"<p><strong>Autokar z sympatykami Donalda Tuska i przeciwnikami Prawa i Sprawiedliwo\u015bci pojecha\u0142 wczoraj z Ostrowa Wielkopolskiego do Poznania. Tam na Placu Wolno\u015bci wyst\u0105pi\u0142 lider Platformy Obywatelskiej i zgromadzi\u0142 oko\u0142o 10 tysi\u0119cy os\u00f3b. To kontynuacja kampanii po marszu w Warszawie, kt\u00f3ry odby\u0142 si\u0119 4 czerwca.<\/strong><\/p>\n<p>Donald Tusk nazywa\u0142 Jaros\u0142awa Kaczy\u0144skiego &#8222;kieszonkowym dyktatorkiem&#8221;, jednocze\u015bnie podkre\u015blaj\u0105c, \u017ce maj\u0105 ju\u017c dosy\u0107 brudu, kt\u00f3ry wylewa si\u0119 ka\u017cdego dnia z ich (PiS-owskich &#8211; przyp. red.) urz\u0119d\u00f3w, z ich medi\u00f3w. (&#8230;) Nikt nas nie zastraszy, nikt nas ju\u017c wi\u0119cej nie zag\u0142uszy. Tej si\u0142y, tej fali nikt ju\u017c nie zatrzyma.<\/p>\n<p>Bardzo podobnego has\u0142a u\u017cy\u0142 ju\u017c w 2015 roku Janusz Korwin-Mikke m\u00f3wi\u0105c &#8222;tej si\u0142y ju\u017c nie powstrzymacie&#8221;<\/p>\n<p><iframe loading=\"lazy\" title=\"Korwin - Tej si\u0142y ju\u017c nie powstrzymacie !\" width=\"747\" height=\"420\" src=\"https:\/\/www.youtube.com\/embed\/QA2jMHJmwOA?feature=oembed\" frameborder=\"0\" allow=\"accelerometer; autoplay; clipboard-write; encrypted-media; gyroscope; picture-in-picture; web-share\" referrerpolicy=\"strict-origin-when-cross-origin\" allowfullscreen><\/iframe><\/p>\n<p>A miesi\u0105c p\u00f3\u017aniej jeden z nastolatk\u00f3w wyst\u0119puj\u0105cych w ramach Sejmu Dzieci i M\u0142odzie\u017cy r\u00f3wnie\u017c u\u017cy\u0142 tego has\u0142a krytykuj\u0105c \u00f3wczesne rz\u0105dy Platformy Obywatelskiej.<\/p>\n<p><iframe loading=\"lazy\" title=\"M\u0142ody pokazuje czerwon\u0105 kartk\u0119 pos\u0142om w Sejmie!\" width=\"747\" height=\"420\" src=\"https:\/\/www.youtube.com\/embed\/NZPq5Zpgx0c?feature=oembed\" frameborder=\"0\" allow=\"accelerometer; autoplay; clipboard-write; encrypted-media; gyroscope; picture-in-picture; web-share\" referrerpolicy=\"strict-origin-when-cross-origin\" allowfullscreen><\/iframe><\/p>\n<p>Tusk m\u00f3wi\u0142, \u017ce za czas\u00f3w rz\u0105du Prawa i Sprawiedliwo\u015bci za\u0142atwiane s\u0105 stanowiska kole\u017cankom i kolegom os\u00f3b z PiS. Czy za rz\u0105d\u00f3w PO by\u0142o inaczej?<\/p>\n<blockquote><p>G\u0142osujesz na parti\u0119 Kaczy\u0144skiego, to znaczy, \u017ce albo pozwalasz im kra\u015b\u0107, albo chcesz kra\u015b\u0107 razem z nimi. Nie wierz\u0119 w to, \u017ceby w Polsce by\u0142o tylu ch\u0119tnych do tych \u0142atwych i nieczystych pieni\u0119dzy &#8211; doda\u0142 Tusk.<\/p><\/blockquote>\n<p>Lider PO odni\u00f3s\u0142 si\u0119 do og\u0142oszonego przez Kaczy\u0144skiego pomys\u0142u na referendum w sprawie relokacji uchod\u017ac\u00f3w:<\/p>\n<blockquote><p>&#8222;pomys\u0142y na referendum w sprawie migrant\u00f3w to oczywi\u015bcie jest pr\u00f3ba ucieczki, to jest pr\u00f3ba wymazania z ekran\u00f3w telewizor\u00f3w, z czo\u0142\u00f3wek gazet, z internetu tych codziennych informacji o tym, ile ukradli, kto umar\u0142 z ich powodu, jaka jest dro\u017cyzna w sklepach, jakim k\u0142amstwem zalewaj\u0105 Polsk\u0119, wi\u0119c wymy\u015blaj\u0105 tego typu figury&#8221;.<\/p><\/blockquote>\n<p>Tusk powiedzia\u0142, \u017ce za rz\u0105d\u00f3w PiS wydano rekordow\u0105 liczb\u0119 wiz i sprowadzono rekordow\u0105 liczb\u0119 uchod\u017ac\u00f3w (nie dotyczy os\u00f3b z Ukrainy), a z drugiej strony PiS ma wlewa\u0107 pogard\u0119 i obrzydzenie w stron\u0119 obcokrajowc\u00f3w. 350 tysi\u0119cy wiz w jednym roku &#8211; tyle wydano wiz m.in. dla Muzu\u0142man\u00f3w. <\/p>\n<p>Referendum ma dotyczy\u0107 tylko 1900 uchod\u017ac\u00f3w, kt\u00f3rych nale\u017cy przebada\u0107 i ewentualnie podda\u0107 relokacji. &#8211; Pod P\u0142ockiem powsta\u0142o miasteczko z uchod\u017acami z Pakistanu itd. Jest tam 13 tysi\u0119cy os\u00f3b &#8222;obajtkowi robotnicy&#8221;. &#8211; powiedzia\u0142 Tusk.<\/p>\n<blockquote><p>Polska ma dzisiaj wed\u0142ug przepis\u00f3w najbardziej otwarty dla cudzoziemc\u00f3w rynek na ca\u0142ym \u015bwiecie. Jednocze\u015bnie PiS oskar\u017ca wszystkich dooko\u0142a od Tuska po Uni\u0119 Europejsk\u0105, \u017ce to my powodujemy, \u017ce Polska b\u0119dzie obci\u0105\u017cona nadmiern\u0105 liczb\u0105 imigrant\u00f3w. Oni s\u0105 dobrzy w zarz\u0105dzaniu strachem &#8211; m\u00f3wi\u0142 Donald Tusk.<\/p><\/blockquote>\n<p>Jeden z uczestnik\u00f3w politycznego wiecu mia\u0142 transparent z napisem &#8222;Bo\u017ce, zabra\u0142e\u015b nie tego Kaczy\u0144skiego&#8221; i zdj\u0119ciem Teda Kaczynskiego, ameryka\u0144skiego zamachowca znanego jako Unabomber, kt\u00f3ry zmar\u0142 kilka dni temu w wi\u0119zieniu. Baner by\u0142 widoczny podczas transmisji z wydarzenia, trzymaj\u0105cy go m\u0119\u017cczyzna sta\u0142 w t\u0142umie za przemawiaj\u0105cym Donaldem Tuskiem. <\/p>\n<p>Tre\u015b\u0107 transparentu oburzy\u0142a rz\u0105dz\u0105cych. Premier Mateusz Morawiecki napisa\u0142, \u017ce to &#8222;\u0142ajdactwo&#8221;. Przedstawiciele Platformy Obywatelskiej bronili si\u0119, \u017ce szybko usuni\u0119to owy transparent. Jakie s\u0105 fakty? M\u0119\u017cczyzna chodzi\u0142 z podniesionym has\u0142em ju\u017c na p\u00f3\u0142 godziny przed rozpocz\u0119ciem wydarzenia i pokazywa\u0142 go w ka\u017cd\u0105 stron\u0119. Usuni\u0119to go dopiero w 8. minucie transmisji, czyli co najmniej 38 minut od pierwszego dostrze\u017cenia go.<\/p>\n<p><img loading=\"lazy\" decoding=\"async\" src=\"https:\/\/ostrowskatv.pl\/wp-content\/uploads\/2023\/06\/20230616_182241-01.jpeg\" alt=\"\" width=\"1365\" height=\"799\" class=\"alignnone size-full wp-image-24950\" srcset=\"https:\/\/ostrowskatv.pl\/wp-content\/uploads\/2023\/06\/20230616_182241-01.jpeg 1365w, https:\/\/ostrowskatv.pl\/wp-content\/uploads\/2023\/06\/20230616_182241-01-300x176.jpeg 300w, https:\/\/ostrowskatv.pl\/wp-content\/uploads\/2023\/06\/20230616_182241-01-1333x780.jpeg 1333w, https:\/\/ostrowskatv.pl\/wp-content\/uploads\/2023\/06\/20230616_182241-01-752x440.jpeg 752w\" sizes=\"auto, (max-width: 1365px) 100vw, 1365px\" \/><\/p>\n<p><img loading=\"lazy\" decoding=\"async\" src=\"https:\/\/ostrowskatv.pl\/wp-content\/uploads\/2023\/06\/20230616_182721-01.jpeg\" alt=\"\" width=\"1366\" height=\"769\" class=\"alignnone size-full wp-image-24951\" srcset=\"https:\/\/ostrowskatv.pl\/wp-content\/uploads\/2023\/06\/20230616_182721-01.jpeg 1366w, https:\/\/ostrowskatv.pl\/wp-content\/uploads\/2023\/06\/20230616_182721-01-300x169.jpeg 300w, https:\/\/ostrowskatv.pl\/wp-content\/uploads\/2023\/06\/20230616_182721-01-1333x750.jpeg 1333w\" sizes=\"auto, (max-width: 1366px) 100vw, 1366px\" \/><\/p>\n<p><img loading=\"lazy\" decoding=\"async\" src=\"https:\/\/ostrowskatv.pl\/wp-content\/uploads\/2023\/06\/20230616_182719-01.jpeg\" alt=\"\" width=\"1365\" height=\"815\" class=\"alignnone size-full wp-image-24952\" srcset=\"https:\/\/ostrowskatv.pl\/wp-content\/uploads\/2023\/06\/20230616_182719-01.jpeg 1365w, https:\/\/ostrowskatv.pl\/wp-content\/uploads\/2023\/06\/20230616_182719-01-300x179.jpeg 300w, https:\/\/ostrowskatv.pl\/wp-content\/uploads\/2023\/06\/20230616_182719-01-1333x796.jpeg 1333w\" sizes=\"auto, (max-width: 1365px) 100vw, 1365px\" \/><\/p>\n<p><img loading=\"lazy\" decoding=\"async\" src=\"https:\/\/ostrowskatv.pl\/wp-content\/uploads\/2023\/06\/20230616_182510-01.jpeg\" alt=\"\" width=\"1366\" height=\"877\" class=\"alignnone size-full wp-image-24953\" srcset=\"https:\/\/ostrowskatv.pl\/wp-content\/uploads\/2023\/06\/20230616_182510-01.jpeg 1366w, https:\/\/ostrowskatv.pl\/wp-content\/uploads\/2023\/06\/20230616_182510-01-300x193.jpeg 300w, https:\/\/ostrowskatv.pl\/wp-content\/uploads\/2023\/06\/20230616_182510-01-1333x856.jpeg 1333w\" sizes=\"auto, (max-width: 1366px) 100vw, 1366px\" \/><\/p>\n<p><img loading=\"lazy\" decoding=\"async\" src=\"https:\/\/ostrowskatv.pl\/wp-content\/uploads\/2023\/06\/20230616_182257-01.jpeg\" alt=\"\" width=\"1366\" height=\"769\" class=\"alignnone size-full wp-image-24954\" srcset=\"https:\/\/ostrowskatv.pl\/wp-content\/uploads\/2023\/06\/20230616_182257-01.jpeg 1366w, https:\/\/ostrowskatv.pl\/wp-content\/uploads\/2023\/06\/20230616_182257-01-300x169.jpeg 300w, https:\/\/ostrowskatv.pl\/wp-content\/uploads\/2023\/06\/20230616_182257-01-1333x750.jpeg 1333w\" sizes=\"auto, (max-width: 1366px) 100vw, 1366px\" \/><\/p>\n<p><img loading=\"lazy\" decoding=\"async\" src=\"https:\/\/ostrowskatv.pl\/wp-content\/uploads\/2023\/06\/20230616_180014-01.jpeg\" alt=\"\" width=\"1366\" height=\"769\" class=\"alignnone size-full wp-image-24955\" srcset=\"https:\/\/ostrowskatv.pl\/wp-content\/uploads\/2023\/06\/20230616_180014-01.jpeg 1366w, https:\/\/ostrowskatv.pl\/wp-content\/uploads\/2023\/06\/20230616_180014-01-300x169.jpeg 300w, https:\/\/ostrowskatv.pl\/wp-content\/uploads\/2023\/06\/20230616_180014-01-1333x750.jpeg 1333w\" sizes=\"auto, (max-width: 1366px) 100vw, 1366px\" \/><\/p>\n<p><img loading=\"lazy\" decoding=\"async\" src=\"https:\/\/ostrowskatv.pl\/wp-content\/uploads\/2023\/06\/20230616_180013-01.jpeg\" alt=\"\" width=\"1366\" height=\"769\" class=\"alignnone size-full wp-image-24956\" srcset=\"https:\/\/ostrowskatv.pl\/wp-content\/uploads\/2023\/06\/20230616_180013-01.jpeg 1366w, https:\/\/ostrowskatv.pl\/wp-content\/uploads\/2023\/06\/20230616_180013-01-300x169.jpeg 300w, https:\/\/ostrowskatv.pl\/wp-content\/uploads\/2023\/06\/20230616_180013-01-1333x750.jpeg 1333w\" sizes=\"auto, (max-width: 1366px) 100vw, 1366px\" \/><\/p>\n<p><img loading=\"lazy\" decoding=\"async\" src=\"https:\/\/ostrowskatv.pl\/wp-content\/uploads\/2023\/06\/20230616_180006-01.jpeg\" alt=\"\" width=\"1366\" height=\"769\" class=\"alignnone size-full wp-image-24957\" srcset=\"https:\/\/ostrowskatv.pl\/wp-content\/uploads\/2023\/06\/20230616_180006-01.jpeg 1366w, https:\/\/ostrowskatv.pl\/wp-content\/uploads\/2023\/06\/20230616_180006-01-300x169.jpeg 300w, https:\/\/ostrowskatv.pl\/wp-content\/uploads\/2023\/06\/20230616_180006-01-1333x750.jpeg 1333w\" sizes=\"auto, (max-width: 1366px) 100vw, 1366px\" \/><\/p>\n<p><img loading=\"lazy\" decoding=\"async\" src=\"https:\/\/ostrowskatv.pl\/wp-content\/uploads\/2023\/06\/20230616_175812-01.jpeg\" alt=\"\" width=\"1366\" height=\"769\" class=\"alignnone size-full wp-image-24958\" srcset=\"https:\/\/ostrowskatv.pl\/wp-content\/uploads\/2023\/06\/20230616_175812-01.jpeg 1366w, https:\/\/ostrowskatv.pl\/wp-content\/uploads\/2023\/06\/20230616_175812-01-300x169.jpeg 300w, https:\/\/ostrowskatv.pl\/wp-content\/uploads\/2023\/06\/20230616_175812-01-1333x750.jpeg 1333w\" sizes=\"auto, (max-width: 1366px) 100vw, 1366px\" \/><\/p>\n<p><img loading=\"lazy\" decoding=\"async\" src=\"https:\/\/ostrowskatv.pl\/wp-content\/uploads\/2023\/06\/20230616_175808-01.jpeg\" alt=\"\" width=\"1366\" height=\"769\" class=\"alignnone size-full wp-image-24959\" srcset=\"https:\/\/ostrowskatv.pl\/wp-content\/uploads\/2023\/06\/20230616_175808-01.jpeg 1366w, https:\/\/ostrowskatv.pl\/wp-content\/uploads\/2023\/06\/20230616_175808-01-300x169.jpeg 300w, https:\/\/ostrowskatv.pl\/wp-content\/uploads\/2023\/06\/20230616_175808-01-1333x750.jpeg 1333w\" sizes=\"auto, (max-width: 1366px) 100vw, 1366px\" \/><\/p>\n<p><img loading=\"lazy\" decoding=\"async\" src=\"https:\/\/ostrowskatv.pl\/wp-content\/uploads\/2023\/06\/20230616_175803-01.jpeg\" alt=\"\" width=\"1366\" height=\"769\" class=\"alignnone size-full wp-image-24960\" srcset=\"https:\/\/ostrowskatv.pl\/wp-content\/uploads\/2023\/06\/20230616_175803-01.jpeg 1366w, https:\/\/ostrowskatv.pl\/wp-content\/uploads\/2023\/06\/20230616_175803-01-300x169.jpeg 300w, https:\/\/ostrowskatv.pl\/wp-content\/uploads\/2023\/06\/20230616_175803-01-1333x750.jpeg 1333w\" sizes=\"auto, (max-width: 1366px) 100vw, 1366px\" \/><\/p>\n<p><img loading=\"lazy\" decoding=\"async\" src=\"https:\/\/ostrowskatv.pl\/wp-content\/uploads\/2023\/06\/20230616_175759-01.jpeg\" alt=\"\" width=\"1366\" height=\"769\" class=\"alignnone size-full wp-image-24961\" srcset=\"https:\/\/ostrowskatv.pl\/wp-content\/uploads\/2023\/06\/20230616_175759-01.jpeg 1366w, https:\/\/ostrowskatv.pl\/wp-content\/uploads\/2023\/06\/20230616_175759-01-300x169.jpeg 300w, https:\/\/ostrowskatv.pl\/wp-content\/uploads\/2023\/06\/20230616_175759-01-1333x750.jpeg 1333w\" sizes=\"auto, (max-width: 1366px) 100vw, 1366px\" \/><\/p>\n<p><img loading=\"lazy\" decoding=\"async\" src=\"https:\/\/ostrowskatv.pl\/wp-content\/uploads\/2023\/06\/20230616_173118-01.jpeg\" alt=\"\" width=\"1366\" height=\"1359\" class=\"alignnone size-full wp-image-24962\" srcset=\"https:\/\/ostrowskatv.pl\/wp-content\/uploads\/2023\/06\/20230616_173118-01.jpeg 1366w, https:\/\/ostrowskatv.pl\/wp-content\/uploads\/2023\/06\/20230616_173118-01-300x298.jpeg 300w, https:\/\/ostrowskatv.pl\/wp-content\/uploads\/2023\/06\/20230616_173118-01-1333x1326.jpeg 1333w, https:\/\/ostrowskatv.pl\/wp-content\/uploads\/2023\/06\/20230616_173118-01-150x150.jpeg 150w\" sizes=\"auto, (max-width: 1366px) 100vw, 1366px\" \/><\/p>\n","protected":false},"excerpt":{"rendered":"Autokar z sympatykami Donalda Tuska i przeciwnikami Prawa i Sprawiedliwo\u015bci pojecha\u0142 wczoraj z Ostrowa Wielkopolskiego do Poznania. Tam na Placu Wolno\u015bci wyst\u0105pi\u0142 lider \n<a class=\"moretag\" href=\"https:\/\/ostrowskatv.pl\/?p=24949\"> [...]<\/a>","protected":false},"author":1,"featured_media":24960,"comment_status":"open","ping_status":"closed","sticky":false,"template":"","format":"standard","meta":{"footnotes":""},"categories":[1],"tags":[24],"class_list":["post-24949","post","type-post","status-publish","format-standard","has-post-thumbnail","hentry","category-news","tag-polityka"],"_links":{"self":[{"href":"https:\/\/ostrowskatv.pl\/index.php?rest_route=\/wp\/v2\/posts\/24949","targetHints":{"allow":["GET"]}}],"collection":[{"href":"https:\/\/ostrowskatv.pl\/index.php?rest_route=\/wp\/v2\/posts"}],"about":[{"href":"https:\/\/ostrowskatv.pl\/index.php?rest_route=\/wp\/v2\/types\/post"}],"author":[{"embeddable":true,"href":"https:\/\/ostrowskatv.pl\/index.php?rest_route=\/wp\/v2\/users\/1"}],"replies":[{"embeddable":true,"href":"https:\/\/ostrowskatv.pl\/index.php?rest_route=%2Fwp%2Fv2%2Fcomments&post=24949"}],"version-history":[{"count":0,"href":"https:\/\/ostrowskatv.pl\/index.php?rest_route=\/wp\/v2\/posts\/24949\/revisions"}],"wp:featuredmedia":[{"embeddable":true,"href":"https:\/\/ostrowskatv.pl\/index.php?rest_route=\/wp\/v2\/media\/24960"}],"wp:attachment":[{"href":"https:\/\/ostrowskatv.pl\/index.php?rest_route=%2Fwp%2Fv2%2Fmedia&parent=24949"}],"wp:term":[{"taxonomy":"category","embeddable":true,"href":"https:\/\/ostrowskatv.pl\/index.php?rest_route=%2Fwp%2Fv2%2Fcategories&post=24949"},{"taxonomy":"post_tag","embeddable":true,"href":"https:\/\/ostrowskatv.pl\/index.php?rest_route=%2Fwp%2Fv2%2Ftags&post=24949"}],"curies":[{"name":"wp","href":"https:\/\/api.w.org\/{rel}","templated":true}]}}