{"id":24940,"date":"2023-06-17T11:16:31","date_gmt":"2023-06-17T10:16:31","guid":{"rendered":"https:\/\/ostrowskatv.pl\/?p=24940"},"modified":"2023-06-17T11:16:31","modified_gmt":"2023-06-17T10:16:31","slug":"zderzenie-przy-galerii-czesty-blad-kierowcow","status":"publish","type":"post","link":"https:\/\/ostrowskatv.pl\/?p=24940","title":{"rendered":"Zderzenie przy galerii. Cz\u0119sty b\u0142\u0105d kierowc\u00f3w"},"content":{"rendered":"<p><strong>W sobotnie przedpo\u0142udnie dosz\u0142o do zderzenia dw\u00f3ch aut osobowych na skrzy\u017cowaniu ze \u015bwiat\u0142ami przy galerii. Jedna osoba wymaga\u0142a pomocy medycznej.<\/strong><\/p>\n<p>Kierowcw audi z kierownic\u0105 po prawej stronie wyje\u017cd\u017ca\u0142 od strony Ostrowskiego Zak\u0142adu Cieplowniczego i chcia\u0142 skr\u0119ci\u0107 w lewo w stron\u0119 Kalisza. Pope\u0142ni\u0142 cz\u0119sty b\u0142\u0105d kierowc\u00f3w. Nie dostrzeg\u0142, \u017ce z przeciwka ruszaj\u0105 pojazdy z czego wi\u0119kszo\u015b\u0107 skr\u0119ca w prawo na Kalisz, ale niekt\u00f3rzy jad\u0105 prosto. Trzeba im ust\u0105pi\u0107 pierwsze\u0144stwa czego m\u0119\u017cczyzna w \u015brednim wieku nie uczyni\u0142.<\/p>\n<p>W efekcie pomocy medycznej wymaga\u0142 kierowca Nissana micry, kt\u00f3ry z uwagi na przej\u015bcie operacji obawia\u0142 si\u0119 o ewentualne skutki uboczne.<\/p>\n<p>W audi podr\u00f3\u017cowa\u0142 m\u0119\u017cczyzna z \u017con\u0105 i ma\u0142ym dzieckiem.<\/p>\n<p><img loading=\"lazy\" decoding=\"async\" src=\"https:\/\/ostrowskatv.pl\/wp-content\/uploads\/2023\/06\/20230617_114330-01.jpeg\" alt=\"\" width=\"1365\" height=\"643\" class=\"alignnone size-full wp-image-24941\" srcset=\"https:\/\/ostrowskatv.pl\/wp-content\/uploads\/2023\/06\/20230617_114330-01.jpeg 1365w, https:\/\/ostrowskatv.pl\/wp-content\/uploads\/2023\/06\/20230617_114330-01-300x141.jpeg 300w, https:\/\/ostrowskatv.pl\/wp-content\/uploads\/2023\/06\/20230617_114330-01-1333x628.jpeg 1333w\" sizes=\"auto, (max-width: 1365px) 100vw, 1365px\" \/><\/p>\n<p><img loading=\"lazy\" decoding=\"async\" src=\"https:\/\/ostrowskatv.pl\/wp-content\/uploads\/2023\/06\/20230617_113402-01.jpeg\" alt=\"\" width=\"1366\" height=\"769\" class=\"alignnone size-full wp-image-24942\" srcset=\"https:\/\/ostrowskatv.pl\/wp-content\/uploads\/2023\/06\/20230617_113402-01.jpeg 1366w, https:\/\/ostrowskatv.pl\/wp-content\/uploads\/2023\/06\/20230617_113402-01-300x169.jpeg 300w, https:\/\/ostrowskatv.pl\/wp-content\/uploads\/2023\/06\/20230617_113402-01-1333x750.jpeg 1333w\" sizes=\"auto, (max-width: 1366px) 100vw, 1366px\" \/><\/p>\n<p><img loading=\"lazy\" decoding=\"async\" src=\"https:\/\/ostrowskatv.pl\/wp-content\/uploads\/2023\/06\/20230617_113356-01.jpeg\" alt=\"\" width=\"1366\" height=\"769\" class=\"alignnone size-full wp-image-24943\" srcset=\"https:\/\/ostrowskatv.pl\/wp-content\/uploads\/2023\/06\/20230617_113356-01.jpeg 1366w, https:\/\/ostrowskatv.pl\/wp-content\/uploads\/2023\/06\/20230617_113356-01-300x169.jpeg 300w, https:\/\/ostrowskatv.pl\/wp-content\/uploads\/2023\/06\/20230617_113356-01-1333x750.jpeg 1333w\" sizes=\"auto, (max-width: 1366px) 100vw, 1366px\" \/><\/p>\n<p><img loading=\"lazy\" decoding=\"async\" src=\"https:\/\/ostrowskatv.pl\/wp-content\/uploads\/2023\/06\/20230617_113218-01.jpeg\" alt=\"\" width=\"1366\" height=\"742\" class=\"alignnone size-full wp-image-24944\" srcset=\"https:\/\/ostrowskatv.pl\/wp-content\/uploads\/2023\/06\/20230617_113218-01.jpeg 1366w, https:\/\/ostrowskatv.pl\/wp-content\/uploads\/2023\/06\/20230617_113218-01-300x163.jpeg 300w, https:\/\/ostrowskatv.pl\/wp-content\/uploads\/2023\/06\/20230617_113218-01-1333x724.jpeg 1333w\" sizes=\"auto, (max-width: 1366px) 100vw, 1366px\" \/><\/p>\n<p><img loading=\"lazy\" decoding=\"async\" src=\"https:\/\/ostrowskatv.pl\/wp-content\/uploads\/2023\/06\/20230617_113215-01.jpeg\" alt=\"\" width=\"1366\" height=\"669\" class=\"alignnone size-full wp-image-24945\" srcset=\"https:\/\/ostrowskatv.pl\/wp-content\/uploads\/2023\/06\/20230617_113215-01.jpeg 1366w, https:\/\/ostrowskatv.pl\/wp-content\/uploads\/2023\/06\/20230617_113215-01-300x147.jpeg 300w, https:\/\/ostrowskatv.pl\/wp-content\/uploads\/2023\/06\/20230617_113215-01-1333x653.jpeg 1333w\" sizes=\"auto, (max-width: 1366px) 100vw, 1366px\" \/><\/p>\n<p><img loading=\"lazy\" decoding=\"async\" src=\"https:\/\/ostrowskatv.pl\/wp-content\/uploads\/2023\/06\/20230617_113135-01.jpeg\" alt=\"\" width=\"1366\" height=\"769\" class=\"alignnone size-full wp-image-24946\" srcset=\"https:\/\/ostrowskatv.pl\/wp-content\/uploads\/2023\/06\/20230617_113135-01.jpeg 1366w, https:\/\/ostrowskatv.pl\/wp-content\/uploads\/2023\/06\/20230617_113135-01-300x169.jpeg 300w, https:\/\/ostrowskatv.pl\/wp-content\/uploads\/2023\/06\/20230617_113135-01-1333x750.jpeg 1333w\" sizes=\"auto, (max-width: 1366px) 100vw, 1366px\" \/><\/p>\n<p><img loading=\"lazy\" decoding=\"async\" src=\"https:\/\/ostrowskatv.pl\/wp-content\/uploads\/2023\/06\/Wypgalgraf-scaled.jpg\" alt=\"\" width=\"2560\" height=\"1189\" class=\"alignnone size-full wp-image-24947\" srcset=\"https:\/\/ostrowskatv.pl\/wp-content\/uploads\/2023\/06\/Wypgalgraf-scaled.jpg 2560w, https:\/\/ostrowskatv.pl\/wp-content\/uploads\/2023\/06\/Wypgalgraf-300x139.jpg 300w, https:\/\/ostrowskatv.pl\/wp-content\/uploads\/2023\/06\/Wypgalgraf-1333x619.jpg 1333w, https:\/\/ostrowskatv.pl\/wp-content\/uploads\/2023\/06\/Wypgalgraf-1536x714.jpg 1536w, https:\/\/ostrowskatv.pl\/wp-content\/uploads\/2023\/06\/Wypgalgraf-2048x951.jpg 2048w\" sizes=\"auto, (max-width: 2560px) 100vw, 2560px\" \/><\/p>\n","protected":false},"excerpt":{"rendered":"W sobotnie przedpo\u0142udnie dosz\u0142o do zderzenia dw\u00f3ch aut osobowych na skrzy\u017cowaniu ze \u015bwiat\u0142ami przy galerii. Jedna osoba wymaga\u0142a pomocy medycznej. Kierowcw audi z \n<a class=\"moretag\" href=\"https:\/\/ostrowskatv.pl\/?p=24940\"> [...]<\/a>","protected":false},"author":1,"featured_media":24945,"comment_status":"open","ping_status":"closed","sticky":false,"template":"","format":"standard","meta":{"footnotes":""},"categories":[1],"tags":[2],"class_list":["post-24940","post","type-post","status-publish","format-standard","has-post-thumbnail","hentry","category-news","tag-ostrow-wielkopolski"],"_links":{"self":[{"href":"https:\/\/ostrowskatv.pl\/index.php?rest_route=\/wp\/v2\/posts\/24940","targetHints":{"allow":["GET"]}}],"collection":[{"href":"https:\/\/ostrowskatv.pl\/index.php?rest_route=\/wp\/v2\/posts"}],"about":[{"href":"https:\/\/ostrowskatv.pl\/index.php?rest_route=\/wp\/v2\/types\/post"}],"author":[{"embeddable":true,"href":"https:\/\/ostrowskatv.pl\/index.php?rest_route=\/wp\/v2\/users\/1"}],"replies":[{"embeddable":true,"href":"https:\/\/ostrowskatv.pl\/index.php?rest_route=%2Fwp%2Fv2%2Fcomments&post=24940"}],"version-history":[{"count":0,"href":"https:\/\/ostrowskatv.pl\/index.php?rest_route=\/wp\/v2\/posts\/24940\/revisions"}],"wp:featuredmedia":[{"embeddable":true,"href":"https:\/\/ostrowskatv.pl\/index.php?rest_route=\/wp\/v2\/media\/24945"}],"wp:attachment":[{"href":"https:\/\/ostrowskatv.pl\/index.php?rest_route=%2Fwp%2Fv2%2Fmedia&parent=24940"}],"wp:term":[{"taxonomy":"category","embeddable":true,"href":"https:\/\/ostrowskatv.pl\/index.php?rest_route=%2Fwp%2Fv2%2Fcategories&post=24940"},{"taxonomy":"post_tag","embeddable":true,"href":"https:\/\/ostrowskatv.pl\/index.php?rest_route=%2Fwp%2Fv2%2Ftags&post=24940"}],"curies":[{"name":"wp","href":"https:\/\/api.w.org\/{rel}","templated":true}]}}