{"id":24929,"date":"2023-06-15T18:38:32","date_gmt":"2023-06-15T17:38:32","guid":{"rendered":"https:\/\/ostrowskatv.pl\/?p=24929"},"modified":"2023-06-15T18:38:32","modified_gmt":"2023-06-15T17:38:32","slug":"autem-w-drzewo-lpr-em-do-szpitala","status":"publish","type":"post","link":"https:\/\/ostrowskatv.pl\/?p=24929","title":{"rendered":"Autem w drzewo. LPR-em do szpitala"},"content":{"rendered":"<p><strong>Przed godzin\u0105 19 dosz\u0142o do wypadku na drodze krajowej nr 11 pomi\u0119dzy miejscowo\u015bciami Szczury i G\u00f3rzno. Samoch\u00f3d osobowy uderzy\u0142 w drzewo. Jedna osoba trafi\u0142a do szpitala. <\/strong><\/p>\n<p>Kobieta jad\u0105c mercedesem z nieznanych przyczyn zjecha\u0142a z drogi i uderzy\u0142a w drzewo. Prawdopodobnie wcze\u015bniej dachowa\u0142a. <\/p>\n<p>64-letni\u0105 kobiet\u0105 zaopiekowa\u0142a si\u0119 za\u0142oga \u015bmig\u0142owca LPR przy wsp\u00f3\u0142udziale stra\u017cak\u00f3w. Poszkodowana by\u0142a przytomna. <\/p>\n<p>Ruch na drodze odbywa si\u0119 wahad\u0142owo. <\/p>\n<p><img loading=\"lazy\" decoding=\"async\" src=\"https:\/\/ostrowskatv.pl\/wp-content\/uploads\/2023\/06\/20230615_191712-01.jpeg\" alt=\"\" width=\"1366\" height=\"669\" class=\"alignnone size-full wp-image-24930\" srcset=\"https:\/\/ostrowskatv.pl\/wp-content\/uploads\/2023\/06\/20230615_191712-01.jpeg 1366w, https:\/\/ostrowskatv.pl\/wp-content\/uploads\/2023\/06\/20230615_191712-01-300x147.jpeg 300w, https:\/\/ostrowskatv.pl\/wp-content\/uploads\/2023\/06\/20230615_191712-01-1333x653.jpeg 1333w\" sizes=\"auto, (max-width: 1366px) 100vw, 1366px\" \/><\/p>\n<p><img loading=\"lazy\" decoding=\"async\" src=\"https:\/\/ostrowskatv.pl\/wp-content\/uploads\/2023\/06\/20230615_191719-01.jpeg\" alt=\"\" width=\"1366\" height=\"948\" class=\"alignnone size-full wp-image-24931\" srcset=\"https:\/\/ostrowskatv.pl\/wp-content\/uploads\/2023\/06\/20230615_191719-01.jpeg 1366w, https:\/\/ostrowskatv.pl\/wp-content\/uploads\/2023\/06\/20230615_191719-01-300x208.jpeg 300w, https:\/\/ostrowskatv.pl\/wp-content\/uploads\/2023\/06\/20230615_191719-01-1333x925.jpeg 1333w\" sizes=\"auto, (max-width: 1366px) 100vw, 1366px\" \/><\/p>\n<p><img loading=\"lazy\" decoding=\"async\" src=\"https:\/\/ostrowskatv.pl\/wp-content\/uploads\/2023\/06\/20230615_191723-01.jpeg\" alt=\"\" width=\"1366\" height=\"823\" class=\"alignnone size-full wp-image-24932\" srcset=\"https:\/\/ostrowskatv.pl\/wp-content\/uploads\/2023\/06\/20230615_191723-01.jpeg 1366w, https:\/\/ostrowskatv.pl\/wp-content\/uploads\/2023\/06\/20230615_191723-01-300x181.jpeg 300w, https:\/\/ostrowskatv.pl\/wp-content\/uploads\/2023\/06\/20230615_191723-01-1333x803.jpeg 1333w\" sizes=\"auto, (max-width: 1366px) 100vw, 1366px\" \/><\/p>\n<p><img loading=\"lazy\" decoding=\"async\" src=\"https:\/\/ostrowskatv.pl\/wp-content\/uploads\/2023\/06\/20230615_191754-01.jpeg\" alt=\"\" width=\"1366\" height=\"734\" class=\"alignnone size-full wp-image-24933\" srcset=\"https:\/\/ostrowskatv.pl\/wp-content\/uploads\/2023\/06\/20230615_191754-01.jpeg 1366w, https:\/\/ostrowskatv.pl\/wp-content\/uploads\/2023\/06\/20230615_191754-01-300x161.jpeg 300w, https:\/\/ostrowskatv.pl\/wp-content\/uploads\/2023\/06\/20230615_191754-01-1333x716.jpeg 1333w\" sizes=\"auto, (max-width: 1366px) 100vw, 1366px\" \/><\/p>\n<p><img loading=\"lazy\" decoding=\"async\" src=\"https:\/\/ostrowskatv.pl\/wp-content\/uploads\/2023\/06\/20230615_191758-01.jpeg\" alt=\"\" width=\"1366\" height=\"769\" class=\"alignnone size-full wp-image-24934\" srcset=\"https:\/\/ostrowskatv.pl\/wp-content\/uploads\/2023\/06\/20230615_191758-01.jpeg 1366w, https:\/\/ostrowskatv.pl\/wp-content\/uploads\/2023\/06\/20230615_191758-01-300x169.jpeg 300w, https:\/\/ostrowskatv.pl\/wp-content\/uploads\/2023\/06\/20230615_191758-01-1333x750.jpeg 1333w\" sizes=\"auto, (max-width: 1366px) 100vw, 1366px\" \/><\/p>\n<p><img loading=\"lazy\" decoding=\"async\" src=\"https:\/\/ostrowskatv.pl\/wp-content\/uploads\/2023\/06\/20230615_191833-01.jpeg\" alt=\"\" width=\"1366\" height=\"769\" class=\"alignnone size-full wp-image-24935\" srcset=\"https:\/\/ostrowskatv.pl\/wp-content\/uploads\/2023\/06\/20230615_191833-01.jpeg 1366w, https:\/\/ostrowskatv.pl\/wp-content\/uploads\/2023\/06\/20230615_191833-01-300x169.jpeg 300w, https:\/\/ostrowskatv.pl\/wp-content\/uploads\/2023\/06\/20230615_191833-01-1333x750.jpeg 1333w\" sizes=\"auto, (max-width: 1366px) 100vw, 1366px\" \/><\/p>\n<p><img loading=\"lazy\" decoding=\"async\" src=\"https:\/\/ostrowskatv.pl\/wp-content\/uploads\/2023\/06\/20230615_191908-01.jpeg\" alt=\"\" width=\"1366\" height=\"646\" class=\"alignnone size-full wp-image-24936\" srcset=\"https:\/\/ostrowskatv.pl\/wp-content\/uploads\/2023\/06\/20230615_191908-01.jpeg 1366w, https:\/\/ostrowskatv.pl\/wp-content\/uploads\/2023\/06\/20230615_191908-01-300x142.jpeg 300w, https:\/\/ostrowskatv.pl\/wp-content\/uploads\/2023\/06\/20230615_191908-01-1333x630.jpeg 1333w\" sizes=\"auto, (max-width: 1366px) 100vw, 1366px\" \/><\/p>\n<p><img loading=\"lazy\" decoding=\"async\" src=\"https:\/\/ostrowskatv.pl\/wp-content\/uploads\/2023\/06\/20230615_191910-01.jpeg\" alt=\"\" width=\"1366\" height=\"769\" class=\"alignnone size-full wp-image-24937\" srcset=\"https:\/\/ostrowskatv.pl\/wp-content\/uploads\/2023\/06\/20230615_191910-01.jpeg 1366w, https:\/\/ostrowskatv.pl\/wp-content\/uploads\/2023\/06\/20230615_191910-01-300x169.jpeg 300w, https:\/\/ostrowskatv.pl\/wp-content\/uploads\/2023\/06\/20230615_191910-01-1333x750.jpeg 1333w\" sizes=\"auto, (max-width: 1366px) 100vw, 1366px\" \/><\/p>\n","protected":false},"excerpt":{"rendered":"Przed godzin\u0105 19 dosz\u0142o do wypadku na drodze krajowej nr 11 pomi\u0119dzy miejscowo\u015bciami Szczury i G\u00f3rzno. Samoch\u00f3d osobowy uderzy\u0142 w drzewo. Jedna osoba \n<a class=\"moretag\" href=\"https:\/\/ostrowskatv.pl\/?p=24929\"> [...]<\/a>","protected":false},"author":1,"featured_media":24933,"comment_status":"open","ping_status":"closed","sticky":false,"template":"","format":"standard","meta":{"footnotes":""},"categories":[1],"tags":[11],"class_list":["post-24929","post","type-post","status-publish","format-standard","has-post-thumbnail","hentry","category-news","tag-wypadek"],"_links":{"self":[{"href":"https:\/\/ostrowskatv.pl\/index.php?rest_route=\/wp\/v2\/posts\/24929","targetHints":{"allow":["GET"]}}],"collection":[{"href":"https:\/\/ostrowskatv.pl\/index.php?rest_route=\/wp\/v2\/posts"}],"about":[{"href":"https:\/\/ostrowskatv.pl\/index.php?rest_route=\/wp\/v2\/types\/post"}],"author":[{"embeddable":true,"href":"https:\/\/ostrowskatv.pl\/index.php?rest_route=\/wp\/v2\/users\/1"}],"replies":[{"embeddable":true,"href":"https:\/\/ostrowskatv.pl\/index.php?rest_route=%2Fwp%2Fv2%2Fcomments&post=24929"}],"version-history":[{"count":0,"href":"https:\/\/ostrowskatv.pl\/index.php?rest_route=\/wp\/v2\/posts\/24929\/revisions"}],"wp:featuredmedia":[{"embeddable":true,"href":"https:\/\/ostrowskatv.pl\/index.php?rest_route=\/wp\/v2\/media\/24933"}],"wp:attachment":[{"href":"https:\/\/ostrowskatv.pl\/index.php?rest_route=%2Fwp%2Fv2%2Fmedia&parent=24929"}],"wp:term":[{"taxonomy":"category","embeddable":true,"href":"https:\/\/ostrowskatv.pl\/index.php?rest_route=%2Fwp%2Fv2%2Fcategories&post=24929"},{"taxonomy":"post_tag","embeddable":true,"href":"https:\/\/ostrowskatv.pl\/index.php?rest_route=%2Fwp%2Fv2%2Ftags&post=24929"}],"curies":[{"name":"wp","href":"https:\/\/api.w.org\/{rel}","templated":true}]}}