{"id":24913,"date":"2023-06-14T20:49:59","date_gmt":"2023-06-14T19:49:59","guid":{"rendered":"https:\/\/ostrowskatv.pl\/?p=24913"},"modified":"2023-06-14T20:49:59","modified_gmt":"2023-06-14T19:49:59","slug":"tir-wjechal-w-osobowke-w-czekanowie-zdjecia","status":"publish","type":"post","link":"https:\/\/ostrowskatv.pl\/?p=24913","title":{"rendered":"TIR wjecha\u0142 w osob\u00f3wk\u0119 w Czekanowie (ZDJ\u0118CIA)"},"content":{"rendered":"<p><strong>Oko\u0142o godziny 20 na drodze krajowej nr 25 (Ostr\u00f3w Wlkp. &#8211; Kalisz) dosz\u0142o do zderzenia samochodu ci\u0119\u017carowego z osobowym. Jedn\u0105 osob\u0119 przewieziono do szpitala. <\/strong><\/p>\n<p>Kierowca samochodu ci\u0119\u017carowego nale\u017c\u0105cego do jednej z du\u017cych firm logistycznych nie zachowa\u0142 ostro\u017cno\u015bci i wjecha\u0142 w ty\u0142 mercedesa. Samoch\u00f3d powiadomi\u0142 s\u0142u\u017cby ratunkowe, w tym stra\u017c po\u017carn\u0105. <\/p>\n<p>Po doje\u017adzie okaza\u0142o si\u0119, \u017ce oba auta s\u0105 nieznacznie uszkodzone. Kieruj\u0105ca mercedesem zacz\u0119\u0142a uskar\u017ca\u0107 si\u0119 na b\u00f3l szyi, dlatego przewieziono j\u0105 do ostrowskiego szpitala. <\/p>\n<p>Powodem kolejnego zdarzenia w tym miejscu by\u0142 tworz\u0105cy si\u0119 zator przed sygnalizacj\u0105 \u015bwietln\u0105, kt\u00f3ra mia\u0142a poprawi\u0107 bezpiecze\u0144stwo w Czekanowie. <\/p>\n<p><img loading=\"lazy\" decoding=\"async\" src=\"https:\/\/ostrowskatv.pl\/wp-content\/uploads\/2023\/06\/20230614_201811-01.jpeg\" alt=\"\" width=\"1366\" height=\"769\" class=\"alignnone size-full wp-image-24914\" srcset=\"https:\/\/ostrowskatv.pl\/wp-content\/uploads\/2023\/06\/20230614_201811-01.jpeg 1366w, https:\/\/ostrowskatv.pl\/wp-content\/uploads\/2023\/06\/20230614_201811-01-300x169.jpeg 300w, https:\/\/ostrowskatv.pl\/wp-content\/uploads\/2023\/06\/20230614_201811-01-1333x750.jpeg 1333w\" sizes=\"auto, (max-width: 1366px) 100vw, 1366px\" \/><\/p>\n<p><img loading=\"lazy\" decoding=\"async\" src=\"https:\/\/ostrowskatv.pl\/wp-content\/uploads\/2023\/06\/20230614_201802-01.jpeg\" alt=\"\" width=\"1366\" height=\"651\" class=\"alignnone size-full wp-image-24915\" srcset=\"https:\/\/ostrowskatv.pl\/wp-content\/uploads\/2023\/06\/20230614_201802-01.jpeg 1366w, https:\/\/ostrowskatv.pl\/wp-content\/uploads\/2023\/06\/20230614_201802-01-300x143.jpeg 300w, https:\/\/ostrowskatv.pl\/wp-content\/uploads\/2023\/06\/20230614_201802-01-1333x635.jpeg 1333w\" sizes=\"auto, (max-width: 1366px) 100vw, 1366px\" \/><\/p>\n<p><img loading=\"lazy\" decoding=\"async\" src=\"https:\/\/ostrowskatv.pl\/wp-content\/uploads\/2023\/06\/20230614_201651-01.jpeg\" alt=\"\" width=\"1366\" height=\"769\" class=\"alignnone size-full wp-image-24916\" srcset=\"https:\/\/ostrowskatv.pl\/wp-content\/uploads\/2023\/06\/20230614_201651-01.jpeg 1366w, https:\/\/ostrowskatv.pl\/wp-content\/uploads\/2023\/06\/20230614_201651-01-300x169.jpeg 300w, https:\/\/ostrowskatv.pl\/wp-content\/uploads\/2023\/06\/20230614_201651-01-1333x750.jpeg 1333w\" sizes=\"auto, (max-width: 1366px) 100vw, 1366px\" \/><\/p>\n<p><img loading=\"lazy\" decoding=\"async\" src=\"https:\/\/ostrowskatv.pl\/wp-content\/uploads\/2023\/06\/20230614_201609-01.jpeg\" alt=\"\" width=\"1366\" height=\"769\" class=\"alignnone size-full wp-image-24917\" srcset=\"https:\/\/ostrowskatv.pl\/wp-content\/uploads\/2023\/06\/20230614_201609-01.jpeg 1366w, https:\/\/ostrowskatv.pl\/wp-content\/uploads\/2023\/06\/20230614_201609-01-300x169.jpeg 300w, https:\/\/ostrowskatv.pl\/wp-content\/uploads\/2023\/06\/20230614_201609-01-1333x750.jpeg 1333w\" sizes=\"auto, (max-width: 1366px) 100vw, 1366px\" \/><\/p>\n<p><img loading=\"lazy\" decoding=\"async\" src=\"https:\/\/ostrowskatv.pl\/wp-content\/uploads\/2023\/06\/20230614_201556-01.jpeg\" alt=\"\" width=\"1366\" height=\"856\" class=\"alignnone size-full wp-image-24918\" srcset=\"https:\/\/ostrowskatv.pl\/wp-content\/uploads\/2023\/06\/20230614_201556-01.jpeg 1366w, https:\/\/ostrowskatv.pl\/wp-content\/uploads\/2023\/06\/20230614_201556-01-300x188.jpeg 300w, https:\/\/ostrowskatv.pl\/wp-content\/uploads\/2023\/06\/20230614_201556-01-1333x835.jpeg 1333w\" sizes=\"auto, (max-width: 1366px) 100vw, 1366px\" \/><\/p>\n","protected":false},"excerpt":{"rendered":"Oko\u0142o godziny 20 na drodze krajowej nr 25 (Ostr\u00f3w Wlkp. &#8211; Kalisz) dosz\u0142o do zderzenia samochodu ci\u0119\u017carowego z osobowym. Jedn\u0105 osob\u0119 przewieziono do \n<a class=\"moretag\" href=\"https:\/\/ostrowskatv.pl\/?p=24913\"> [...]<\/a>","protected":false},"author":1,"featured_media":24914,"comment_status":"open","ping_status":"closed","sticky":false,"template":"","format":"standard","meta":{"footnotes":""},"categories":[1],"tags":[],"class_list":["post-24913","post","type-post","status-publish","format-standard","has-post-thumbnail","hentry","category-news"],"_links":{"self":[{"href":"https:\/\/ostrowskatv.pl\/index.php?rest_route=\/wp\/v2\/posts\/24913","targetHints":{"allow":["GET"]}}],"collection":[{"href":"https:\/\/ostrowskatv.pl\/index.php?rest_route=\/wp\/v2\/posts"}],"about":[{"href":"https:\/\/ostrowskatv.pl\/index.php?rest_route=\/wp\/v2\/types\/post"}],"author":[{"embeddable":true,"href":"https:\/\/ostrowskatv.pl\/index.php?rest_route=\/wp\/v2\/users\/1"}],"replies":[{"embeddable":true,"href":"https:\/\/ostrowskatv.pl\/index.php?rest_route=%2Fwp%2Fv2%2Fcomments&post=24913"}],"version-history":[{"count":0,"href":"https:\/\/ostrowskatv.pl\/index.php?rest_route=\/wp\/v2\/posts\/24913\/revisions"}],"wp:featuredmedia":[{"embeddable":true,"href":"https:\/\/ostrowskatv.pl\/index.php?rest_route=\/wp\/v2\/media\/24914"}],"wp:attachment":[{"href":"https:\/\/ostrowskatv.pl\/index.php?rest_route=%2Fwp%2Fv2%2Fmedia&parent=24913"}],"wp:term":[{"taxonomy":"category","embeddable":true,"href":"https:\/\/ostrowskatv.pl\/index.php?rest_route=%2Fwp%2Fv2%2Fcategories&post=24913"},{"taxonomy":"post_tag","embeddable":true,"href":"https:\/\/ostrowskatv.pl\/index.php?rest_route=%2Fwp%2Fv2%2Ftags&post=24913"}],"curies":[{"name":"wp","href":"https:\/\/api.w.org\/{rel}","templated":true}]}}