{"id":24901,"date":"2023-06-11T09:00:38","date_gmt":"2023-06-11T08:00:38","guid":{"rendered":"https:\/\/ostrowskatv.pl\/?p=24901"},"modified":"2023-06-11T09:00:38","modified_gmt":"2023-06-11T08:00:38","slug":"9-godzinna-akcja-pozar-lasu","status":"publish","type":"post","link":"https:\/\/ostrowskatv.pl\/?p=24901","title":{"rendered":"9 godzinna akcja &#8211; po\u017car lasu"},"content":{"rendered":"<p><strong>W sobotni wiecz\u00f3r stra\u017cacy z powiatu ostrowskiego zostali zadysponowani do po\u017caru lasu. Ten mia\u0142 si\u0119 pojawi\u0107 w lesie ko\u0142o Granowca. Na pocz\u0105tku by\u0142 problem ze zlokalizowaniem miejsca po\u017caru, poniewa\u017c to znajdowa\u0142o si\u0119 w \u015brodku lasu.<\/strong><\/p>\n<p>Kiedy uda\u0142o si\u0119 namierzy\u0107 ogie\u0144, okaza\u0142o si\u0119 \u017ce p\u0142onie poszycie le\u015bne o powierzchni 0.35 hektara czyli powierzchnia o bokach oko\u0142o 35&#215;35 metr\u00f3w.<\/p>\n<p>Akcj\u0119 utrudnia\u0142 fakt, \u017ce by\u0142 to teren o charakterze torfowiskowym i cz\u0119sto ogie\u0144 wchodzi w g\u0142\u0105b. Akcja stra\u017cak\u00f3w zako\u0144czy\u0142o si\u0119 o godzinie 5:30 rano.<\/p>\n<p>Jako przyczyn\u0119 powstania po\u017caru podaje si\u0119 zapr\u00f3szenie ognia przez nieustalon\u0105 osob\u0119.<\/p>\n","protected":false},"excerpt":{"rendered":"W sobotni wiecz\u00f3r stra\u017cacy z powiatu ostrowskiego zostali zadysponowani do po\u017caru lasu. Ten mia\u0142 si\u0119 pojawi\u0107 w lesie ko\u0142o Granowca. Na pocz\u0105tku by\u0142 \n<a class=\"moretag\" href=\"https:\/\/ostrowskatv.pl\/?p=24901\"> [...]<\/a>","protected":false},"author":1,"featured_media":24902,"comment_status":"open","ping_status":"closed","sticky":false,"template":"","format":"standard","meta":{"footnotes":""},"categories":[1],"tags":[7],"class_list":["post-24901","post","type-post","status-publish","format-standard","has-post-thumbnail","hentry","category-news","tag-pozar"],"_links":{"self":[{"href":"https:\/\/ostrowskatv.pl\/index.php?rest_route=\/wp\/v2\/posts\/24901","targetHints":{"allow":["GET"]}}],"collection":[{"href":"https:\/\/ostrowskatv.pl\/index.php?rest_route=\/wp\/v2\/posts"}],"about":[{"href":"https:\/\/ostrowskatv.pl\/index.php?rest_route=\/wp\/v2\/types\/post"}],"author":[{"embeddable":true,"href":"https:\/\/ostrowskatv.pl\/index.php?rest_route=\/wp\/v2\/users\/1"}],"replies":[{"embeddable":true,"href":"https:\/\/ostrowskatv.pl\/index.php?rest_route=%2Fwp%2Fv2%2Fcomments&post=24901"}],"version-history":[{"count":0,"href":"https:\/\/ostrowskatv.pl\/index.php?rest_route=\/wp\/v2\/posts\/24901\/revisions"}],"wp:featuredmedia":[{"embeddable":true,"href":"https:\/\/ostrowskatv.pl\/index.php?rest_route=\/wp\/v2\/media\/24902"}],"wp:attachment":[{"href":"https:\/\/ostrowskatv.pl\/index.php?rest_route=%2Fwp%2Fv2%2Fmedia&parent=24901"}],"wp:term":[{"taxonomy":"category","embeddable":true,"href":"https:\/\/ostrowskatv.pl\/index.php?rest_route=%2Fwp%2Fv2%2Fcategories&post=24901"},{"taxonomy":"post_tag","embeddable":true,"href":"https:\/\/ostrowskatv.pl\/index.php?rest_route=%2Fwp%2Fv2%2Ftags&post=24901"}],"curies":[{"name":"wp","href":"https:\/\/api.w.org\/{rel}","templated":true}]}}